{"id":1668,"date":"2024-02-10T08:00:00","date_gmt":"2024-02-10T06:00:00","guid":{"rendered":"https:\/\/www.kinanen.fi\/kurssikeskus\/?p=1668"},"modified":"2024-02-10T21:20:51","modified_gmt":"2024-02-10T19:20:51","slug":"ystavanpaiva","status":"publish","type":"post","link":"https:\/\/www.kinanen.fi\/kurssikeskus\/ystavanpaiva\/","title":{"rendered":"Yst\u00e4v\u00e4np\u00e4iv\u00e4"},"content":{"rendered":"\n<p>Pian vietet\u00e4\u00e4n yst\u00e4v\u00e4np\u00e4iv\u00e4\u00e4. Yst\u00e4vi\u00e4 on muistettu herkuilla, korteilla ja kaikkein l\u00e4heisimpi\u00e4 jollakin aivan erityisell\u00e4 rakkauden viestill\u00e4. Yst\u00e4v\u00e4np\u00e4iv\u00e4 on oikein mukava asia, vaikka kyll\u00e4 sit\u00e4 yst\u00e4v\u00e4\u00e4 saa mielest\u00e4ni huomata ja arvostaa ihan joka ikinen p\u00e4iv\u00e4.<\/p>\n\n\n\n<p>T\u00e4ll\u00e4 viikolla mietin hieman yst\u00e4v\u00e4np\u00e4iv\u00e4n historiallista taustaa kuin my\u00f6s sen viesti\u00e4 yst\u00e4vyydest\u00e4 ja sen merkityksest\u00e4. Aloitetaan niist\u00e4 muinaisista roomalaisista \ud83d\ude00<\/p>\n\n\n\n<p>Antiikinaikaan n\u00e4ihin aikoihin vuodesta vietettiin Lupercalian p\u00e4iv\u00e4\u00e4. Lupercalia oli muinainen pakanallinen juhla, jota vietettiin vuosittain Roomassa. Vaikka yst\u00e4v\u00e4np\u00e4iv\u00e4 on nimetty marttyyrikuoleman kokeneen kristityn pyhimyksen Valentinuksen kanssa, jotkut historioitsijat uskovat, ett\u00e4 p\u00e4iv\u00e4 on alkujaan Lupercalian j\u00e4lkel\u00e4inen.<\/p>\n\n\n\n<p>Toisin kuin yst\u00e4v\u00e4np\u00e4iv\u00e4, Lupercalia on verinen, v\u00e4kivaltainen ja seksuaalisesti ladattu juhla, joka oli t\u00e4ynn\u00e4 el\u00e4inuhreja ja nykyk\u00e4sityksen mukaan hyvin riettaita ja vapaamuotoisia menoja.<\/p>\n\n\n\n<h2 class=\"wp-block-heading\" id=\"h-jo-muinaiset-roomalaiset\">Jo muinaiset roomalaiset<\/h2>\n\n\n\n<p>Lupercalian tarkkaa alkuper\u00e4\u00e4 ei tiedet\u00e4, mutta se on voitu j\u00e4ljitt\u00e4\u00e4 aikaan noin 500 eKr.<\/p>\n\n\n\n<p>Roomalaisen legendan mukaan kuningas Amulius k\u00e4ski hukuttaa vastasyntyneet veljekset, Romuluksen ja Remuksen Tiberjokeen kostoksi heid\u00e4n \u00e4itins\u00e4 rikkomasta selibaattilupauksesta.<\/p>\n\n\n\n<p>Kuninkaan palvelija kuitenkin s\u00e4\u00e4li lapsia ja laittoi kaksospojat koriin, jonka laski jokeen. Joki kuljetti korin ja veljekset alajuoksulle, jossa se pys\u00e4htyi lopulta rannan viikunapuun oksiin. Naarassusi l\u00f6ysi korin hoivasi poikia. Susi hoiti lapsia kotiluolassaan Palatinuskukkulan juurella, johon Rooman kaupunki my\u00f6hemmin perustettiin<\/p>\n\n\n\n<p>Paikallinen paimen ja h\u00e4nen vaimonsa adoptoivat kaksoset my\u00f6hemmin ja he oppivat is\u00e4ns\u00e4 ammatin. Aikuisina he surmasivat Amuliuksen, joka oli m\u00e4\u00e4r\u00e4nnyt heid\u00e4n kuolemansa. Pojat l\u00f6ysiv\u00e4t my\u00f6s heit\u00e4 hoitaneen naarassuden luolan ja antoivat sille nimen Lupercal.<\/p>\n\n\n\n<p>Lupercalia juhlan uskotaan olleen naarassuden kunnioittamiseksi ja roomalaisen hedelm\u00e4llisyyden jumalan Lupercuksen miellytt\u00e4miseksi vietetty p\u00e4iv\u00e4.<\/p>\n\n\n\n<figure class=\"wp-block-image aligncenter size-full\"><img fetchpriority=\"high\" decoding=\"async\" width=\"499\" height=\"495\" src=\"https:\/\/www.kinanen.fi\/kurssikeskus\/wp-content\/uploads\/Romolo_e_remo.jpg\" alt=\"\" class=\"wp-image-1669\" srcset=\"https:\/\/www.kinanen.fi\/kurssikeskus\/wp-content\/uploads\/Romolo_e_remo.jpg 499w, https:\/\/www.kinanen.fi\/kurssikeskus\/wp-content\/uploads\/Romolo_e_remo-300x298.jpg 300w, https:\/\/www.kinanen.fi\/kurssikeskus\/wp-content\/uploads\/Romolo_e_remo-150x150.jpg 150w\" sizes=\"(max-width: 499px) 100vw, 499px\" \/><figcaption class=\"wp-element-caption\"><a href=\"https:\/\/fi.wikipedia.org\/wiki\/Romulus_ja_Remus\" target=\"_blank\" rel=\"noreferrer noopener\">Romulus ja Remus yhdess\u00e4 heit\u00e4 ruokkineen suden ja heid\u00e4t adoptoineen paimenen (oik.) kanssa<\/a><\/figcaption><\/figure>\n\n\n\n<h2 class=\"wp-block-heading\" id=\"h-tarinasta-syntyi-juhla\">Tarinasta syntyi juhla<\/h2>\n\n\n\n<p>Roomalaiset viettiv\u00e4t helmikuun 14. p\u00e4iv\u00e4n\u00e4 \u00e4itiyden ja avioliiton suojelijan Junon p\u00e4iv\u00e4\u00e4 hurjin menoin uhraten vuohia ja koiria kolmip\u00e4iv\u00e4isen Lupercalia-juhlan yhteydess\u00e4.<\/p>\n\n\n\n<p>T\u00e4ss\u00e4 pakanallisessa juhlassa alastomat susiksi pukeutuneet miehet juoksivat ymp\u00e4ri kaupunkia ja piiskasivat ihmisi\u00e4 vuohennahkaisilla remmeill\u00e4.<\/p>\n\n\n\n<p>Kirkko yritti kitke\u00e4 juhlaa, mutta ei onnistunut. Kansa halusi pit\u00e4\u00e4 kiinni juhlastaan. Niinp\u00e4 kirkko pyrki vaikuttamaan juhlan sis\u00e4lt\u00f6\u00f6n.<\/p>\n\n\n\n<p>Vaan kuka on Valentinus, joka yhdistet\u00e4\u00e4n yst\u00e4v\u00e4np\u00e4iv\u00e4\u00e4n. Tarkkaa tietoa ei siit\u00e4k\u00e4\u00e4n ole olemassa, sill\u00e4 historioitsijat ovat l\u00f6yt\u00e4neet useampia Valentinuksia samalta aikakaudelta, jotka sopisivat olemaan yst\u00e4v\u00e4np\u00e4iv\u00e4n taustalla.<\/p>\n\n\n\n<p>Yleisin ajatus kuitenkin on, ett\u00e4 kyse on roomalaisesta piispa&nbsp;Valentinuksesta. H\u00e4n lienee el\u00e4nyt 200-luvulla ja koki marttyyrikuoleman.<\/p>\n\n\n\n<p>Vankeusaikanaan piispa Valentinus rakastui vanginvartijan tytt\u00e4reen, jolle l\u00e4hett\u00e4m\u00e4ns\u00e4 viimeisen kirjeens\u00e4 h\u00e4n allekirjoitti sanoin: Sinun Valentinesi. T\u00e4t\u00e4 allekirjoitusta k\u00e4ytet\u00e4\u00e4n yh\u00e4 monissa maissa, kun halutaan l\u00e4hett\u00e4\u00e4 Valentinen p\u00e4iv\u00e4n kortti \u201dsalaiselta ihailijalta\u201d. Valentinus mestattiin 14. helmikuuta vuonna 269.<\/p>\n\n\n\n<p>Elinaikanaan Valentinus suhtautui avioliittoon toisin kuin keisari&nbsp;Claudius, joka ei katsonut hyv\u00e4ll\u00e4 sotilaiden avioitumista. Keisarin mielest\u00e4 aviomiehet olivat siten huonompia taistelijoita, koska he ajattelivat perhett\u00e4\u00e4n ja puolisoitaan enemm\u00e4n kuin sotavoittoja. Niinp\u00e4 sotilaiden oli ment\u00e4v\u00e4 salaa naimisiin. Piispa Valentinuksen kerrotaan auttaneen ja rohkaisseen heit\u00e4 vihille. T\u00e4m\u00e4 maksoi lopulta piispalle h\u00e4nen henkens\u00e4.<\/p>\n\n\n\n<p>Tarinoiden mukaan sotilaiden kiitolliset vaimot veiv\u00e4t lahjoja piispa Valentinukselle, kun t\u00e4m\u00e4 joutui vankilaan. Yst\u00e4v\u00e4np\u00e4iv\u00e4n lahjaperinteen uskotaan saaneen alkunsa t\u00e4st\u00e4 tapahtumasta.<\/p>\n\n\n\n<p>Helmikuussa monet linnut aloittavat pesint\u00e4kauttaan ja etsiv\u00e4t puolisoita. Taiteen kautta voidaan l\u00f6yt\u00e4\u00e4 my\u00f6s monia teoksia, joissa Valentinus on kuvattu lintujen kanssa. Romanttinen kuva ajankohdasta lienee vahvistunut taiteen ja lintujen kosintamenojen kautta.<\/p>\n\n\n\n<h2 class=\"wp-block-heading\" id=\"h-ystavanpaivan-viettaminen\">Yst\u00e4v\u00e4np\u00e4iv\u00e4n viett\u00e4minen<\/h2>\n\n\n\n<p>Nykymuotoisen yst\u00e4v\u00e4np\u00e4iv\u00e4np\u00e4iv\u00e4n juuret ja tapakulttuuri ovat l\u00e4ht\u00f6isin Englannissa. Kuningas Henrik VIII julisti helmikuun 14. p\u00e4iv\u00e4n kuninkaan kirjeell\u00e4 viralliseksi juhlap\u00e4iv\u00e4ksi jo vuonna 1537. Monet Valentinuksen p\u00e4iv\u00e4\u00e4n liittyv\u00e4t tavat ja uskomukset ovatkin kotoisin Englannista.<\/p>\n\n\n\n<p>Kaupalliseksi juhlaksi yst\u00e4v\u00e4np\u00e4iv\u00e4 aloitti tiens\u00e4 luonnollisesti Yhdysvalloista. Siirtolaisten mukana 1800-luvun alussa Valentinuksen perinne siirtyi Atlantin yli Yhdysvaltoihin ja siit\u00e4 kasvoi nopeasti kansanjuhla kortteineen ja lahjoineen.<\/p>\n\n\n\n<p>Pieni artikkeli siit\u00e4 miten yst\u00e4v\u00e4np\u00e4iv\u00e4\u00e4 vietet\u00e4\u00e4n maailmalla \ud83d\ude42 <a href=\"https:\/\/www.iltalehti.fi\/matkajutut\/a\/201702132200070142\" target=\"_blank\" rel=\"noreferrer noopener\">T\u00c4SS\u00c4<\/a><\/p>\n\n\n\n<h2 class=\"wp-block-heading\" id=\"h-ystavanpaiva-suomessa\">Yst\u00e4v\u00e4np\u00e4iv\u00e4 Suomessa<\/h2>\n\n\n\n<p>Suomessa yst\u00e4v\u00e4np\u00e4iv\u00e4 ei ole mik\u00e4\u00e4n kovin vanha juhla tai p\u00e4iv\u00e4. Se rantautui Suomeen vasta 1980-luvulla. Kansainv\u00e4lisest\u00e4 Valentinuksen p\u00e4iv\u00e4st\u00e4 poiketen suomalainen yst\u00e4v\u00e4np\u00e4iv\u00e4 on yst\u00e4vien muistamisen p\u00e4iv\u00e4 enemm\u00e4nkin kuin rakastavaisten juhlap\u00e4iv\u00e4. Ollaan varmaan edelleen pid\u00e4ttyv\u00e4isempi\u00e4 kuin jonkun muun alueen tyypillisimm\u00e4t persoonallisuudet \ud83d\ude00<\/p>\n\n\n\n<p>Yst\u00e4v\u00e4np\u00e4iv\u00e4 rantautui Suomeen alkujaan Tampereen syd\u00e4nyhdistyksen kautta 1979. Syd\u00e4nyhdistys keksi silloin yhdist\u00e4\u00e4 omaan viestint\u00e4\u00e4ns\u00e4 kansainv\u00e4lisen\u00e4 yst\u00e4v\u00e4np\u00e4iv\u00e4n tunnuksena k\u00e4ytetyn punaisen syd\u00e4men. Kun Suomen Punainen Risti viel\u00e4 painatti samoihin aikoihin ensimm\u00e4iset yst\u00e4v\u00e4np\u00e4iv\u00e4kortit Suomessa, niin p\u00e4iv\u00e4n juhliminen sai muotoja my\u00f6s Suomessa.<\/p>\n\n\n\n<p>Kalentereissa yst\u00e4v\u00e4np\u00e4iv\u00e4 on ollut virallisesti vuodesta 1996.<\/p>\n\n\n\n<p>Yst\u00e4v\u00e4np\u00e4iv\u00e4\u00e4 pidet\u00e4\u00e4n yh\u00e4 yhten\u00e4 vuoden t\u00e4rkeimmist\u00e4 ja romanttisimmista p\u00e4ivist\u00e4. Yst\u00e4v\u00e4np\u00e4iv\u00e4n tervehdyksi\u00e4 l\u00e4hetet\u00e4\u00e4n l\u00e4hes samalla innolla kuin joulutervehdyksi\u00e4. &nbsp;<\/p>\n\n\n\n<p>Yst\u00e4v\u00e4np\u00e4iv\u00e4ss\u00e4 piilee pieni uskomus: Yst\u00e4v\u00e4np\u00e4iv\u00e4n\u00e4 omenan halkaiseminen ja sen siementen lukum\u00e4\u00e4r\u00e4n laskeminen todistaa sen, kuinka monta lasta saa.<\/p>\n\n\n\n<p>Minulla se mahdollisuus on jo taaksej\u00e4\u00e4nyt, mutta suosittelen sopivasti hedelm\u00e4llisyysi\u00e4ss\u00e4 oleville tutkailemaan ennustusta tarkemmin.<\/p>\n\n\n\n<figure class=\"wp-block-image aligncenter size-full is-resized\"><img decoding=\"async\" width=\"427\" height=\"640\" src=\"http:\/\/www.kinanen.fi\/kurssikeskus\/wp-content\/uploads\/sydan.jpg\" alt=\"Yst\u00e4v\u00e4np\u00e4iv\u00e4\" class=\"wp-image-1670\" style=\"width:354px;height:auto\" srcset=\"https:\/\/www.kinanen.fi\/kurssikeskus\/wp-content\/uploads\/sydan.jpg 427w, https:\/\/www.kinanen.fi\/kurssikeskus\/wp-content\/uploads\/sydan-200x300.jpg 200w\" sizes=\"(max-width: 427px) 100vw, 427px\" \/><figcaption class=\"wp-element-caption\">Yst\u00e4v\u00e4np\u00e4iv\u00e4<\/figcaption><\/figure>\n\n\n\n<h2 class=\"wp-block-heading\" id=\"h-aihetta-sivuavaa-aikaisemmin\">Aihetta sivuavaa aikaisemmin<\/h2>\n\n\n\n<p><a href=\"https:\/\/www.instagram.com\/reel\/C3LEk3HKqrY\/\" target=\"_blank\" rel=\"noreferrer noopener\">T\u00e4\u00e4ll\u00e4 hauska yst\u00e4v\u00e4np\u00e4iv\u00e4n askartelu<\/a><\/p>\n\n\n\n<p><a href=\"https:\/\/www.kinanen.fi\/kurssikeskus\/oletko-yksinainen-vai-oletko-yksin\/\" target=\"_blank\" rel=\"noreferrer noopener\">Oletko yksin\u00e4inen vai yksin<\/a><\/p>\n\n\n\n<h2 class=\"wp-block-heading\" id=\"h-miten-sina-vietat-ystavanpaivaa\">Miten sin\u00e4 viet\u00e4t yst\u00e4v\u00e4np\u00e4iv\u00e4\u00e4<\/h2>\n\n\n\n<p>Viet\u00e4tk\u00f6 yst\u00e4v\u00e4np\u00e4iv\u00e4\u00e4? Miten muistat tai huomioit rakkaat l\u00e4heiset silloin? Millaisen yst\u00e4v\u00e4np\u00e4iv\u00e4tervehdyksen olet saanut, joka on erityisesti j\u00e4\u00e4nyt mieleen?<\/p>\n\n\n\n<h1 class=\"wp-block-heading has-vivid-red-color has-text-color has-link-color wp-elements-eada52edbd80328b76d106cebd5ca6f5\" id=\"h-hyvaa-ystavanpaivaa-sinulle-lukijani\">Hyv\u00e4\u00e4 Yst\u00e4v\u00e4np\u00e4iv\u00e4\u00e4 Sinulle lukijani!<\/h1>\n\n\n\n<p><\/p>\n","protected":false},"excerpt":{"rendered":"<p>Pian vietet\u00e4\u00e4n yst\u00e4v\u00e4np\u00e4iv\u00e4\u00e4. J\u00e4in miettim\u00e4\u00e4n hieman yst\u00e4v\u00e4np\u00e4iv\u00e4n historiallista taustaa. Aloitetaan muinaisista roomalaista \ud83d\ude00<\/p>\n","protected":false},"author":3,"featured_media":1670,"comment_status":"open","ping_status":"open","sticky":false,"template":"","format":"standard","meta":{"footnotes":""},"categories":[50],"tags":[130],"class_list":["post-1668","post","type-post","status-publish","format-standard","has-post-thumbnail","hentry","category-blogi","tag-ystavanpaiva"],"yoast_head":"<!-- This site is optimized with the Yoast SEO plugin v27.5 - https:\/\/yoast.com\/product\/yoast-seo-wordpress\/ -->\n<title>Yst\u00e4v\u00e4np\u00e4iv\u00e4 - Kurssikeskus Kinanen<\/title>\n<meta name=\"description\" content=\"Pian vietet\u00e4\u00e4n yst\u00e4v\u00e4np\u00e4iv\u00e4\u00e4. J\u00e4in miettim\u00e4\u00e4n hieman yst\u00e4v\u00e4np\u00e4iv\u00e4n historiallista taustaa. Aloitetaan muinaisista roomalaista :D\" \/>\n<meta name=\"robots\" content=\"index, follow, max-snippet:-1, max-image-preview:large, max-video-preview:-1\" \/>\n<link rel=\"canonical\" href=\"https:\/\/www.kinanen.fi\/kurssikeskus\/ystavanpaiva\/\" \/>\n<meta property=\"og:locale\" content=\"fi_FI\" \/>\n<meta property=\"og:type\" content=\"article\" \/>\n<meta property=\"og:title\" content=\"Yst\u00e4v\u00e4np\u00e4iv\u00e4 - Kurssikeskus Kinanen\" \/>\n<meta property=\"og:description\" content=\"Pian vietet\u00e4\u00e4n yst\u00e4v\u00e4np\u00e4iv\u00e4\u00e4. J\u00e4in miettim\u00e4\u00e4n hieman yst\u00e4v\u00e4np\u00e4iv\u00e4n historiallista taustaa. Aloitetaan muinaisista roomalaista :D\" \/>\n<meta property=\"og:url\" content=\"https:\/\/www.kinanen.fi\/kurssikeskus\/ystavanpaiva\/\" \/>\n<meta property=\"og:site_name\" content=\"Kurssikeskus Kinanen\" \/>\n<meta property=\"article:publisher\" content=\"https:\/\/www.facebook.com\/mkinanen\" \/>\n<meta property=\"article:author\" content=\"https:\/\/www.facebook.com\/mkinanen\" \/>\n<meta property=\"article:published_time\" content=\"2024-02-10T06:00:00+00:00\" \/>\n<meta property=\"article:modified_time\" content=\"2024-02-10T19:20:51+00:00\" \/>\n<meta property=\"og:image\" content=\"https:\/\/www.kinanen.fi\/kurssikeskus\/wp-content\/uploads\/sydan.jpg\" \/>\n\t<meta property=\"og:image:width\" content=\"427\" \/>\n\t<meta property=\"og:image:height\" content=\"640\" \/>\n\t<meta property=\"og:image:type\" content=\"image\/jpeg\" \/>\n<meta name=\"author\" content=\"Mare\" \/>\n<meta name=\"twitter:card\" content=\"summary_large_image\" \/>\n<meta name=\"twitter:label1\" content=\"Kirjoittanut\" \/>\n\t<meta name=\"twitter:data1\" content=\"Mare\" \/>\n\t<meta name=\"twitter:label2\" content=\"Arvioitu lukuaika\" \/>\n\t<meta name=\"twitter:data2\" content=\"6 minuuttia\" \/>\n<script type=\"application\/ld+json\" class=\"yoast-schema-graph\">{\"@context\":\"https:\\\/\\\/schema.org\",\"@graph\":[{\"@type\":\"Article\",\"@id\":\"https:\\\/\\\/www.kinanen.fi\\\/kurssikeskus\\\/ystavanpaiva\\\/#article\",\"isPartOf\":{\"@id\":\"https:\\\/\\\/www.kinanen.fi\\\/kurssikeskus\\\/ystavanpaiva\\\/\"},\"author\":{\"name\":\"Mare\",\"@id\":\"https:\\\/\\\/www.kinanen.fi\\\/kurssikeskus\\\/#\\\/schema\\\/person\\\/d6c77a570fe4c97c85fc540be039951e\"},\"headline\":\"Yst\u00e4v\u00e4np\u00e4iv\u00e4\",\"datePublished\":\"2024-02-10T06:00:00+00:00\",\"dateModified\":\"2024-02-10T19:20:51+00:00\",\"mainEntityOfPage\":{\"@id\":\"https:\\\/\\\/www.kinanen.fi\\\/kurssikeskus\\\/ystavanpaiva\\\/\"},\"wordCount\":956,\"commentCount\":10,\"publisher\":{\"@id\":\"https:\\\/\\\/www.kinanen.fi\\\/kurssikeskus\\\/#\\\/schema\\\/person\\\/d6c77a570fe4c97c85fc540be039951e\"},\"image\":{\"@id\":\"https:\\\/\\\/www.kinanen.fi\\\/kurssikeskus\\\/ystavanpaiva\\\/#primaryimage\"},\"thumbnailUrl\":\"https:\\\/\\\/www.kinanen.fi\\\/kurssikeskus\\\/wp-content\\\/uploads\\\/sydan.jpg\",\"keywords\":[\"Yst\u00e4v\u00e4np\u00e4iv\u00e4\"],\"articleSection\":[\"Blogi\"],\"inLanguage\":\"fi\",\"potentialAction\":[{\"@type\":\"CommentAction\",\"name\":\"Comment\",\"target\":[\"https:\\\/\\\/www.kinanen.fi\\\/kurssikeskus\\\/ystavanpaiva\\\/#respond\"]}]},{\"@type\":\"WebPage\",\"@id\":\"https:\\\/\\\/www.kinanen.fi\\\/kurssikeskus\\\/ystavanpaiva\\\/\",\"url\":\"https:\\\/\\\/www.kinanen.fi\\\/kurssikeskus\\\/ystavanpaiva\\\/\",\"name\":\"Yst\u00e4v\u00e4np\u00e4iv\u00e4 - Kurssikeskus Kinanen\",\"isPartOf\":{\"@id\":\"https:\\\/\\\/www.kinanen.fi\\\/kurssikeskus\\\/#website\"},\"primaryImageOfPage\":{\"@id\":\"https:\\\/\\\/www.kinanen.fi\\\/kurssikeskus\\\/ystavanpaiva\\\/#primaryimage\"},\"image\":{\"@id\":\"https:\\\/\\\/www.kinanen.fi\\\/kurssikeskus\\\/ystavanpaiva\\\/#primaryimage\"},\"thumbnailUrl\":\"https:\\\/\\\/www.kinanen.fi\\\/kurssikeskus\\\/wp-content\\\/uploads\\\/sydan.jpg\",\"datePublished\":\"2024-02-10T06:00:00+00:00\",\"dateModified\":\"2024-02-10T19:20:51+00:00\",\"description\":\"Pian vietet\u00e4\u00e4n yst\u00e4v\u00e4np\u00e4iv\u00e4\u00e4. J\u00e4in miettim\u00e4\u00e4n hieman yst\u00e4v\u00e4np\u00e4iv\u00e4n historiallista taustaa. Aloitetaan muinaisista roomalaista :D\",\"breadcrumb\":{\"@id\":\"https:\\\/\\\/www.kinanen.fi\\\/kurssikeskus\\\/ystavanpaiva\\\/#breadcrumb\"},\"inLanguage\":\"fi\",\"potentialAction\":[{\"@type\":\"ReadAction\",\"target\":[\"https:\\\/\\\/www.kinanen.fi\\\/kurssikeskus\\\/ystavanpaiva\\\/\"]}]},{\"@type\":\"ImageObject\",\"inLanguage\":\"fi\",\"@id\":\"https:\\\/\\\/www.kinanen.fi\\\/kurssikeskus\\\/ystavanpaiva\\\/#primaryimage\",\"url\":\"https:\\\/\\\/www.kinanen.fi\\\/kurssikeskus\\\/wp-content\\\/uploads\\\/sydan.jpg\",\"contentUrl\":\"https:\\\/\\\/www.kinanen.fi\\\/kurssikeskus\\\/wp-content\\\/uploads\\\/sydan.jpg\",\"width\":427,\"height\":640,\"caption\":\"Yst\u00e4v\u00e4np\u00e4iv\u00e4\"},{\"@type\":\"BreadcrumbList\",\"@id\":\"https:\\\/\\\/www.kinanen.fi\\\/kurssikeskus\\\/ystavanpaiva\\\/#breadcrumb\",\"itemListElement\":[{\"@type\":\"ListItem\",\"position\":1,\"name\":\"Etusivu\",\"item\":\"https:\\\/\\\/www.kinanen.fi\\\/kurssikeskus\\\/\"},{\"@type\":\"ListItem\",\"position\":2,\"name\":\"Yst\u00e4v\u00e4np\u00e4iv\u00e4\"}]},{\"@type\":\"WebSite\",\"@id\":\"https:\\\/\\\/www.kinanen.fi\\\/kurssikeskus\\\/#website\",\"url\":\"https:\\\/\\\/www.kinanen.fi\\\/kurssikeskus\\\/\",\"name\":\"Kurssikeskus Kinanen\",\"description\":\"innostava arki hyvinvoinnin perustana!\",\"publisher\":{\"@id\":\"https:\\\/\\\/www.kinanen.fi\\\/kurssikeskus\\\/#\\\/schema\\\/person\\\/d6c77a570fe4c97c85fc540be039951e\"},\"potentialAction\":[{\"@type\":\"SearchAction\",\"target\":{\"@type\":\"EntryPoint\",\"urlTemplate\":\"https:\\\/\\\/www.kinanen.fi\\\/kurssikeskus\\\/?s={search_term_string}\"},\"query-input\":{\"@type\":\"PropertyValueSpecification\",\"valueRequired\":true,\"valueName\":\"search_term_string\"}}],\"inLanguage\":\"fi\"},{\"@type\":[\"Person\",\"Organization\"],\"@id\":\"https:\\\/\\\/www.kinanen.fi\\\/kurssikeskus\\\/#\\\/schema\\\/person\\\/d6c77a570fe4c97c85fc540be039951e\",\"name\":\"Mare\",\"image\":{\"@type\":\"ImageObject\",\"inLanguage\":\"fi\",\"@id\":\"https:\\\/\\\/www.kinanen.fi\\\/kurssikeskus\\\/wp-content\\\/uploads\\\/2023\\\/11\\\/Mare2018-1.jpeg\",\"url\":\"https:\\\/\\\/www.kinanen.fi\\\/kurssikeskus\\\/wp-content\\\/uploads\\\/2023\\\/11\\\/Mare2018-1.jpeg\",\"contentUrl\":\"https:\\\/\\\/www.kinanen.fi\\\/kurssikeskus\\\/wp-content\\\/uploads\\\/2023\\\/11\\\/Mare2018-1.jpeg\",\"width\":600,\"height\":690,\"caption\":\"Mare\"},\"logo\":{\"@id\":\"https:\\\/\\\/www.kinanen.fi\\\/kurssikeskus\\\/wp-content\\\/uploads\\\/2023\\\/11\\\/Mare2018-1.jpeg\"},\"sameAs\":[\"https:\\\/\\\/www.kinanen.fi\\\/kurssikeskus\\\/\",\"https:\\\/\\\/www.facebook.com\\\/mkinanen\",\"https:\\\/\\\/www.instagram.com\\\/mkinanen\\\/\",\"https:\\\/\\\/www.linkedin.com\\\/in\\\/mare-kinanen-936635250\\\/\"],\"url\":\"https:\\\/\\\/www.kinanen.fi\\\/kurssikeskus\\\/author\\\/mare-kinanenkinanen-fi\\\/\"}]}<\/script>\n<!-- \/ Yoast SEO plugin. -->","yoast_head_json":{"title":"Yst\u00e4v\u00e4np\u00e4iv\u00e4 - Kurssikeskus Kinanen","description":"Pian vietet\u00e4\u00e4n yst\u00e4v\u00e4np\u00e4iv\u00e4\u00e4. J\u00e4in miettim\u00e4\u00e4n hieman yst\u00e4v\u00e4np\u00e4iv\u00e4n historiallista taustaa. Aloitetaan muinaisista roomalaista :D","robots":{"index":"index","follow":"follow","max-snippet":"max-snippet:-1","max-image-preview":"max-image-preview:large","max-video-preview":"max-video-preview:-1"},"canonical":"https:\/\/www.kinanen.fi\/kurssikeskus\/ystavanpaiva\/","og_locale":"fi_FI","og_type":"article","og_title":"Yst\u00e4v\u00e4np\u00e4iv\u00e4 - Kurssikeskus Kinanen","og_description":"Pian vietet\u00e4\u00e4n yst\u00e4v\u00e4np\u00e4iv\u00e4\u00e4. J\u00e4in miettim\u00e4\u00e4n hieman yst\u00e4v\u00e4np\u00e4iv\u00e4n historiallista taustaa. Aloitetaan muinaisista roomalaista :D","og_url":"https:\/\/www.kinanen.fi\/kurssikeskus\/ystavanpaiva\/","og_site_name":"Kurssikeskus Kinanen","article_publisher":"https:\/\/www.facebook.com\/mkinanen","article_author":"https:\/\/www.facebook.com\/mkinanen","article_published_time":"2024-02-10T06:00:00+00:00","article_modified_time":"2024-02-10T19:20:51+00:00","og_image":[{"width":427,"height":640,"url":"https:\/\/www.kinanen.fi\/kurssikeskus\/wp-content\/uploads\/sydan.jpg","type":"image\/jpeg"}],"author":"Mare","twitter_card":"summary_large_image","twitter_misc":{"Kirjoittanut":"Mare","Arvioitu lukuaika":"6 minuuttia"},"schema":{"@context":"https:\/\/schema.org","@graph":[{"@type":"Article","@id":"https:\/\/www.kinanen.fi\/kurssikeskus\/ystavanpaiva\/#article","isPartOf":{"@id":"https:\/\/www.kinanen.fi\/kurssikeskus\/ystavanpaiva\/"},"author":{"name":"Mare","@id":"https:\/\/www.kinanen.fi\/kurssikeskus\/#\/schema\/person\/d6c77a570fe4c97c85fc540be039951e"},"headline":"Yst\u00e4v\u00e4np\u00e4iv\u00e4","datePublished":"2024-02-10T06:00:00+00:00","dateModified":"2024-02-10T19:20:51+00:00","mainEntityOfPage":{"@id":"https:\/\/www.kinanen.fi\/kurssikeskus\/ystavanpaiva\/"},"wordCount":956,"commentCount":10,"publisher":{"@id":"https:\/\/www.kinanen.fi\/kurssikeskus\/#\/schema\/person\/d6c77a570fe4c97c85fc540be039951e"},"image":{"@id":"https:\/\/www.kinanen.fi\/kurssikeskus\/ystavanpaiva\/#primaryimage"},"thumbnailUrl":"https:\/\/www.kinanen.fi\/kurssikeskus\/wp-content\/uploads\/sydan.jpg","keywords":["Yst\u00e4v\u00e4np\u00e4iv\u00e4"],"articleSection":["Blogi"],"inLanguage":"fi","potentialAction":[{"@type":"CommentAction","name":"Comment","target":["https:\/\/www.kinanen.fi\/kurssikeskus\/ystavanpaiva\/#respond"]}]},{"@type":"WebPage","@id":"https:\/\/www.kinanen.fi\/kurssikeskus\/ystavanpaiva\/","url":"https:\/\/www.kinanen.fi\/kurssikeskus\/ystavanpaiva\/","name":"Yst\u00e4v\u00e4np\u00e4iv\u00e4 - Kurssikeskus Kinanen","isPartOf":{"@id":"https:\/\/www.kinanen.fi\/kurssikeskus\/#website"},"primaryImageOfPage":{"@id":"https:\/\/www.kinanen.fi\/kurssikeskus\/ystavanpaiva\/#primaryimage"},"image":{"@id":"https:\/\/www.kinanen.fi\/kurssikeskus\/ystavanpaiva\/#primaryimage"},"thumbnailUrl":"https:\/\/www.kinanen.fi\/kurssikeskus\/wp-content\/uploads\/sydan.jpg","datePublished":"2024-02-10T06:00:00+00:00","dateModified":"2024-02-10T19:20:51+00:00","description":"Pian vietet\u00e4\u00e4n yst\u00e4v\u00e4np\u00e4iv\u00e4\u00e4. J\u00e4in miettim\u00e4\u00e4n hieman yst\u00e4v\u00e4np\u00e4iv\u00e4n historiallista taustaa. Aloitetaan muinaisista roomalaista :D","breadcrumb":{"@id":"https:\/\/www.kinanen.fi\/kurssikeskus\/ystavanpaiva\/#breadcrumb"},"inLanguage":"fi","potentialAction":[{"@type":"ReadAction","target":["https:\/\/www.kinanen.fi\/kurssikeskus\/ystavanpaiva\/"]}]},{"@type":"ImageObject","inLanguage":"fi","@id":"https:\/\/www.kinanen.fi\/kurssikeskus\/ystavanpaiva\/#primaryimage","url":"https:\/\/www.kinanen.fi\/kurssikeskus\/wp-content\/uploads\/sydan.jpg","contentUrl":"https:\/\/www.kinanen.fi\/kurssikeskus\/wp-content\/uploads\/sydan.jpg","width":427,"height":640,"caption":"Yst\u00e4v\u00e4np\u00e4iv\u00e4"},{"@type":"BreadcrumbList","@id":"https:\/\/www.kinanen.fi\/kurssikeskus\/ystavanpaiva\/#breadcrumb","itemListElement":[{"@type":"ListItem","position":1,"name":"Etusivu","item":"https:\/\/www.kinanen.fi\/kurssikeskus\/"},{"@type":"ListItem","position":2,"name":"Yst\u00e4v\u00e4np\u00e4iv\u00e4"}]},{"@type":"WebSite","@id":"https:\/\/www.kinanen.fi\/kurssikeskus\/#website","url":"https:\/\/www.kinanen.fi\/kurssikeskus\/","name":"Kurssikeskus Kinanen","description":"innostava arki hyvinvoinnin perustana!","publisher":{"@id":"https:\/\/www.kinanen.fi\/kurssikeskus\/#\/schema\/person\/d6c77a570fe4c97c85fc540be039951e"},"potentialAction":[{"@type":"SearchAction","target":{"@type":"EntryPoint","urlTemplate":"https:\/\/www.kinanen.fi\/kurssikeskus\/?s={search_term_string}"},"query-input":{"@type":"PropertyValueSpecification","valueRequired":true,"valueName":"search_term_string"}}],"inLanguage":"fi"},{"@type":["Person","Organization"],"@id":"https:\/\/www.kinanen.fi\/kurssikeskus\/#\/schema\/person\/d6c77a570fe4c97c85fc540be039951e","name":"Mare","image":{"@type":"ImageObject","inLanguage":"fi","@id":"https:\/\/www.kinanen.fi\/kurssikeskus\/wp-content\/uploads\/2023\/11\/Mare2018-1.jpeg","url":"https:\/\/www.kinanen.fi\/kurssikeskus\/wp-content\/uploads\/2023\/11\/Mare2018-1.jpeg","contentUrl":"https:\/\/www.kinanen.fi\/kurssikeskus\/wp-content\/uploads\/2023\/11\/Mare2018-1.jpeg","width":600,"height":690,"caption":"Mare"},"logo":{"@id":"https:\/\/www.kinanen.fi\/kurssikeskus\/wp-content\/uploads\/2023\/11\/Mare2018-1.jpeg"},"sameAs":["https:\/\/www.kinanen.fi\/kurssikeskus\/","https:\/\/www.facebook.com\/mkinanen","https:\/\/www.instagram.com\/mkinanen\/","https:\/\/www.linkedin.com\/in\/mare-kinanen-936635250\/"],"url":"https:\/\/www.kinanen.fi\/kurssikeskus\/author\/mare-kinanenkinanen-fi\/"}]}},"_links":{"self":[{"href":"https:\/\/www.kinanen.fi\/kurssikeskus\/wp-json\/wp\/v2\/posts\/1668","targetHints":{"allow":["GET"]}}],"collection":[{"href":"https:\/\/www.kinanen.fi\/kurssikeskus\/wp-json\/wp\/v2\/posts"}],"about":[{"href":"https:\/\/www.kinanen.fi\/kurssikeskus\/wp-json\/wp\/v2\/types\/post"}],"author":[{"embeddable":true,"href":"https:\/\/www.kinanen.fi\/kurssikeskus\/wp-json\/wp\/v2\/users\/3"}],"replies":[{"embeddable":true,"href":"https:\/\/www.kinanen.fi\/kurssikeskus\/wp-json\/wp\/v2\/comments?post=1668"}],"version-history":[{"count":11,"href":"https:\/\/www.kinanen.fi\/kurssikeskus\/wp-json\/wp\/v2\/posts\/1668\/revisions"}],"predecessor-version":[{"id":1688,"href":"https:\/\/www.kinanen.fi\/kurssikeskus\/wp-json\/wp\/v2\/posts\/1668\/revisions\/1688"}],"wp:featuredmedia":[{"embeddable":true,"href":"https:\/\/www.kinanen.fi\/kurssikeskus\/wp-json\/wp\/v2\/media\/1670"}],"wp:attachment":[{"href":"https:\/\/www.kinanen.fi\/kurssikeskus\/wp-json\/wp\/v2\/media?parent=1668"}],"wp:term":[{"taxonomy":"category","embeddable":true,"href":"https:\/\/www.kinanen.fi\/kurssikeskus\/wp-json\/wp\/v2\/categories?post=1668"},{"taxonomy":"post_tag","embeddable":true,"href":"https:\/\/www.kinanen.fi\/kurssikeskus\/wp-json\/wp\/v2\/tags?post=1668"}],"curies":[{"name":"wp","href":"https:\/\/api.w.org\/{rel}","templated":true}]}}