{"id":2781,"date":"2026-03-12T10:02:38","date_gmt":"2026-03-12T08:02:38","guid":{"rendered":"https:\/\/www.kinanen.fi\/kurssikeskus\/?p=2781"},"modified":"2026-03-13T15:33:13","modified_gmt":"2026-03-13T13:33:13","slug":"virtaa-varustamoista-hankkeen-paatosseminaari-12-3-klo-13-15","status":"publish","type":"post","link":"https:\/\/www.kinanen.fi\/kurssikeskus\/virtaa-varustamoista-hankkeen-paatosseminaari-12-3-klo-13-15\/","title":{"rendered":"Virtaa Varustamoista -hankkeen p\u00e4\u00e4t\u00f6sseminaari 12.3. klo 13-15"},"content":{"rendered":"\n<p>Nyt kannattaa tulla linjoille! Oletko valmis? Virtaa Varustamoista -hankkeen p\u00e4\u00e4t\u00f6sseminaari alkaa jo kohta!<\/p>\n\n\n\n<p>Olen saanut olla 1,5 vuotta mukana Virtaa Varustamoista -hankkeessa ja se on nyt p\u00e4\u00e4ttym\u00e4ss\u00e4.<\/p>\n\n\n\n<p>On ollut ilo olla mukana kehitt\u00e4m\u00e4ss\u00e4 matalankynnyksen paikkojen toimintaa eri tasoilla. Homma alkaa olla paketissa ja aika koota asioita yhteen. Ja niit\u00e4 kelpaa kyll\u00e4 esitell\u00e4.<\/p>\n\n\n\n<p>Virtaa Varustamoista -hankkeen p\u00e4\u00e4t\u00f6sseminaari on nimitt\u00e4in t\u00e4\u00e4ll\u00e4 \u2013 ja sinulla on mahdollisuus p\u00e4\u00e4st\u00e4 mukaan striimin kautta, miss\u00e4 ikin\u00e4 oletkin.<\/p>\n\n\n\n<p>Paikanp\u00e4\u00e4lle paikat meniv\u00e4t nopeasti, mutta ei h\u00e4t\u00e4\u00e4 ollenkaan, sill\u00e4 striimin kautta p\u00e4\u00e4see mukaan. Ja se j\u00e4\u00e4 my\u00f6s tallenteena katsottavaksi my\u00f6hemmin.<\/p>\n\n\n\n<p>T\u00e4m\u00e4 ei ole pelkk\u00e4 seminaari, vaan kurkistus siihen, mit\u00e4 tapahtuu, kun ihmisille annetaan tukea, mahdollisuuksia ja tsemppi\u00e4 matkalla kohti ty\u00f6t\u00e4 ja osallisuutta.<\/p>\n\n\n\n<p>Tai mit\u00e4 tapahtuu, kun l\u00e4hdet\u00e4\u00e4n yhteiskehitt\u00e4misen tielle ja matkalla on vain l\u00f6yt\u00e4misen ja hoksaamisen asioita.<\/p>\n\n\n\n<p>P\u00e4iv\u00e4n aikana kuullaan oivalluksia, kokemuksia ja hankkeen t\u00e4rkeimm\u00e4t tulokset \u2013 sek\u00e4 asiantuntijoiden ett\u00e4 Tsemppareiden omasta n\u00e4k\u00f6kulmasta.<\/p>\n\n\n\n<p>Ohjelmassa mm.<\/p>\n\n\n\n<p>Peppi Saikku (THL) \u2013 kuinka kaikkien mahdollisuuksia ty\u00f6h\u00f6n voidaan vahvistaa?<\/p>\n\n\n\n<p>Keskeisimm\u00e4t tulokset ty\u00f6skentelyst\u00e4<\/p>\n\n\n\n<p>Hankkeen artikkelijulkaisun julkkarit<\/p>\n\n\n\n<p>Tsemppi-valmennuksen l\u00f6yd\u00f6t<\/p>\n\n\n\n<p>Ja sokerina pohjalla Tsemppareilla on asiaa -video! Valmennuksen k\u00e4yneiden kokemuksetyhdess\u00e4 paketissa. Ja tosiaan, ensimm\u00e4inen ja viimeinen esitys t\u00e4ss\u00e4 seminaarissa. Ainutlaatuinen mahdollisuus <img decoding=\"async\" height=\"16\" width=\"16\" alt=\"\u2764\ufe0f\" src=\"https:\/\/static.xx.fbcdn.net\/images\/emoji.php\/v9\/ted\/2\/16\/2764.png\"><\/p>\n\n\n\n<p><img decoding=\"async\" height=\"16\" width=\"16\" alt=\"\u2728\" src=\"https:\/\/static.xx.fbcdn.net\/images\/emoji.php\/v9\/t75\/2\/16\/2728.png\"> Jos kiinnostaa, miten rakennetaan polkuja kohti ty\u00f6t\u00e4, toivoa ja osallisuutta \u2013 t\u00e4m\u00e4 kannattaa n\u00e4hd\u00e4.<\/p>\n\n\n\n<p><img decoding=\"async\" height=\"16\" width=\"16\" src=\"https:\/\/static.xx.fbcdn.net\/images\/emoji.php\/v9\/tf0\/2\/16\/1f449.png\" alt=\"\ud83d\udc49\"> Hypp\u00e4\u00e4 mukaan tallenteeseen! <\/p>\n\n\n\n<figure class=\"wp-block-embed is-type-video is-provider-youtube wp-block-embed-youtube wp-embed-aspect-16-9 wp-has-aspect-ratio\"><div class=\"wp-block-embed__wrapper\">\n<iframe title=\"Virtaa Varustamoista loppuseminaari\" width=\"800\" height=\"450\" src=\"https:\/\/www.youtube.com\/embed\/EAHmVhw7skA?feature=oembed\" frameborder=\"0\" allow=\"accelerometer; autoplay; clipboard-write; encrypted-media; gyroscope; picture-in-picture; web-share\" referrerpolicy=\"strict-origin-when-cross-origin\" allowfullscreen><\/iframe>\n<\/div><\/figure>\n\n\n\n<p>Linkin l\u00f6yt\u00e4\u00e4 my\u00f6s @virtaa_varustamoista Instagramin profiilin linkeist\u00e4. <\/p>\n\n\n\n<p>Hanke on Euroopan sosiaalirahaston tukemaa ja sit\u00e4 on ollut toteuttamassa Helsingin seurakuntayhtym\u00e4 ja Diakonia-ammattikorkeakoulu.<\/p>\n\n\n\n<figure class=\"wp-block-image size-large\"><img loading=\"lazy\" decoding=\"async\" width=\"1024\" height=\"1024\" src=\"https:\/\/www.kinanen.fi\/kurssikeskus\/wp-content\/uploads\/Enkel-Vit-Text-Strand-Instagram-Inlagg-1024x1024.png\" alt=\"\" class=\"wp-image-2783\" srcset=\"https:\/\/www.kinanen.fi\/kurssikeskus\/wp-content\/uploads\/Enkel-Vit-Text-Strand-Instagram-Inlagg-1024x1024.png 1024w, https:\/\/www.kinanen.fi\/kurssikeskus\/wp-content\/uploads\/Enkel-Vit-Text-Strand-Instagram-Inlagg-300x300.png 300w, https:\/\/www.kinanen.fi\/kurssikeskus\/wp-content\/uploads\/Enkel-Vit-Text-Strand-Instagram-Inlagg-150x150.png 150w, https:\/\/www.kinanen.fi\/kurssikeskus\/wp-content\/uploads\/Enkel-Vit-Text-Strand-Instagram-Inlagg-768x768.png 768w, https:\/\/www.kinanen.fi\/kurssikeskus\/wp-content\/uploads\/Enkel-Vit-Text-Strand-Instagram-Inlagg.png 1080w\" sizes=\"(max-width: 1024px) 100vw, 1024px\" \/><\/figure>\n","protected":false},"excerpt":{"rendered":"<p>Nyt kannattaa tulla linjoille! Oletko valmis? Virtaa Varustamoista -hankkeen p\u00e4\u00e4t\u00f6sseminaari alkaa jo kohta! Olen saanut olla 1,5 vuotta mukana Virtaa Varustamoista -hankkeessa ja se on nyt p\u00e4\u00e4ttym\u00e4ss\u00e4. On ollut ilo olla mukana kehitt\u00e4m\u00e4ss\u00e4 matalankynnyksen paikkojen toimintaa eri tasoilla. Homma alkaa olla paketissa ja aika koota asioita yhteen. Ja niit\u00e4 kelpaa kyll\u00e4 esitell\u00e4. Virtaa Varustamoista -hankkeen [&hellip;]<\/p>\n","protected":false},"author":3,"featured_media":2783,"comment_status":"open","ping_status":"open","sticky":false,"template":"","format":"standard","meta":{"footnotes":""},"categories":[1],"tags":[223],"class_list":["post-2781","post","type-post","status-publish","format-standard","has-post-thumbnail","hentry","category-sivusto","tag-paatosseminaari"],"yoast_head":"<!-- This site is optimized with the Yoast SEO plugin v27.5 - https:\/\/yoast.com\/product\/yoast-seo-wordpress\/ -->\n<title>Virtaa Varustamoista -hankkeen p\u00e4\u00e4t\u00f6sseminaari 12.3. klo 13-15 - Kurssikeskus Kinanen<\/title>\n<meta name=\"description\" content=\"Nyt kannattaa tulla linjoille! Oletko valmis? Virtaa Varustamoista -hankkeen p\u00e4\u00e4t\u00f6sseminaari alkaa jo kohta!\" \/>\n<meta name=\"robots\" content=\"index, follow, max-snippet:-1, max-image-preview:large, max-video-preview:-1\" \/>\n<link rel=\"canonical\" href=\"https:\/\/www.kinanen.fi\/kurssikeskus\/virtaa-varustamoista-hankkeen-paatosseminaari-12-3-klo-13-15\/\" \/>\n<meta property=\"og:locale\" content=\"fi_FI\" \/>\n<meta property=\"og:type\" content=\"article\" \/>\n<meta property=\"og:title\" content=\"Virtaa Varustamoista -hankkeen p\u00e4\u00e4t\u00f6sseminaari 12.3. klo 13-15 - Kurssikeskus Kinanen\" \/>\n<meta property=\"og:description\" content=\"Nyt kannattaa tulla linjoille! Oletko valmis? Virtaa Varustamoista -hankkeen p\u00e4\u00e4t\u00f6sseminaari alkaa jo kohta!\" \/>\n<meta property=\"og:url\" content=\"https:\/\/www.kinanen.fi\/kurssikeskus\/virtaa-varustamoista-hankkeen-paatosseminaari-12-3-klo-13-15\/\" \/>\n<meta property=\"og:site_name\" content=\"Kurssikeskus Kinanen\" \/>\n<meta property=\"article:publisher\" content=\"https:\/\/www.facebook.com\/mkinanen\" \/>\n<meta property=\"article:author\" content=\"https:\/\/www.facebook.com\/mkinanen\" \/>\n<meta property=\"article:published_time\" content=\"2026-03-12T08:02:38+00:00\" \/>\n<meta property=\"article:modified_time\" content=\"2026-03-13T13:33:13+00:00\" \/>\n<meta property=\"og:image\" content=\"https:\/\/www.kinanen.fi\/kurssikeskus\/wp-content\/uploads\/Enkel-Vit-Text-Strand-Instagram-Inlagg.png\" \/>\n\t<meta property=\"og:image:width\" content=\"1080\" \/>\n\t<meta property=\"og:image:height\" content=\"1080\" \/>\n\t<meta property=\"og:image:type\" content=\"image\/png\" \/>\n<meta name=\"author\" content=\"Mare\" \/>\n<meta name=\"twitter:card\" content=\"summary_large_image\" \/>\n<meta name=\"twitter:label1\" content=\"Kirjoittanut\" \/>\n\t<meta name=\"twitter:data1\" content=\"Mare\" \/>\n\t<meta name=\"twitter:label2\" content=\"Arvioitu lukuaika\" \/>\n\t<meta name=\"twitter:data2\" content=\"3 minuuttia\" \/>\n<script type=\"application\/ld+json\" class=\"yoast-schema-graph\">{\"@context\":\"https:\\\/\\\/schema.org\",\"@graph\":[{\"@type\":\"Article\",\"@id\":\"https:\\\/\\\/www.kinanen.fi\\\/kurssikeskus\\\/virtaa-varustamoista-hankkeen-paatosseminaari-12-3-klo-13-15\\\/#article\",\"isPartOf\":{\"@id\":\"https:\\\/\\\/www.kinanen.fi\\\/kurssikeskus\\\/virtaa-varustamoista-hankkeen-paatosseminaari-12-3-klo-13-15\\\/\"},\"author\":{\"name\":\"Mare\",\"@id\":\"https:\\\/\\\/www.kinanen.fi\\\/kurssikeskus\\\/#\\\/schema\\\/person\\\/d6c77a570fe4c97c85fc540be039951e\"},\"headline\":\"Virtaa Varustamoista -hankkeen p\u00e4\u00e4t\u00f6sseminaari 12.3. klo 13-15\",\"datePublished\":\"2026-03-12T08:02:38+00:00\",\"dateModified\":\"2026-03-13T13:33:13+00:00\",\"mainEntityOfPage\":{\"@id\":\"https:\\\/\\\/www.kinanen.fi\\\/kurssikeskus\\\/virtaa-varustamoista-hankkeen-paatosseminaari-12-3-klo-13-15\\\/\"},\"wordCount\":278,\"commentCount\":0,\"publisher\":{\"@id\":\"https:\\\/\\\/www.kinanen.fi\\\/kurssikeskus\\\/#\\\/schema\\\/person\\\/d6c77a570fe4c97c85fc540be039951e\"},\"image\":{\"@id\":\"https:\\\/\\\/www.kinanen.fi\\\/kurssikeskus\\\/virtaa-varustamoista-hankkeen-paatosseminaari-12-3-klo-13-15\\\/#primaryimage\"},\"thumbnailUrl\":\"https:\\\/\\\/www.kinanen.fi\\\/kurssikeskus\\\/wp-content\\\/uploads\\\/Enkel-Vit-Text-Strand-Instagram-Inlagg.png\",\"keywords\":[\"P\u00e4\u00e4t\u00f6sseminaari\"],\"articleSection\":[\"Sivuston uutiset\"],\"inLanguage\":\"fi\",\"potentialAction\":[{\"@type\":\"CommentAction\",\"name\":\"Comment\",\"target\":[\"https:\\\/\\\/www.kinanen.fi\\\/kurssikeskus\\\/virtaa-varustamoista-hankkeen-paatosseminaari-12-3-klo-13-15\\\/#respond\"]}]},{\"@type\":\"WebPage\",\"@id\":\"https:\\\/\\\/www.kinanen.fi\\\/kurssikeskus\\\/virtaa-varustamoista-hankkeen-paatosseminaari-12-3-klo-13-15\\\/\",\"url\":\"https:\\\/\\\/www.kinanen.fi\\\/kurssikeskus\\\/virtaa-varustamoista-hankkeen-paatosseminaari-12-3-klo-13-15\\\/\",\"name\":\"Virtaa Varustamoista -hankkeen p\u00e4\u00e4t\u00f6sseminaari 12.3. klo 13-15 - Kurssikeskus Kinanen\",\"isPartOf\":{\"@id\":\"https:\\\/\\\/www.kinanen.fi\\\/kurssikeskus\\\/#website\"},\"primaryImageOfPage\":{\"@id\":\"https:\\\/\\\/www.kinanen.fi\\\/kurssikeskus\\\/virtaa-varustamoista-hankkeen-paatosseminaari-12-3-klo-13-15\\\/#primaryimage\"},\"image\":{\"@id\":\"https:\\\/\\\/www.kinanen.fi\\\/kurssikeskus\\\/virtaa-varustamoista-hankkeen-paatosseminaari-12-3-klo-13-15\\\/#primaryimage\"},\"thumbnailUrl\":\"https:\\\/\\\/www.kinanen.fi\\\/kurssikeskus\\\/wp-content\\\/uploads\\\/Enkel-Vit-Text-Strand-Instagram-Inlagg.png\",\"datePublished\":\"2026-03-12T08:02:38+00:00\",\"dateModified\":\"2026-03-13T13:33:13+00:00\",\"description\":\"Nyt kannattaa tulla linjoille! Oletko valmis? Virtaa Varustamoista -hankkeen p\u00e4\u00e4t\u00f6sseminaari alkaa jo kohta!\",\"breadcrumb\":{\"@id\":\"https:\\\/\\\/www.kinanen.fi\\\/kurssikeskus\\\/virtaa-varustamoista-hankkeen-paatosseminaari-12-3-klo-13-15\\\/#breadcrumb\"},\"inLanguage\":\"fi\",\"potentialAction\":[{\"@type\":\"ReadAction\",\"target\":[\"https:\\\/\\\/www.kinanen.fi\\\/kurssikeskus\\\/virtaa-varustamoista-hankkeen-paatosseminaari-12-3-klo-13-15\\\/\"]}]},{\"@type\":\"ImageObject\",\"inLanguage\":\"fi\",\"@id\":\"https:\\\/\\\/www.kinanen.fi\\\/kurssikeskus\\\/virtaa-varustamoista-hankkeen-paatosseminaari-12-3-klo-13-15\\\/#primaryimage\",\"url\":\"https:\\\/\\\/www.kinanen.fi\\\/kurssikeskus\\\/wp-content\\\/uploads\\\/Enkel-Vit-Text-Strand-Instagram-Inlagg.png\",\"contentUrl\":\"https:\\\/\\\/www.kinanen.fi\\\/kurssikeskus\\\/wp-content\\\/uploads\\\/Enkel-Vit-Text-Strand-Instagram-Inlagg.png\",\"width\":1080,\"height\":1080},{\"@type\":\"BreadcrumbList\",\"@id\":\"https:\\\/\\\/www.kinanen.fi\\\/kurssikeskus\\\/virtaa-varustamoista-hankkeen-paatosseminaari-12-3-klo-13-15\\\/#breadcrumb\",\"itemListElement\":[{\"@type\":\"ListItem\",\"position\":1,\"name\":\"Etusivu\",\"item\":\"https:\\\/\\\/www.kinanen.fi\\\/kurssikeskus\\\/\"},{\"@type\":\"ListItem\",\"position\":2,\"name\":\"Virtaa Varustamoista -hankkeen p\u00e4\u00e4t\u00f6sseminaari 12.3. klo 13-15\"}]},{\"@type\":\"WebSite\",\"@id\":\"https:\\\/\\\/www.kinanen.fi\\\/kurssikeskus\\\/#website\",\"url\":\"https:\\\/\\\/www.kinanen.fi\\\/kurssikeskus\\\/\",\"name\":\"Kurssikeskus Kinanen\",\"description\":\"innostava arki hyvinvoinnin perustana!\",\"publisher\":{\"@id\":\"https:\\\/\\\/www.kinanen.fi\\\/kurssikeskus\\\/#\\\/schema\\\/person\\\/d6c77a570fe4c97c85fc540be039951e\"},\"potentialAction\":[{\"@type\":\"SearchAction\",\"target\":{\"@type\":\"EntryPoint\",\"urlTemplate\":\"https:\\\/\\\/www.kinanen.fi\\\/kurssikeskus\\\/?s={search_term_string}\"},\"query-input\":{\"@type\":\"PropertyValueSpecification\",\"valueRequired\":true,\"valueName\":\"search_term_string\"}}],\"inLanguage\":\"fi\"},{\"@type\":[\"Person\",\"Organization\"],\"@id\":\"https:\\\/\\\/www.kinanen.fi\\\/kurssikeskus\\\/#\\\/schema\\\/person\\\/d6c77a570fe4c97c85fc540be039951e\",\"name\":\"Mare\",\"image\":{\"@type\":\"ImageObject\",\"inLanguage\":\"fi\",\"@id\":\"https:\\\/\\\/www.kinanen.fi\\\/kurssikeskus\\\/wp-content\\\/uploads\\\/2023\\\/11\\\/Mare2018-1.jpeg\",\"url\":\"https:\\\/\\\/www.kinanen.fi\\\/kurssikeskus\\\/wp-content\\\/uploads\\\/2023\\\/11\\\/Mare2018-1.jpeg\",\"contentUrl\":\"https:\\\/\\\/www.kinanen.fi\\\/kurssikeskus\\\/wp-content\\\/uploads\\\/2023\\\/11\\\/Mare2018-1.jpeg\",\"width\":600,\"height\":690,\"caption\":\"Mare\"},\"logo\":{\"@id\":\"https:\\\/\\\/www.kinanen.fi\\\/kurssikeskus\\\/wp-content\\\/uploads\\\/2023\\\/11\\\/Mare2018-1.jpeg\"},\"sameAs\":[\"https:\\\/\\\/www.kinanen.fi\\\/kurssikeskus\\\/\",\"https:\\\/\\\/www.facebook.com\\\/mkinanen\",\"https:\\\/\\\/www.instagram.com\\\/mkinanen\\\/\",\"https:\\\/\\\/www.linkedin.com\\\/in\\\/mare-kinanen-936635250\\\/\"],\"url\":\"https:\\\/\\\/www.kinanen.fi\\\/kurssikeskus\\\/author\\\/mare-kinanenkinanen-fi\\\/\"}]}<\/script>\n<!-- \/ Yoast SEO plugin. -->","yoast_head_json":{"title":"Virtaa Varustamoista -hankkeen p\u00e4\u00e4t\u00f6sseminaari 12.3. klo 13-15 - Kurssikeskus Kinanen","description":"Nyt kannattaa tulla linjoille! Oletko valmis? Virtaa Varustamoista -hankkeen p\u00e4\u00e4t\u00f6sseminaari alkaa jo kohta!","robots":{"index":"index","follow":"follow","max-snippet":"max-snippet:-1","max-image-preview":"max-image-preview:large","max-video-preview":"max-video-preview:-1"},"canonical":"https:\/\/www.kinanen.fi\/kurssikeskus\/virtaa-varustamoista-hankkeen-paatosseminaari-12-3-klo-13-15\/","og_locale":"fi_FI","og_type":"article","og_title":"Virtaa Varustamoista -hankkeen p\u00e4\u00e4t\u00f6sseminaari 12.3. klo 13-15 - Kurssikeskus Kinanen","og_description":"Nyt kannattaa tulla linjoille! Oletko valmis? Virtaa Varustamoista -hankkeen p\u00e4\u00e4t\u00f6sseminaari alkaa jo kohta!","og_url":"https:\/\/www.kinanen.fi\/kurssikeskus\/virtaa-varustamoista-hankkeen-paatosseminaari-12-3-klo-13-15\/","og_site_name":"Kurssikeskus Kinanen","article_publisher":"https:\/\/www.facebook.com\/mkinanen","article_author":"https:\/\/www.facebook.com\/mkinanen","article_published_time":"2026-03-12T08:02:38+00:00","article_modified_time":"2026-03-13T13:33:13+00:00","og_image":[{"width":1080,"height":1080,"url":"https:\/\/www.kinanen.fi\/kurssikeskus\/wp-content\/uploads\/Enkel-Vit-Text-Strand-Instagram-Inlagg.png","type":"image\/png"}],"author":"Mare","twitter_card":"summary_large_image","twitter_misc":{"Kirjoittanut":"Mare","Arvioitu lukuaika":"3 minuuttia"},"schema":{"@context":"https:\/\/schema.org","@graph":[{"@type":"Article","@id":"https:\/\/www.kinanen.fi\/kurssikeskus\/virtaa-varustamoista-hankkeen-paatosseminaari-12-3-klo-13-15\/#article","isPartOf":{"@id":"https:\/\/www.kinanen.fi\/kurssikeskus\/virtaa-varustamoista-hankkeen-paatosseminaari-12-3-klo-13-15\/"},"author":{"name":"Mare","@id":"https:\/\/www.kinanen.fi\/kurssikeskus\/#\/schema\/person\/d6c77a570fe4c97c85fc540be039951e"},"headline":"Virtaa Varustamoista -hankkeen p\u00e4\u00e4t\u00f6sseminaari 12.3. klo 13-15","datePublished":"2026-03-12T08:02:38+00:00","dateModified":"2026-03-13T13:33:13+00:00","mainEntityOfPage":{"@id":"https:\/\/www.kinanen.fi\/kurssikeskus\/virtaa-varustamoista-hankkeen-paatosseminaari-12-3-klo-13-15\/"},"wordCount":278,"commentCount":0,"publisher":{"@id":"https:\/\/www.kinanen.fi\/kurssikeskus\/#\/schema\/person\/d6c77a570fe4c97c85fc540be039951e"},"image":{"@id":"https:\/\/www.kinanen.fi\/kurssikeskus\/virtaa-varustamoista-hankkeen-paatosseminaari-12-3-klo-13-15\/#primaryimage"},"thumbnailUrl":"https:\/\/www.kinanen.fi\/kurssikeskus\/wp-content\/uploads\/Enkel-Vit-Text-Strand-Instagram-Inlagg.png","keywords":["P\u00e4\u00e4t\u00f6sseminaari"],"articleSection":["Sivuston uutiset"],"inLanguage":"fi","potentialAction":[{"@type":"CommentAction","name":"Comment","target":["https:\/\/www.kinanen.fi\/kurssikeskus\/virtaa-varustamoista-hankkeen-paatosseminaari-12-3-klo-13-15\/#respond"]}]},{"@type":"WebPage","@id":"https:\/\/www.kinanen.fi\/kurssikeskus\/virtaa-varustamoista-hankkeen-paatosseminaari-12-3-klo-13-15\/","url":"https:\/\/www.kinanen.fi\/kurssikeskus\/virtaa-varustamoista-hankkeen-paatosseminaari-12-3-klo-13-15\/","name":"Virtaa Varustamoista -hankkeen p\u00e4\u00e4t\u00f6sseminaari 12.3. klo 13-15 - Kurssikeskus Kinanen","isPartOf":{"@id":"https:\/\/www.kinanen.fi\/kurssikeskus\/#website"},"primaryImageOfPage":{"@id":"https:\/\/www.kinanen.fi\/kurssikeskus\/virtaa-varustamoista-hankkeen-paatosseminaari-12-3-klo-13-15\/#primaryimage"},"image":{"@id":"https:\/\/www.kinanen.fi\/kurssikeskus\/virtaa-varustamoista-hankkeen-paatosseminaari-12-3-klo-13-15\/#primaryimage"},"thumbnailUrl":"https:\/\/www.kinanen.fi\/kurssikeskus\/wp-content\/uploads\/Enkel-Vit-Text-Strand-Instagram-Inlagg.png","datePublished":"2026-03-12T08:02:38+00:00","dateModified":"2026-03-13T13:33:13+00:00","description":"Nyt kannattaa tulla linjoille! Oletko valmis? Virtaa Varustamoista -hankkeen p\u00e4\u00e4t\u00f6sseminaari alkaa jo kohta!","breadcrumb":{"@id":"https:\/\/www.kinanen.fi\/kurssikeskus\/virtaa-varustamoista-hankkeen-paatosseminaari-12-3-klo-13-15\/#breadcrumb"},"inLanguage":"fi","potentialAction":[{"@type":"ReadAction","target":["https:\/\/www.kinanen.fi\/kurssikeskus\/virtaa-varustamoista-hankkeen-paatosseminaari-12-3-klo-13-15\/"]}]},{"@type":"ImageObject","inLanguage":"fi","@id":"https:\/\/www.kinanen.fi\/kurssikeskus\/virtaa-varustamoista-hankkeen-paatosseminaari-12-3-klo-13-15\/#primaryimage","url":"https:\/\/www.kinanen.fi\/kurssikeskus\/wp-content\/uploads\/Enkel-Vit-Text-Strand-Instagram-Inlagg.png","contentUrl":"https:\/\/www.kinanen.fi\/kurssikeskus\/wp-content\/uploads\/Enkel-Vit-Text-Strand-Instagram-Inlagg.png","width":1080,"height":1080},{"@type":"BreadcrumbList","@id":"https:\/\/www.kinanen.fi\/kurssikeskus\/virtaa-varustamoista-hankkeen-paatosseminaari-12-3-klo-13-15\/#breadcrumb","itemListElement":[{"@type":"ListItem","position":1,"name":"Etusivu","item":"https:\/\/www.kinanen.fi\/kurssikeskus\/"},{"@type":"ListItem","position":2,"name":"Virtaa Varustamoista -hankkeen p\u00e4\u00e4t\u00f6sseminaari 12.3. klo 13-15"}]},{"@type":"WebSite","@id":"https:\/\/www.kinanen.fi\/kurssikeskus\/#website","url":"https:\/\/www.kinanen.fi\/kurssikeskus\/","name":"Kurssikeskus Kinanen","description":"innostava arki hyvinvoinnin perustana!","publisher":{"@id":"https:\/\/www.kinanen.fi\/kurssikeskus\/#\/schema\/person\/d6c77a570fe4c97c85fc540be039951e"},"potentialAction":[{"@type":"SearchAction","target":{"@type":"EntryPoint","urlTemplate":"https:\/\/www.kinanen.fi\/kurssikeskus\/?s={search_term_string}"},"query-input":{"@type":"PropertyValueSpecification","valueRequired":true,"valueName":"search_term_string"}}],"inLanguage":"fi"},{"@type":["Person","Organization"],"@id":"https:\/\/www.kinanen.fi\/kurssikeskus\/#\/schema\/person\/d6c77a570fe4c97c85fc540be039951e","name":"Mare","image":{"@type":"ImageObject","inLanguage":"fi","@id":"https:\/\/www.kinanen.fi\/kurssikeskus\/wp-content\/uploads\/2023\/11\/Mare2018-1.jpeg","url":"https:\/\/www.kinanen.fi\/kurssikeskus\/wp-content\/uploads\/2023\/11\/Mare2018-1.jpeg","contentUrl":"https:\/\/www.kinanen.fi\/kurssikeskus\/wp-content\/uploads\/2023\/11\/Mare2018-1.jpeg","width":600,"height":690,"caption":"Mare"},"logo":{"@id":"https:\/\/www.kinanen.fi\/kurssikeskus\/wp-content\/uploads\/2023\/11\/Mare2018-1.jpeg"},"sameAs":["https:\/\/www.kinanen.fi\/kurssikeskus\/","https:\/\/www.facebook.com\/mkinanen","https:\/\/www.instagram.com\/mkinanen\/","https:\/\/www.linkedin.com\/in\/mare-kinanen-936635250\/"],"url":"https:\/\/www.kinanen.fi\/kurssikeskus\/author\/mare-kinanenkinanen-fi\/"}]}},"_links":{"self":[{"href":"https:\/\/www.kinanen.fi\/kurssikeskus\/wp-json\/wp\/v2\/posts\/2781","targetHints":{"allow":["GET"]}}],"collection":[{"href":"https:\/\/www.kinanen.fi\/kurssikeskus\/wp-json\/wp\/v2\/posts"}],"about":[{"href":"https:\/\/www.kinanen.fi\/kurssikeskus\/wp-json\/wp\/v2\/types\/post"}],"author":[{"embeddable":true,"href":"https:\/\/www.kinanen.fi\/kurssikeskus\/wp-json\/wp\/v2\/users\/3"}],"replies":[{"embeddable":true,"href":"https:\/\/www.kinanen.fi\/kurssikeskus\/wp-json\/wp\/v2\/comments?post=2781"}],"version-history":[{"count":3,"href":"https:\/\/www.kinanen.fi\/kurssikeskus\/wp-json\/wp\/v2\/posts\/2781\/revisions"}],"predecessor-version":[{"id":2787,"href":"https:\/\/www.kinanen.fi\/kurssikeskus\/wp-json\/wp\/v2\/posts\/2781\/revisions\/2787"}],"wp:featuredmedia":[{"embeddable":true,"href":"https:\/\/www.kinanen.fi\/kurssikeskus\/wp-json\/wp\/v2\/media\/2783"}],"wp:attachment":[{"href":"https:\/\/www.kinanen.fi\/kurssikeskus\/wp-json\/wp\/v2\/media?parent=2781"}],"wp:term":[{"taxonomy":"category","embeddable":true,"href":"https:\/\/www.kinanen.fi\/kurssikeskus\/wp-json\/wp\/v2\/categories?post=2781"},{"taxonomy":"post_tag","embeddable":true,"href":"https:\/\/www.kinanen.fi\/kurssikeskus\/wp-json\/wp\/v2\/tags?post=2781"}],"curies":[{"name":"wp","href":"https:\/\/api.w.org\/{rel}","templated":true}]}}