{"id":10306,"date":"2016-11-04T18:28:26","date_gmt":"2016-11-04T16:28:26","guid":{"rendered":"http:\/\/kinanen.fi\/wordpress\/?p=10306"},"modified":"2016-11-04T18:28:26","modified_gmt":"2016-11-04T16:28:26","slug":"pyhainpaivana-3","status":"publish","type":"post","link":"https:\/\/www.kinanen.fi\/nukkekoti\/pyhainpaivana-3\/","title":{"rendered":"Pyh\u00e4inp\u00e4iv\u00e4n\u00e4"},"content":{"rendered":"<p>Viikonloppuna vietet\u00e4\u00e4n Pyh\u00e4inp\u00e4iv\u00e4\u00e4.<\/p>\n<figure id=\"attachment_7146\" aria-describedby=\"caption-attachment-7146\" style=\"width: 496px\" class=\"wp-caption aligncenter\"><a href=\"http:\/\/kinanen.fi\/wordpress\/wp-content\/uploads\/2013\/11\/pyha4.jpg\"><img fetchpriority=\"high\" decoding=\"async\" class=\"size-full wp-image-7146\" src=\"http:\/\/kinanen.fi\/wordpress\/wp-content\/uploads\/2013\/11\/pyha4.jpg\" alt=\"Kirkkotarhassa\" width=\"496\" height=\"636\" \/><\/a><figcaption id=\"caption-attachment-7146\" class=\"wp-caption-text\">Kirkkotarhassa<\/figcaption><\/figure>\n<p>Pyh\u00e4inp\u00e4iv\u00e4 on sulautuma kahdesta juhlasta, kaikkien pyhien p\u00e4iv\u00e4st\u00e4 ja vainajien muistop\u00e4iv\u00e4st\u00e4. Pyh\u00e4inp\u00e4iv\u00e4n\u00e4 monien tie vie hautausmaalle muistelemaan kaikkia ennen meit\u00e4 el\u00e4neit\u00e4 rakkaitamme.<\/p>\n<p>Haudat saavat usein havu- tai kanervakoristeet talven ajaksi ja muistokynttil\u00f6it\u00e4 sytytet\u00e4\u00e4n haudoille. Kynttil\u00e4meret hautausmailla ovat kauniita ja koskettavia n\u00e4in\u00e4 kaikkein pimemeimpin\u00e4 vuoden aikoina.<\/p>\n<figure id=\"attachment_10272\" aria-describedby=\"caption-attachment-10272\" style=\"width: 473px\" class=\"wp-caption aligncenter\"><img decoding=\"async\" class=\"size-full wp-image-10272\" src=\"http:\/\/kinanen.fi\/wordpress\/wp-content\/uploads\/2013\/10\/hautausmaa-1.jpg\" alt=\"Hautakynttil\u00e4t\" width=\"473\" height=\"398\" \/><figcaption id=\"caption-attachment-10272\" class=\"wp-caption-text\">Hautakynttil\u00e4t<\/figcaption><\/figure>\n<p>Eevert suuntaa tiens\u00e4 my\u00f6s hautausmaalle tai Kirkkotarhaan, niinkuin h\u00e4n sit\u00e4 kutsuu. Kirkkotarhassa Kappelin kupeessa on muistopaikat kaikille rakkaille, sek\u00e4 erityinen paikka my\u00f6s muualle haudatuille l\u00e4heisille.<\/p>\n<figure id=\"attachment_10273\" aria-describedby=\"caption-attachment-10273\" style=\"width: 573px\" class=\"wp-caption aligncenter\"><img decoding=\"async\" class=\"size-full wp-image-10273\" src=\"http:\/\/kinanen.fi\/wordpress\/wp-content\/uploads\/2013\/10\/hautausmaa-1-1.jpg\" alt=\"Muualle haudattujen muistomerkki\" width=\"573\" height=\"640\" \/><figcaption id=\"caption-attachment-10273\" class=\"wp-caption-text\">Muualle haudattujen muistomerkki<\/figcaption><\/figure>\n<p>Ennen kristillist\u00e4 pyh\u00e4inp\u00e4iv\u00e4\u00e4 Suomessa vietettiin kekri\u00e4. Silloin juhlistettiin sadonkorjuun p\u00e4\u00e4ttymist\u00e4 ja herkuteltiin vastakorjatun sadon tuotteilla. P\u00f6yt\u00e4\u00e4n katettiin naurista, sian, lehm\u00e4n tai lampaanlihaa, juustoa ja olutta. Talojen palveluv\u00e4ki saivapaata. 1800-luvulla kekri sulautui kristilliseen pyh\u00e4inp\u00e4iv\u00e4\u00e4n. Maanviljelykseen liittyv\u00e4 juhla sai silloin uusia kristillisi\u00e4 s\u00e4vyj\u00e4.<\/p>\n<p>Kekri\u00e4 Eevert viett\u00e4\u00e4 keitti\u00f6ss\u00e4\u00e4n ja valmistaa viikonlopuksi perinteisi\u00e4 juureksia ja uunilihaa sis\u00e4lt\u00e4vi\u00e4 ruokia. Saattaapa muutama yst\u00e4v\u00e4 tulla Eevertin seuraksi niit\u00e4 maistelemaan.<\/p>\n<figure id=\"attachment_7156\" aria-describedby=\"caption-attachment-7156\" style=\"width: 500px\" class=\"wp-caption aligncenter\"><a href=\"http:\/\/kinanen.fi\/wordpress\/wp-content\/uploads\/2013\/11\/Muistoa.jpg\"><img loading=\"lazy\" decoding=\"async\" class=\"size-full wp-image-7156\" src=\"http:\/\/kinanen.fi\/wordpress\/wp-content\/uploads\/2013\/11\/Muistoa.jpg\" alt=\"Muistokynttil\u00e4\" width=\"500\" height=\"333\" \/><\/a><figcaption id=\"caption-attachment-7156\" class=\"wp-caption-text\">Muistokynttil\u00e4<\/figcaption><\/figure>\n<p><strong><span style=\"color: #ffcc00;\">Hyv\u00e4\u00e4 ja rauhaisaa Pyh\u00e4inp\u00e4iv\u00e4\u00e4!<\/span><\/strong><\/p>\n","protected":false},"excerpt":{"rendered":"<p>Viikonloppuna vietet\u00e4\u00e4n Pyh\u00e4inp\u00e4iv\u00e4\u00e4. Pyh\u00e4inp\u00e4iv\u00e4 on sulautuma kahdesta juhlasta, kaikkien pyhien p\u00e4iv\u00e4st\u00e4 ja vainajien muistop\u00e4iv\u00e4st\u00e4. Pyh\u00e4inp\u00e4iv\u00e4n\u00e4 monien tie vie hautausmaalle muistelemaan kaikkia ennen meit\u00e4 el\u00e4neit\u00e4 rakkaitamme. Haudat saavat usein havu- tai kanervakoristeet talven ajaksi ja muistokynttil\u00f6it\u00e4 sytytet\u00e4\u00e4n haudoille. Kynttil\u00e4meret hautausmailla ovat kauniita ja koskettavia n\u00e4in\u00e4 kaikkein pimemeimpin\u00e4 vuoden aikoina. Eevert suuntaa tiens\u00e4 my\u00f6s hautausmaalle tai Kirkkotarhaan, [&hellip;]<\/p>\n","protected":false},"author":1,"featured_media":0,"comment_status":"open","ping_status":"open","sticky":false,"template":"","format":"standard","meta":{"footnotes":""},"categories":[],"tags":[],"class_list":["post-10306","post","type-post","status-publish","format-standard","hentry"],"_links":{"self":[{"href":"https:\/\/www.kinanen.fi\/nukkekoti\/wp-json\/wp\/v2\/posts\/10306","targetHints":{"allow":["GET"]}}],"collection":[{"href":"https:\/\/www.kinanen.fi\/nukkekoti\/wp-json\/wp\/v2\/posts"}],"about":[{"href":"https:\/\/www.kinanen.fi\/nukkekoti\/wp-json\/wp\/v2\/types\/post"}],"author":[{"embeddable":true,"href":"https:\/\/www.kinanen.fi\/nukkekoti\/wp-json\/wp\/v2\/users\/1"}],"replies":[{"embeddable":true,"href":"https:\/\/www.kinanen.fi\/nukkekoti\/wp-json\/wp\/v2\/comments?post=10306"}],"version-history":[{"count":1,"href":"https:\/\/www.kinanen.fi\/nukkekoti\/wp-json\/wp\/v2\/posts\/10306\/revisions"}],"predecessor-version":[{"id":10307,"href":"https:\/\/www.kinanen.fi\/nukkekoti\/wp-json\/wp\/v2\/posts\/10306\/revisions\/10307"}],"wp:attachment":[{"href":"https:\/\/www.kinanen.fi\/nukkekoti\/wp-json\/wp\/v2\/media?parent=10306"}],"wp:term":[{"taxonomy":"category","embeddable":true,"href":"https:\/\/www.kinanen.fi\/nukkekoti\/wp-json\/wp\/v2\/categories?post=10306"},{"taxonomy":"post_tag","embeddable":true,"href":"https:\/\/www.kinanen.fi\/nukkekoti\/wp-json\/wp\/v2\/tags?post=10306"}],"curies":[{"name":"wp","href":"https:\/\/api.w.org\/{rel}","templated":true}]}}