{"id":10340,"date":"2016-11-12T21:16:18","date_gmt":"2016-11-12T19:16:18","guid":{"rendered":"http:\/\/kinanen.fi\/wordpress\/?p=10340"},"modified":"2016-11-12T21:24:00","modified_gmt":"2016-11-12T19:24:00","slug":"isanpaivana-2016","status":"publish","type":"post","link":"https:\/\/www.kinanen.fi\/nukkekoti\/isanpaivana-2016\/","title":{"rendered":"Is\u00e4np\u00e4iv\u00e4n\u00e4 2016"},"content":{"rendered":"<p>T\u00e4n\u00e4\u00e4n vietet\u00e4\u00e4n is\u00e4np\u00e4iv\u00e4\u00e4 ja se toki n\u00e4kyy Eeverttil\u00e4ss\u00e4kin, vaikka Eevert ei is\u00e4 itse olekkaan.<\/p>\n<p>Isej\u00e4 ja isoisej\u00e4 Eevert voi kohdata en\u00e4\u00e4 muistoissa. Aika on j\u00e4tt\u00e4nyt jo monista merkitt\u00e4v\u00e4st\u00e4 suvun tai el\u00e4m\u00e4n miehist\u00e4. Muistoja l\u00f6ytyy sen sijaan mielest\u00e4 paljon ja uusia tai unohtuneita h\u00e4n kohtaa selatessaan vanhaa valokuvakansiota.<\/p>\n<figure id=\"attachment_2516\" aria-describedby=\"caption-attachment-2516\" style=\"width: 602px\" class=\"wp-caption aligncenter\"><img fetchpriority=\"high\" decoding=\"async\" class=\"size-full wp-image-2516\" src=\"http:\/\/kinanen.fi\/wordpress\/wp-content\/uploads\/2011\/02\/valokuva-albumi.jpg\" alt=\"Albumi\" width=\"602\" height=\"640\" \/><figcaption id=\"caption-attachment-2516\" class=\"wp-caption-text\">Valokuva-albumi vuosien takaa<\/figcaption><\/figure>\n<p>Sen kanssa on hyv\u00e4 istahtaa aloilleen ja rauhassa selailla sivuja. Joidenkin sivujen reunat ovat jo k\u00e4pristyneet ja kuvat haalistuneet. Silti niin mielenkiintoisia kaikkien n\u00e4iden vuosien j\u00e4lkeen.<\/p>\n<figure id=\"attachment_8860\" aria-describedby=\"caption-attachment-8860\" style=\"width: 640px\" class=\"wp-caption aligncenter\"><img decoding=\"async\" class=\"size-full wp-image-8860\" src=\"http:\/\/kinanen.fi\/wordpress\/wp-content\/uploads\/2015\/07\/Halonen-1-7.jpg\" alt=\"Salin sein\u00e4ll\u00e4\" width=\"640\" height=\"640\" \/><figcaption id=\"caption-attachment-8860\" class=\"wp-caption-text\">Salin sein\u00e4ll\u00e4<\/figcaption><\/figure>\n<p>Kansiossa on kuvia Eevertin oman el\u00e4m\u00e4n ja suvun historian varrelta. Osa kuvista on niin vanhoja, ett\u00e4 Eevertin oma muisti ei riit\u00e4 kertomaan ket\u00e4 kaikkia kuvassa edes on.<\/p>\n<figure id=\"attachment_4065\" aria-describedby=\"caption-attachment-4065\" style=\"width: 500px\" class=\"wp-caption aligncenter\"><a href=\"http:\/\/kinanen.fi\/wordpress\/wp-content\/uploads\/2011\/11\/anttilan_pihassa1.jpg\"><img decoding=\"async\" class=\"size-full wp-image-4065\" title=\"Pihassa\" src=\"http:\/\/kinanen.fi\/wordpress\/wp-content\/uploads\/2011\/11\/anttilan_pihassa1.jpg\" alt=\"Anttilan pihassa\" width=\"500\" height=\"414\" \/><\/a><figcaption id=\"caption-attachment-4065\" class=\"wp-caption-text\">Anttilan pihassa<\/figcaption><\/figure>\n<p>Er\u00e4\u00e4ss\u00e4 kuvassa on talonv\u00e4ki tullut pihamaalle parhaimpiinsa pukeutuneena. Talon lapset &#8211; nelj\u00e4 komeaa poikaa &#8211; on puettu oikein merimiesvaatteisiin. Kuvaan on p\u00e4\u00e4sseet niin talolliset, kuin talossa ty\u00f6skentelev\u00e4tkin ihmiset. Mist\u00e4 tapahtumasta on kyse, siihen eiv\u00e4t Eevertin tiedot yll\u00e4. Kyl\u00e4lle on jokatapauksessa tullut valokuvaaja ihan kaupungista saakka ja h\u00e4nen taitojaan on ansiokaasti k\u00e4ytetty. Kuvan takana on iso\u00e4idin kauniilla k\u00e4sialalla taltioitu vuosiluku 1920.<\/p>\n<figure id=\"attachment_4066\" aria-describedby=\"caption-attachment-4066\" style=\"width: 500px\" class=\"wp-caption aligncenter\"><a href=\"http:\/\/kinanen.fi\/wordpress\/wp-content\/uploads\/2011\/11\/kustaa_saimi1.jpg\"><img loading=\"lazy\" decoding=\"async\" class=\"size-full wp-image-4066\" title=\"H\u00e4\u00e4kuva\" src=\"http:\/\/kinanen.fi\/wordpress\/wp-content\/uploads\/2011\/11\/kustaa_saimi1.jpg\" alt=\"Saimi ja Kustaa\" width=\"500\" height=\"345\" \/><\/a><figcaption id=\"caption-attachment-4066\" class=\"wp-caption-text\">Saimi ja Kustaa<\/figcaption><\/figure>\n<p>Samassa valokuvakansiossa on my\u00f6s muita kuvia. Vanha h\u00e4\u00e4kuva. Siin\u00e4 komeilevat Saimi ja Kustaa. Samainen is\u00e4nt\u00e4pari l\u00f6ytyy pihakuvasta ja lapsetkin ovat t\u00e4ss\u00e4 v\u00e4liss\u00e4 syntyneet. Niin ne vuodet vieriv\u00e4t.<\/p>\n<p>Valokuvia katsellessa vier\u00e4ht\u00e4\u00e4 tovi jos toinenkin. Mieless\u00e4\u00e4n Eevert kertaa suvun miesten asioita ja kohtaloita. Paljon niihin tarinoihin k\u00e4tkeytyykin. V\u00e4hitellen valokuviin uppoutunut mies huomaa olevansa n\u00e4lk\u00e4inen.<\/p>\n<p>Mit\u00e4s sitten muuta kuin juhlap\u00e4iv\u00e4n ruokaa valmistamaan.<\/p>\n<figure id=\"attachment_4067\" aria-describedby=\"caption-attachment-4067\" style=\"width: 640px\" class=\"wp-caption aligncenter\"><img loading=\"lazy\" decoding=\"async\" class=\"size-full wp-image-4067\" src=\"http:\/\/kinanen.fi\/wordpress\/wp-content\/uploads\/2011\/11\/Is\u00e4np\u00e4iv\u00e45.jpg\" alt=\"Kattausta\" width=\"640\" height=\"427\" \/><figcaption id=\"caption-attachment-4067\" class=\"wp-caption-text\">Is\u00e4np\u00e4iv\u00e4kattaus<\/figcaption><\/figure>\n<p>Ylpe\u00e4n\u00e4 isist\u00e4\u00e4n ja esi-isist\u00e4\u00e4n sek\u00e4 el\u00e4m\u00e4ns\u00e4 merkitt\u00e4vist\u00e4 miehist\u00e4, Eevert juhlistaa pienell\u00e4\u00a0kattauksella salissa. Saliin sit\u00e4 ennenkin merkitt\u00e4v\u00e4t vieraat ohjattiin kahvia ryyst\u00e4m\u00e4\u00e4n juurikin tuossa talossa miss\u00e4 Saimi piti tarkkaa komentoa.<\/p>\n<figure id=\"attachment_4068\" aria-describedby=\"caption-attachment-4068\" style=\"width: 500px\" class=\"wp-caption aligncenter\"><a href=\"http:\/\/kinanen.fi\/wordpress\/wp-content\/uploads\/2011\/11\/Is%C3%A4np%C3%A4iv%C3%A42.jpg\"><img loading=\"lazy\" decoding=\"async\" class=\"size-full wp-image-4068\" title=\"Is\u00e4np\u00e4iv\u00e42\" src=\"http:\/\/kinanen.fi\/wordpress\/wp-content\/uploads\/2011\/11\/Is%C3%A4np%C3%A4iv%C3%A42.jpg\" alt=\"S\u00e4nkykamari\" width=\"500\" height=\"333\" \/><\/a><figcaption id=\"caption-attachment-4068\" class=\"wp-caption-text\">S\u00e4nkykamari<\/figcaption><\/figure>\n<p>Eevertin silm\u00e4 osuu sein\u00e4ll\u00e4 olevaan vanhaan valokuvaan. Taitaa olla samoita ajoilta kuin aikaisemmin tutkimansa kuvat. Eevert ottaa kuvan sein\u00e4lt\u00e4 ja katsoo sit\u00e4. Kuvassa on Eevertin el\u00e4m\u00e4ss\u00e4 hyvin merkitt\u00e4v\u00e4 mies. Kasvatti-is\u00e4ksi voisi kutsua tuota pient\u00e4 poikaa, josta aikanaan varttui mies josta tuli Eevertille niin t\u00e4rke\u00e4.<\/p>\n<figure id=\"attachment_4069\" aria-describedby=\"caption-attachment-4069\" style=\"width: 500px\" class=\"wp-caption aligncenter\"><a href=\"http:\/\/kinanen.fi\/wordpress\/wp-content\/uploads\/2011\/11\/georg.jpg\"><img loading=\"lazy\" decoding=\"async\" class=\"size-full wp-image-4069\" title=\"Jori\" src=\"http:\/\/kinanen.fi\/wordpress\/wp-content\/uploads\/2011\/11\/georg.jpg\" alt=\"Georg Kalervo\" width=\"500\" height=\"456\" \/><\/a><figcaption id=\"caption-attachment-4069\" class=\"wp-caption-text\">Georg Kalervo<\/figcaption><\/figure>\n<p>Jaa-a, jos oikein tarkasti katsoo, niin ei taida olla t\u00e4m\u00e4 tomera mies kovin ilahtunut kaiken maailman valokuvaajista ja t\u00e4ll\u00e4ytymisest\u00e4 kuvaa varten \ud83d\ude42 Kukankin ovat viel\u00e4 tuupanneet k\u00e4teen. Kuvan kanssa Eevertill\u00e4 on oikein hauskaa.<\/p>\n<p>Kyll\u00e4 ne vain ovat miehet t\u00e4rkeit\u00e4, niin pienten poikien kuin tytt\u00f6jenkin el\u00e4m\u00e4ss\u00e4.<\/p>\n<p>Kiitollisena kaikille isille, isoisille, esi-isille, kasvatti-isille sek\u00e4 kaikille niille miehille, jotka ottavat is\u00e4n ja miehen roolin silloin kun sellainen muuten puuttuu, Eevert laskeutuu p\u00e4iv\u00e4unilleen.<\/p>\n<p>Hyv\u00e4\u00e4 is\u00e4np\u00e4iv\u00e4\u00e4 kaikille miehille!<\/p>\n","protected":false},"excerpt":{"rendered":"<p>T\u00e4n\u00e4\u00e4n vietet\u00e4\u00e4n is\u00e4np\u00e4iv\u00e4\u00e4 ja se toki n\u00e4kyy Eeverttil\u00e4ss\u00e4kin, vaikka Eevert ei is\u00e4 itse olekkaan. Isej\u00e4 ja isoisej\u00e4 Eevert voi kohdata en\u00e4\u00e4 muistoissa. Aika on j\u00e4tt\u00e4nyt jo monista merkitt\u00e4v\u00e4st\u00e4 suvun tai el\u00e4m\u00e4n miehist\u00e4. Muistoja l\u00f6ytyy sen sijaan mielest\u00e4 paljon ja uusia tai unohtuneita h\u00e4n kohtaa selatessaan vanhaa valokuvakansiota. Sen kanssa on hyv\u00e4 istahtaa aloilleen ja rauhassa [&hellip;]<\/p>\n","protected":false},"author":1,"featured_media":0,"comment_status":"open","ping_status":"open","sticky":false,"template":"","format":"standard","meta":{"footnotes":""},"categories":[],"tags":[],"class_list":["post-10340","post","type-post","status-publish","format-standard","hentry"],"_links":{"self":[{"href":"https:\/\/www.kinanen.fi\/nukkekoti\/wp-json\/wp\/v2\/posts\/10340","targetHints":{"allow":["GET"]}}],"collection":[{"href":"https:\/\/www.kinanen.fi\/nukkekoti\/wp-json\/wp\/v2\/posts"}],"about":[{"href":"https:\/\/www.kinanen.fi\/nukkekoti\/wp-json\/wp\/v2\/types\/post"}],"author":[{"embeddable":true,"href":"https:\/\/www.kinanen.fi\/nukkekoti\/wp-json\/wp\/v2\/users\/1"}],"replies":[{"embeddable":true,"href":"https:\/\/www.kinanen.fi\/nukkekoti\/wp-json\/wp\/v2\/comments?post=10340"}],"version-history":[{"count":6,"href":"https:\/\/www.kinanen.fi\/nukkekoti\/wp-json\/wp\/v2\/posts\/10340\/revisions"}],"predecessor-version":[{"id":10346,"href":"https:\/\/www.kinanen.fi\/nukkekoti\/wp-json\/wp\/v2\/posts\/10340\/revisions\/10346"}],"wp:attachment":[{"href":"https:\/\/www.kinanen.fi\/nukkekoti\/wp-json\/wp\/v2\/media?parent=10340"}],"wp:term":[{"taxonomy":"category","embeddable":true,"href":"https:\/\/www.kinanen.fi\/nukkekoti\/wp-json\/wp\/v2\/categories?post=10340"},{"taxonomy":"post_tag","embeddable":true,"href":"https:\/\/www.kinanen.fi\/nukkekoti\/wp-json\/wp\/v2\/tags?post=10340"}],"curies":[{"name":"wp","href":"https:\/\/api.w.org\/{rel}","templated":true}]}}