{"id":10750,"date":"2017-06-22T20:01:22","date_gmt":"2017-06-22T17:01:22","guid":{"rendered":"http:\/\/kinanen.fi\/wordpress\/?p=10750"},"modified":"2017-06-22T20:03:09","modified_gmt":"2017-06-22T17:03:09","slug":"hyvaa-juhannusta-8","status":"publish","type":"post","link":"https:\/\/www.kinanen.fi\/nukkekoti\/hyvaa-juhannusta-8\/","title":{"rendered":"Hyv\u00e4\u00e4 juhannusta"},"content":{"rendered":"<p>Se olisi sitten juhannus, tuumii Eevert katsellessaan ikkunasta ulos. Keskikes\u00e4n aika, vaan t\u00e4n\u00e4 vuonna ei niin kovin l\u00e4mmin. Rakeitakin tullut jo pariin kertaan. Villapaitaa saa pian p\u00e4\u00e4lle pukea.<\/p>\n<p>Mies on puuhastellut pihamaalla ja laittanut vanhan hyysk\u00e4n kes\u00e4kuntoon.<\/p>\n<figure id=\"attachment_7654\" aria-describedby=\"caption-attachment-7654\" style=\"width: 427px\" class=\"wp-caption aligncenter\"><img fetchpriority=\"high\" decoding=\"async\" class=\"size-full wp-image-7654\" src=\"http:\/\/kinanen.fi\/wordpress\/wp-content\/uploads\/2014\/06\/IMG_0056.jpg\" alt=\"\" width=\"427\" height=\"640\" \/><figcaption id=\"caption-attachment-7654\" class=\"wp-caption-text\">Sisustusta<\/figcaption><\/figure>\n<p>Hyysk\u00e4 se on t\u00e4rke\u00e4 paikka talossa.<\/p>\n<p>Eevertin hyysk\u00e4 on j\u00e4\u00e4nyt huoltamatta syksyll\u00e4. Jonkin aikaa mies k\u00e4rvistelee hyysk\u00e4n takana ennenkuin saa t\u00e4yttyneen astian tyhjennetty\u00e4. Eip\u00e4 tuo mielipuuhia ole, mutta sitten on taas mukava nautiskella ulkohyysk\u00e4st\u00e4 kun on kaikki siistitty.<\/p>\n<figure id=\"attachment_7663\" aria-describedby=\"caption-attachment-7663\" style=\"width: 512px\" class=\"wp-caption aligncenter\"><img decoding=\"async\" class=\" wp-image-7663 \" src=\"http:\/\/kinanen.fi\/wordpress\/wp-content\/uploads\/2014\/06\/IMG_0067.jpg\" alt=\"Sit\u00e4 itse\u00e4\u00e4n..\" width=\"512\" height=\"409\" \/><figcaption id=\"caption-attachment-7663\" class=\"wp-caption-text\">Sit\u00e4 itse\u00e4\u00e4n..<\/figcaption><\/figure>\n<p>Ripe\u00e4n\u00e4 miehen\u00e4 ty\u00f6 oli suhteellisen nopeasti tehty. Sen verran tuoksahtelevaa touhua, ett\u00e4 saunan l\u00e4mmitykseen sit\u00e4 on seuraavaksi ryhdytt\u00e4v\u00e4. Savusauna saa t\u00e4ll\u00e4 kertaa olle rauhassa, se kun vaatisi koko p\u00e4iv\u00e4n l\u00e4mmityksen. Vaikka olisihan se hyv\u00e4 n\u00e4in juhannuksena.<\/p>\n<p>Puut vain sis\u00e4lle ja pes\u00e4t palamaan.<\/p>\n<figure id=\"attachment_7664\" aria-describedby=\"caption-attachment-7664\" style=\"width: 512px\" class=\"wp-caption aligncenter\"><img decoding=\"async\" class=\"size-full wp-image-7664\" src=\"http:\/\/kinanen.fi\/wordpress\/wp-content\/uploads\/2014\/06\/IMG_0094.jpg\" alt=\"Puuteline\" width=\"512\" height=\"640\" \/><figcaption id=\"caption-attachment-7664\" class=\"wp-caption-text\">Puuteline<\/figcaption><\/figure>\n<p>Juhannussaunassa pit\u00e4\u00e4 olla vasta tai vihta, miksik\u00e4 sit\u00e4 nyt kukakin nimitt\u00e4\u00e4. L\u00e4heisest\u00e4 mets\u00e4nreunasta oksat taittuvat miehen kainaloon ja kotipihassa vasta vihta asetellaan k\u00e4ytt\u00f6kuntoon. Hyv\u00e4 tulikin \ud83d\ude42<\/p>\n<figure id=\"attachment_7665\" aria-describedby=\"caption-attachment-7665\" style=\"width: 512px\" class=\"wp-caption aligncenter\"><img loading=\"lazy\" decoding=\"async\" class=\" wp-image-7665 \" src=\"http:\/\/kinanen.fi\/wordpress\/wp-content\/uploads\/2014\/06\/IMG_0076.jpg\" alt=\"Vihta\" width=\"512\" height=\"410\" \/><figcaption id=\"caption-attachment-7665\" class=\"wp-caption-text\">Vihta<\/figcaption><\/figure>\n<p>P\u00e4iv\u00e4ll\u00e4 on hyv\u00e4 saunoa ja ihastella samalla kaunista kes\u00e4ist\u00e4 luontoa. Lintujen laulu on l\u00e4hes alkukev\u00e4\u00e4n riemua. Taitavat nekin tiet\u00e4\u00e4, ett\u00e4 kes\u00e4n juhla on k\u00e4sill\u00e4.<\/p>\n<figure id=\"attachment_7666\" aria-describedby=\"caption-attachment-7666\" style=\"width: 477px\" class=\"wp-caption aligncenter\"><img loading=\"lazy\" decoding=\"async\" class=\" wp-image-7666 \" src=\"http:\/\/kinanen.fi\/wordpress\/wp-content\/uploads\/2014\/06\/Eevert.png\" alt=\"Saunamies\" width=\"477\" height=\"422\" \/><figcaption id=\"caption-attachment-7666\" class=\"wp-caption-text\">Saunamies<\/figcaption><\/figure>\n<p>Parasta saunan j\u00e4lkeen on kiuasmakkara ja kylm\u00e4 olut. Voiko sen mukavampaa olla ja sen leppoisemmaksi el\u00e4m\u00e4 tulla.<\/p>\n<figure id=\"attachment_7667\" aria-describedby=\"caption-attachment-7667\" style=\"width: 512px\" class=\"wp-caption aligncenter\"><img loading=\"lazy\" decoding=\"async\" class=\" wp-image-7667 \" src=\"http:\/\/kinanen.fi\/wordpress\/wp-content\/uploads\/2014\/06\/IMG_0082.jpg\" alt=\"Saunamakkara\" width=\"512\" height=\"342\" \/><figcaption id=\"caption-attachment-7667\" class=\"wp-caption-text\">Saunamakkara<\/figcaption><\/figure>\n<p>Illan mittaan voi heitt\u00e4\u00e4 viel\u00e4 tikkaa naapureiden kanssa. Vanha tikkataulu on viel\u00e4 hyv\u00e4ss\u00e4 kunnossa hyysk\u00e4n sein\u00e4ll\u00e4. Ei ihan en\u00e4\u00e4 osu tikat h\u00e4r\u00e4nsilm\u00e4\u00e4n, mutta tauluun kuitenkin. Hyv\u00e4 tulos tuli.<\/p>\n<figure id=\"attachment_7668\" aria-describedby=\"caption-attachment-7668\" style=\"width: 427px\" class=\"wp-caption aligncenter\"><img loading=\"lazy\" decoding=\"async\" class=\"size-full wp-image-7668\" src=\"http:\/\/kinanen.fi\/wordpress\/wp-content\/uploads\/2014\/06\/IMG_0063.jpg\" alt=\"Tikkataulu\" width=\"427\" height=\"640\" \/><figcaption id=\"caption-attachment-7668\" class=\"wp-caption-text\">Tikkataulu<\/figcaption><\/figure>\n<p>Rauhallinen ja mukava juhannusaatto laskeutuu iltaan. P\u00e4iv\u00e4n lehti on j\u00e4\u00e4nyt lukematta, joten nyt sen voi ottaa mukaan ja k\u00e4yd\u00e4 viett\u00e4m\u00e4ss\u00e4 mukava lukutuokio kunnostetussa hyysk\u00e4ss\u00e4. Valoakin riitt\u00e4\u00e4 n\u00e4in keskikes\u00e4ll\u00e4.<\/p>\n<figure id=\"attachment_7669\" aria-describedby=\"caption-attachment-7669\" style=\"width: 461px\" class=\"wp-caption aligncenter\"><img loading=\"lazy\" decoding=\"async\" class=\" wp-image-7669 \" src=\"http:\/\/kinanen.fi\/wordpress\/wp-content\/uploads\/2014\/06\/IMG_0060.jpg\" alt=\"Matkalla hyysk\u00e4\u00e4n\" width=\"461\" height=\"576\" \/><figcaption id=\"caption-attachment-7669\" class=\"wp-caption-text\">Matkalla hyysk\u00e4\u00e4n<\/figcaption><\/figure>\n<p>Oikein hyv\u00e4\u00e4 juhannusta kaikille k\u00e4vij\u00f6ille ja lukijoille!<\/p>\n<p>&#8221;Juhannus on meill\u00e4 herttainen,<br \/>\nkirkas taivas on sininen.<br \/>\nPirtti on jo pesty, valkoinen,<br \/>\npihamaakin laastu on.<br \/>\nKoivujen lehv\u00e4t portailla huiskii,<br \/>\nkes\u00e4n juhlasta pihlaat kuiskii,<br \/>\nmetsik\u00f6st\u00e4 kielot kannettiin,<br \/>\nsinikukat huoneisiin.&#8221;<\/p>\n","protected":false},"excerpt":{"rendered":"<p>Se olisi sitten juhannus, tuumii Eevert katsellessaan ikkunasta ulos. Keskikes\u00e4n aika, vaan t\u00e4n\u00e4 vuonna ei niin kovin l\u00e4mmin. Rakeitakin tullut jo pariin kertaan. Villapaitaa saa pian p\u00e4\u00e4lle pukea. Mies on puuhastellut pihamaalla ja laittanut vanhan hyysk\u00e4n kes\u00e4kuntoon. Hyysk\u00e4 se on t\u00e4rke\u00e4 paikka talossa. Eevertin hyysk\u00e4 on j\u00e4\u00e4nyt huoltamatta syksyll\u00e4. Jonkin aikaa mies k\u00e4rvistelee hyysk\u00e4n takana [&hellip;]<\/p>\n","protected":false},"author":1,"featured_media":0,"comment_status":"open","ping_status":"open","sticky":false,"template":"","format":"standard","meta":{"footnotes":""},"categories":[],"tags":[],"class_list":["post-10750","post","type-post","status-publish","format-standard","hentry"],"_links":{"self":[{"href":"https:\/\/www.kinanen.fi\/nukkekoti\/wp-json\/wp\/v2\/posts\/10750","targetHints":{"allow":["GET"]}}],"collection":[{"href":"https:\/\/www.kinanen.fi\/nukkekoti\/wp-json\/wp\/v2\/posts"}],"about":[{"href":"https:\/\/www.kinanen.fi\/nukkekoti\/wp-json\/wp\/v2\/types\/post"}],"author":[{"embeddable":true,"href":"https:\/\/www.kinanen.fi\/nukkekoti\/wp-json\/wp\/v2\/users\/1"}],"replies":[{"embeddable":true,"href":"https:\/\/www.kinanen.fi\/nukkekoti\/wp-json\/wp\/v2\/comments?post=10750"}],"version-history":[{"count":3,"href":"https:\/\/www.kinanen.fi\/nukkekoti\/wp-json\/wp\/v2\/posts\/10750\/revisions"}],"predecessor-version":[{"id":10753,"href":"https:\/\/www.kinanen.fi\/nukkekoti\/wp-json\/wp\/v2\/posts\/10750\/revisions\/10753"}],"wp:attachment":[{"href":"https:\/\/www.kinanen.fi\/nukkekoti\/wp-json\/wp\/v2\/media?parent=10750"}],"wp:term":[{"taxonomy":"category","embeddable":true,"href":"https:\/\/www.kinanen.fi\/nukkekoti\/wp-json\/wp\/v2\/categories?post=10750"},{"taxonomy":"post_tag","embeddable":true,"href":"https:\/\/www.kinanen.fi\/nukkekoti\/wp-json\/wp\/v2\/tags?post=10750"}],"curies":[{"name":"wp","href":"https:\/\/api.w.org\/{rel}","templated":true}]}}