{"id":11106,"date":"2017-12-24T00:05:18","date_gmt":"2017-12-23T22:05:18","guid":{"rendered":"http:\/\/kinanen.fi\/wordpress\/?p=11106"},"modified":"2017-12-23T20:37:12","modified_gmt":"2017-12-23T18:37:12","slug":"24-12-3","status":"publish","type":"post","link":"https:\/\/www.kinanen.fi\/nukkekoti\/24-12-3\/","title":{"rendered":"Jouluaatto &#8211; Nelj\u00e4s Adventti"},"content":{"rendered":"<p>Jouluaatto aamu on valjennut. Pitk\u00e4 on ollut matka t\u00e4nne saakka.<\/p>\n<p>Eevert on jo aikaisin liikkeell\u00e4. Minne h\u00e4n mahtaa olla menossa? No, Kappelille tietenkin, sill\u00e4 jouluaatto on t\u00e4n\u00e4 vuonna my\u00f6s nelj\u00e4s Adventti.<\/p>\n<p>Kynttil\u00f6iden syttyess\u00e4 kaikuu tuttu virsi 13<\/p>\n<p style=\"text-align: center;\">Nyt sytyt\u00e4mme kynttil\u00e4n,\u00a0se liekkiin leimahtaa.<br \/>\nMe odotamme Jeesusta,\u00a0seimess\u00e4 nukkuvaa.<\/p>\n<p style=\"text-align: center;\">Nyt syttyy toinen kynttil\u00e4\u00a0ja valo laajenee.<br \/>\nSuo Is\u00e4 t\u00e4nne Jeesuksen,\u00a0se hetki l\u00e4henee.<\/p>\n<p style=\"text-align: center;\">Nyt loistaa kolmas kynttil\u00e4,\u00a0niin kirkas, kutsuva.<br \/>\nOi, kohta meille kuningas\u00a0jo syntyy tallissa.<\/p>\n<p style=\"text-align: center;\">Nyt syttyy nelj\u00e4s kynttil\u00e4,\u00a0jo joulu sarastaa.<br \/>\nMe odotamme Jeesusta,\u00a0h\u00e4n kaikki pelastaa.<\/p>\n<figure id=\"attachment_11120\" aria-describedby=\"caption-attachment-11120\" style=\"width: 600px\" class=\"wp-caption aligncenter\"><img fetchpriority=\"high\" decoding=\"async\" class=\"size-full wp-image-11120\" src=\"http:\/\/kinanen.fi\/wordpress\/wp-content\/uploads\/2017\/12\/2412-1-2.jpg\" alt=\"\" width=\"600\" height=\"693\" \/><figcaption id=\"caption-attachment-11120\" class=\"wp-caption-text\">Jouluaatto<\/figcaption><\/figure>\n<p>Kappelihetken j\u00e4lkeen maistuu joulupuuro.<\/p>\n<p>Aikaisesta, hyvin aikaisesta aamusta on Eeverttil\u00e4n puuropata muhinut. Jotakin erityisen levollista on siin\u00e4 kun saa jouluaattona nauttia hyv\u00e4st\u00e4 riisipuurosta ja katsella samalla joulupuun kimmellyst\u00e4. Jouluradiosta kuuluu kauniita jouluisia s\u00e4velmi\u00e4 ja rauha on laskeutunut taloon. Pikkuiset el\u00e4inyst\u00e4v\u00e4tkin ovat levossa ja k\u00e4pertyneen\u00e4 takan edustalle suloiseen l\u00e4mp\u00f6\u00f6n.<\/p>\n<p>&nbsp;<\/p>\n<figure id=\"attachment_4109\" class=\"wp-caption aligncenter\"><a href=\"http:\/\/www.jouluradio.fi\/\" target=\"_blank\" rel=\"noopener\"><img decoding=\"async\" class=\"size-full wp-image-4109\" title=\"Aatto14\" src=\"http:\/\/kinanen.fi\/wordpress\/wp-content\/uploads\/2011\/11\/Aatto14.jpg\" sizes=\"(max-width: 501px) 100vw, 501px\" srcset=\"http:\/\/kinanen.fi\/wordpress\/wp-content\/uploads\/2011\/11\/Aatto14.jpg 640w, http:\/\/kinanen.fi\/wordpress\/wp-content\/uploads\/2011\/11\/Aatto14-300x225.jpg 300w\" alt=\"Kirjoitusp\u00f6yt\u00e4\" width=\"501\" height=\"376\" \/><\/a><figcaption class=\"wp-caption-text\">Jouluradio on p\u00e4\u00e4ll\u00e4 &#8211; klikkaa kuvaa kuunnellaksesi<\/figcaption><\/figure>\n<p>Aaton perinteisiin kuuluu sekin, ett\u00e4 kaikki ty\u00f6t on tehty joulurauhan julistukseen menness\u00e4. Silloin istahdetaan talossa television \u00e4\u00e4reen ja kuunnelaan tuo vanha julistus syv\u00e4ll\u00e4 hartaudella. Silloin avataan joulu gl\u00f6gimukin ja piparkakun kanssa. Itsetehty mustaviinimarjagl\u00f6gi sopii tilanteeseen parhaiten.<\/p>\n<figure id=\"attachment_4110\" class=\"wp-caption aligncenter\"><a href=\"http:\/\/kinanen.fi\/wordpress\/wp-content\/uploads\/2011\/11\/Aatto.jpg\"><img decoding=\"async\" class=\"size-full wp-image-4110\" title=\"Aatto\" src=\"http:\/\/kinanen.fi\/wordpress\/wp-content\/uploads\/2011\/11\/Aatto.jpg\" sizes=\"(max-width: 500px) 100vw, 500px\" srcset=\"http:\/\/kinanen.fi\/wordpress\/wp-content\/uploads\/2011\/11\/Aatto.jpg 640w, http:\/\/kinanen.fi\/wordpress\/wp-content\/uploads\/2011\/11\/Aatto-300x225.jpg 300w\" alt=\"Joulun avaus\" width=\"500\" height=\"375\" \/><\/a><figcaption class=\"wp-caption-text\">Joulun avaus<\/figcaption><\/figure>\n<p>Monelle lapselle ja my\u00f6s Eevertille aatto on pitk\u00e4 p\u00e4iv\u00e4. J\u00e4nnityst\u00e4 on jos jotakin, eik\u00e4 ollenkaan v\u00e4hiten sellaista liity joulupukin tai tonttujen k\u00e4yntiin illalla. Joulupukin kuuma linja on Eevertin suosikkiohjelmia t\u00e4h\u00e4n p\u00e4iv\u00e4\u00e4n. Mik\u00e4 ihana j\u00e4nnitys lasten kautta tarttuukaan my\u00f6s vanhaan mieheen. Silm\u00e4t kostuvat liikutuksesta moneen kertaan. Niin paljon liittyy tunteita ja muistoja n\u00e4ihin aikoihin.<\/p>\n<p>Mit\u00e4 sinun jouluaattoosi kuuluu? Mit\u00e4 silloin teet? Mik\u00e4 jouluaatossa on parasta?<\/p>\n<p>Oikein hyv\u00e4\u00e4 jouluaattoa!<\/p>\n<p>_____________________________________________<\/p>\n<p>Kalenterissa on omia askartelujani ja koko joukko eri nukkekotitaiteilijoiden t\u00f6it\u00e4. Jos tunnistat omasi niin j\u00e4t\u00e4 viesti kommenttikentt\u00e4\u00e4n \ud83d\ude42<\/p>\n","protected":false},"excerpt":{"rendered":"<p>Jouluaatto aamu on valjennut. Pitk\u00e4 on ollut matka t\u00e4nne saakka. Eevert on jo aikaisin liikkeell\u00e4. Minne h\u00e4n mahtaa olla menossa? No, Kappelille tietenkin, sill\u00e4 jouluaatto on t\u00e4n\u00e4 vuonna my\u00f6s nelj\u00e4s Adventti. Kynttil\u00f6iden syttyess\u00e4 kaikuu tuttu virsi 13 Nyt sytyt\u00e4mme kynttil\u00e4n,\u00a0se liekkiin leimahtaa. Me odotamme Jeesusta,\u00a0seimess\u00e4 nukkuvaa. Nyt syttyy toinen kynttil\u00e4\u00a0ja valo laajenee. Suo Is\u00e4 t\u00e4nne [&hellip;]<\/p>\n","protected":false},"author":1,"featured_media":0,"comment_status":"open","ping_status":"open","sticky":false,"template":"","format":"standard","meta":{"footnotes":""},"categories":[],"tags":[],"class_list":["post-11106","post","type-post","status-publish","format-standard","hentry"],"_links":{"self":[{"href":"https:\/\/www.kinanen.fi\/nukkekoti\/wp-json\/wp\/v2\/posts\/11106","targetHints":{"allow":["GET"]}}],"collection":[{"href":"https:\/\/www.kinanen.fi\/nukkekoti\/wp-json\/wp\/v2\/posts"}],"about":[{"href":"https:\/\/www.kinanen.fi\/nukkekoti\/wp-json\/wp\/v2\/types\/post"}],"author":[{"embeddable":true,"href":"https:\/\/www.kinanen.fi\/nukkekoti\/wp-json\/wp\/v2\/users\/1"}],"replies":[{"embeddable":true,"href":"https:\/\/www.kinanen.fi\/nukkekoti\/wp-json\/wp\/v2\/comments?post=11106"}],"version-history":[{"count":5,"href":"https:\/\/www.kinanen.fi\/nukkekoti\/wp-json\/wp\/v2\/posts\/11106\/revisions"}],"predecessor-version":[{"id":11228,"href":"https:\/\/www.kinanen.fi\/nukkekoti\/wp-json\/wp\/v2\/posts\/11106\/revisions\/11228"}],"wp:attachment":[{"href":"https:\/\/www.kinanen.fi\/nukkekoti\/wp-json\/wp\/v2\/media?parent=11106"}],"wp:term":[{"taxonomy":"category","embeddable":true,"href":"https:\/\/www.kinanen.fi\/nukkekoti\/wp-json\/wp\/v2\/categories?post=11106"},{"taxonomy":"post_tag","embeddable":true,"href":"https:\/\/www.kinanen.fi\/nukkekoti\/wp-json\/wp\/v2\/tags?post=11106"}],"curies":[{"name":"wp","href":"https:\/\/api.w.org\/{rel}","templated":true}]}}