{"id":11295,"date":"2018-02-11T10:46:49","date_gmt":"2018-02-11T08:46:49","guid":{"rendered":"http:\/\/kinanen.fi\/wordpress\/?p=11295"},"modified":"2018-02-11T10:48:21","modified_gmt":"2018-02-11T08:48:21","slug":"muutto","status":"publish","type":"post","link":"https:\/\/www.kinanen.fi\/nukkekoti\/muutto\/","title":{"rendered":"Muutto"},"content":{"rendered":"<p>El\u00e4m\u00e4ss\u00e4 tulee joskus yll\u00e4tt\u00e4vi\u00e4 k\u00e4\u00e4nteit\u00e4 itsens\u00e4 ulkopuolelta. Eiv\u00e4t tunnu sin\u00e4hetken\u00e4 hyv\u00e4lt\u00e4, mutta ehk\u00e4p\u00e4 aukeaa sitten jotakin muuta koettavaa ja elett\u00e4v\u00e4\u00e4.<\/p>\n<p>Muutto on taas ajankohtainen. Eevert kerkesi vajaan pari vuotta rakentamaan tiluksiaan nykyisess\u00e4 osoitteessa. Nyt on aika siirty\u00e4 seuraavaan. Fyysinen muutto on vasta p\u00e4\u00e4si\u00e4isen aikoihin, mutta pikkukodeista tuli aloitettua asioiden ja tavaroiden pakkaus. Ne ovat kyll\u00e4 nyt t\u00e4ydellisen sekaisin. Ehk\u00e4 saan ne j\u00e4rjestykseen sitten kun on aika asetella paikoilleen.<\/p>\n<p>Eevert on ollut hyvin my\u00f6t\u00e4mielinen talonsa tyhjennyksen suhteen.<\/p>\n<figure id=\"attachment_11297\" aria-describedby=\"caption-attachment-11297\" style=\"width: 600px\" class=\"wp-caption aligncenter\"><img fetchpriority=\"high\" decoding=\"async\" class=\"size-full wp-image-11297\" src=\"http:\/\/kinanen.fi\/wordpress\/wp-content\/uploads\/2018\/02\/Muutto-1.jpg\" alt=\"\" width=\"600\" height=\"737\" \/><figcaption id=\"caption-attachment-11297\" class=\"wp-caption-text\">Tyhj\u00e4 koti<\/figcaption><\/figure>\n<p>Muutama kiinte\u00e4 huonekalu j\u00e4\u00e4 paikoilleen &#8211; koska s\u00e4hk\u00f6t. Vanhoja muuttolaatikoitakin oli viel\u00e4 j\u00e4ljell\u00e4 \ud83d\ude00<\/p>\n<p>&nbsp;<\/p>\n<figure id=\"attachment_11296\" aria-describedby=\"caption-attachment-11296\" style=\"width: 600px\" class=\"wp-caption aligncenter\"><img decoding=\"async\" class=\"size-full wp-image-11296\" src=\"http:\/\/kinanen.fi\/wordpress\/wp-content\/uploads\/2018\/02\/Muutto-1-1.jpg\" alt=\"\" width=\"600\" height=\"800\" \/><figcaption id=\"caption-attachment-11296\" class=\"wp-caption-text\">Hommahuone<\/figcaption><\/figure>\n<p>T\u00e4h\u00e4n kotiin on kiinte\u00e4n\u00e4 mahdollisuutena ollut hommahuone. Oma tila levitell\u00e4 sahoja ja askartelutarvikkeita. Tila on l\u00e4mmitt\u00e4m\u00e4t\u00f6n. Erillinen pieni patteri ja vanha auton lammitin ovat sen saattaneet kylm\u00e4ll\u00e4 ilmalla tarvittaessa ty\u00f6skentellykuntoon.<\/p>\n<figure id=\"attachment_11298\" aria-describedby=\"caption-attachment-11298\" style=\"width: 600px\" class=\"wp-caption aligncenter\"><img decoding=\"async\" class=\"size-full wp-image-11298\" src=\"http:\/\/kinanen.fi\/wordpress\/wp-content\/uploads\/2018\/02\/Muutto-2.jpg\" alt=\"\" width=\"600\" height=\"450\" \/><figcaption id=\"caption-attachment-11298\" class=\"wp-caption-text\">Paljon tavaraa<\/figcaption><\/figure>\n<p>Parissa vuodessa on kerennyt taltioimaan melko paljon erilaista asiaa ja tavaraa, mit\u00e4 joskus ehk\u00e4 voisi tarvita. Nyt on ne ehk\u00e4 tarvikeet aika h\u00e4vitt\u00e4\u00e4 ja ker\u00e4t\u00e4 uudet roskat sitten uudessa paikassa.<\/p>\n<p>Siell\u00e4 saan pienen ja ihan huoneistoon kuuluvan huoneen k\u00e4ytt\u00f6\u00f6ni. Se on vain aika paljon pienempi kuin hommahuone.<\/p>\n<p>Terassin tulee korvaamaan lasitettu parveke, joten ihan hyv\u00e4 vaihto ehk\u00e4 sitten kaiken vaivan j\u00e4lkeen.<\/p>\n<p>Kes\u00e4kuussa 2016 tunnelmat olivat muutossa tukalat<\/p>\n<figure id=\"attachment_11299\" aria-describedby=\"caption-attachment-11299\" style=\"width: 600px\" class=\"wp-caption aligncenter\"><img loading=\"lazy\" decoding=\"async\" class=\"size-full wp-image-11299\" src=\"http:\/\/kinanen.fi\/wordpress\/wp-content\/uploads\/2018\/02\/N\u00e4ytt\u00f6kuva-2018-2-11-kello-10.44.27.png\" alt=\"\" width=\"600\" height=\"599\" \/><figcaption id=\"caption-attachment-11299\" class=\"wp-caption-text\">Edellinen muutto<\/figcaption><\/figure>\n<p>Nyt on muuttofirma tilattu avuksi.<\/p>\n<p>&nbsp;<\/p>\n","protected":false},"excerpt":{"rendered":"<p>El\u00e4m\u00e4ss\u00e4 tulee joskus yll\u00e4tt\u00e4vi\u00e4 k\u00e4\u00e4nteit\u00e4 itsens\u00e4 ulkopuolelta. Eiv\u00e4t tunnu sin\u00e4hetken\u00e4 hyv\u00e4lt\u00e4, mutta ehk\u00e4p\u00e4 aukeaa sitten jotakin muuta koettavaa ja elett\u00e4v\u00e4\u00e4. Muutto on taas ajankohtainen. Eevert kerkesi vajaan pari vuotta rakentamaan tiluksiaan nykyisess\u00e4 osoitteessa. Nyt on aika siirty\u00e4 seuraavaan. Fyysinen muutto on vasta p\u00e4\u00e4si\u00e4isen aikoihin, mutta pikkukodeista tuli aloitettua asioiden ja tavaroiden pakkaus. Ne ovat kyll\u00e4 [&hellip;]<\/p>\n","protected":false},"author":1,"featured_media":0,"comment_status":"open","ping_status":"open","sticky":false,"template":"","format":"standard","meta":{"footnotes":""},"categories":[],"tags":[],"class_list":["post-11295","post","type-post","status-publish","format-standard","hentry"],"_links":{"self":[{"href":"https:\/\/www.kinanen.fi\/nukkekoti\/wp-json\/wp\/v2\/posts\/11295","targetHints":{"allow":["GET"]}}],"collection":[{"href":"https:\/\/www.kinanen.fi\/nukkekoti\/wp-json\/wp\/v2\/posts"}],"about":[{"href":"https:\/\/www.kinanen.fi\/nukkekoti\/wp-json\/wp\/v2\/types\/post"}],"author":[{"embeddable":true,"href":"https:\/\/www.kinanen.fi\/nukkekoti\/wp-json\/wp\/v2\/users\/1"}],"replies":[{"embeddable":true,"href":"https:\/\/www.kinanen.fi\/nukkekoti\/wp-json\/wp\/v2\/comments?post=11295"}],"version-history":[{"count":3,"href":"https:\/\/www.kinanen.fi\/nukkekoti\/wp-json\/wp\/v2\/posts\/11295\/revisions"}],"predecessor-version":[{"id":11302,"href":"https:\/\/www.kinanen.fi\/nukkekoti\/wp-json\/wp\/v2\/posts\/11295\/revisions\/11302"}],"wp:attachment":[{"href":"https:\/\/www.kinanen.fi\/nukkekoti\/wp-json\/wp\/v2\/media?parent=11295"}],"wp:term":[{"taxonomy":"category","embeddable":true,"href":"https:\/\/www.kinanen.fi\/nukkekoti\/wp-json\/wp\/v2\/categories?post=11295"},{"taxonomy":"post_tag","embeddable":true,"href":"https:\/\/www.kinanen.fi\/nukkekoti\/wp-json\/wp\/v2\/tags?post=11295"}],"curies":[{"name":"wp","href":"https:\/\/api.w.org\/{rel}","templated":true}]}}