{"id":11319,"date":"2018-04-14T08:48:22","date_gmt":"2018-04-14T05:48:22","guid":{"rendered":"http:\/\/kinanen.fi\/wordpress\/?p=11319"},"modified":"2018-04-14T11:32:31","modified_gmt":"2018-04-14T08:32:31","slug":"uudet-kuviot","status":"publish","type":"post","link":"https:\/\/www.kinanen.fi\/nukkekoti\/uudet-kuviot\/","title":{"rendered":"Uudet kuviot"},"content":{"rendered":"<p>Pient\u00e4 taukoa on blogissa ja my\u00f6s Eevertin el\u00e4m\u00e4ss\u00e4 ollut. 1:1 koti piti saattaa uuteen paikkaan ja siin\u00e4 oli niin paljon hommaa ett\u00e4 pikkukoti\/kodit saivat olla aivan oman onnensa nojassa.<\/p>\n<figure id=\"attachment_11320\" aria-describedby=\"caption-attachment-11320\" style=\"width: 640px\" class=\"wp-caption aligncenter\"><img fetchpriority=\"high\" decoding=\"async\" class=\"size-full wp-image-11320\" src=\"http:\/\/kinanen.fi\/wordpress\/wp-content\/uploads\/2018\/04\/Uusikoti-1.jpg\" alt=\"\" width=\"640\" height=\"640\" \/><figcaption id=\"caption-attachment-11320\" class=\"wp-caption-text\">Silloin l\u00e4hti<\/figcaption><\/figure>\n<p>Osan taloista kuljetin omalla autolla jo aikaisemmin uuteen kohteeseen, mutta kest\u00e4v\u00e4mm\u00e4t j\u00e4iv\u00e4t muuttomiesten hoteisiin.<\/p>\n<figure id=\"attachment_11331\" aria-describedby=\"caption-attachment-11331\" style=\"width: 600px\" class=\"wp-caption aligncenter\"><img decoding=\"async\" class=\"size-full wp-image-11331\" src=\"http:\/\/kinanen.fi\/wordpress\/wp-content\/uploads\/2018\/04\/Uusikoti-1-1.jpg\" alt=\"\" width=\"600\" height=\"450\" \/><figcaption id=\"caption-attachment-11331\" class=\"wp-caption-text\">Paikallaan<\/figcaption><\/figure>\n<p>Eevertin p\u00e4\u00e4talo ja kappeli p\u00e4\u00e4siv\u00e4t avarammille paikoille n\u00e4kyviin. Valoa tulee tupaan vaikka kuinka, sill\u00e4 isoja ikkunoita on joka puolella.<\/p>\n<figure id=\"attachment_11340\" aria-describedby=\"caption-attachment-11340\" style=\"width: 600px\" class=\"wp-caption aligncenter\"><img decoding=\"async\" class=\"size-full wp-image-11340\" src=\"http:\/\/kinanen.fi\/wordpress\/wp-content\/uploads\/2018\/04\/Uusikoti-10-1.jpg\" alt=\"\" width=\"600\" height=\"600\" \/><figcaption id=\"caption-attachment-11340\" class=\"wp-caption-text\">Ilta-aurinko<\/figcaption><\/figure>\n<p>Ilta-aurinko varsinkin hellii Eevertin kotia.<\/p>\n<figure id=\"attachment_11339\" aria-describedby=\"caption-attachment-11339\" style=\"width: 600px\" class=\"wp-caption aligncenter\"><img loading=\"lazy\" decoding=\"async\" class=\"size-full wp-image-11339\" src=\"http:\/\/kinanen.fi\/wordpress\/wp-content\/uploads\/2018\/04\/Uusikoti-9-1.jpg\" alt=\"\" width=\"600\" height=\"800\" \/><figcaption id=\"caption-attachment-11339\" class=\"wp-caption-text\">Kirkkotarha<\/figcaption><\/figure>\n<p>Kirkkotarhakin on niin siisti ja puhdas. Pit\u00e4nee saattaa uutta kasvustoa hiljalleen. Kasvit ovat olleet pitk\u00e4lti luonnosta ker\u00e4ttyj\u00e4 ja kuivattuja, joten ne p\u00e4\u00e4tyiv\u00e4t muuttoroskiin. Kappeli k\u00e4rsi hieman siirtelyst\u00e4, vaikka itse sen kuljetinkin. Yksi ikkuna pit\u00e4\u00e4 kiinnitt\u00e4\u00e4 uudelleen. Ikkuna on kyll\u00e4 ehj\u00e4 mutta irronnut kiinnityksist\u00e4\u00e4n.<\/p>\n<figure id=\"attachment_11337\" aria-describedby=\"caption-attachment-11337\" style=\"width: 600px\" class=\"wp-caption aligncenter\"><img loading=\"lazy\" decoding=\"async\" class=\"size-full wp-image-11337\" src=\"http:\/\/kinanen.fi\/wordpress\/wp-content\/uploads\/2018\/04\/Uusikoti-7-1.jpg\" alt=\"\" width=\"600\" height=\"450\" \/><figcaption id=\"caption-attachment-11337\" class=\"wp-caption-text\">Iltavalaistus<\/figcaption><\/figure>\n<p>Syysiltojen kaunistus \ud83d\ude42 Jostakin syyst\u00e4 pid\u00e4n valaistuista pikkutaloista.<\/p>\n<figure id=\"attachment_11336\" aria-describedby=\"caption-attachment-11336\" style=\"width: 600px\" class=\"wp-caption aligncenter\"><img loading=\"lazy\" decoding=\"async\" class=\"size-full wp-image-11336\" src=\"http:\/\/kinanen.fi\/wordpress\/wp-content\/uploads\/2018\/04\/Uusikoti-6-1.jpg\" alt=\"\" width=\"600\" height=\"450\" \/><figcaption id=\"caption-attachment-11336\" class=\"wp-caption-text\">Hommahuone<\/figcaption><\/figure>\n<p>Vanhassa kodissa minulla oli verstashuone. Kylm\u00e4tila, mutta aivan ihana kes\u00e4hommapaikka. Nyt k\u00e4vi niin hassusti, ett\u00e4 min\u00e4 sain sis\u00e4lle ihan oman huoneen k\u00e4ytt\u00f6\u00f6ni. Ullakon kalusteet sinne tulivat ja viel\u00e4 se taitaa tuoksua ullakolle. Kaipa tuo aikaa my\u00f6ten haihtuu. Muut pienet talot p\u00e4\u00e4siv\u00e4t my\u00f6s n\u00e4kyville. Ensimm\u00e4isi\u00e4 hommia uudessa hommahuoneessa n\u00e4ytt\u00e4\u00e4 olevan taimikasvatus.<\/p>\n<p>Kaunishan tuo huone ei ole, mutta ei kai tarviikkaan \ud83d\ude00<\/p>\n<figure id=\"attachment_11332\" aria-describedby=\"caption-attachment-11332\" style=\"width: 600px\" class=\"wp-caption aligncenter\"><img loading=\"lazy\" decoding=\"async\" class=\"size-full wp-image-11332\" src=\"http:\/\/kinanen.fi\/wordpress\/wp-content\/uploads\/2018\/04\/Uusikoti-2-1.jpg\" alt=\"\" width=\"600\" height=\"450\" \/><figcaption id=\"caption-attachment-11332\" class=\"wp-caption-text\">Taloja<\/figcaption><\/figure>\n<p>N\u00e4in hyvin n\u00e4kee ett\u00e4 joka talo tai roomboxi ovat kaikki aivan eri kokoluokkaa.<\/p>\n<figure id=\"attachment_11333\" aria-describedby=\"caption-attachment-11333\" style=\"width: 600px\" class=\"wp-caption aligncenter\"><img loading=\"lazy\" decoding=\"async\" class=\"size-full wp-image-11333\" src=\"http:\/\/kinanen.fi\/wordpress\/wp-content\/uploads\/2018\/04\/Uusikoti-3-1.jpg\" alt=\"\" width=\"600\" height=\"450\" \/><figcaption id=\"caption-attachment-11333\" class=\"wp-caption-text\">Apila<\/figcaption><\/figure>\n<p>Keskener\u00e4inen Apila-navettakin p\u00e4\u00e4si viel\u00e4 mukaan. Olin varma ett\u00e4 se repe\u00e4\u00e4 liitoksistaan muutossa ja joudun hylk\u00e4\u00e4m\u00e4\u00e4n sen. No ei, hyvin kesti ja kun p\u00e4\u00e4si valoisampaan paikkaan ja silm\u00e4nkorkeudelle, niin kyll\u00e4h\u00e4n se on teht\u00e4v\u00e4 loppuun.<\/p>\n<figure id=\"attachment_11338\" aria-describedby=\"caption-attachment-11338\" style=\"width: 600px\" class=\"wp-caption aligncenter\"><img loading=\"lazy\" decoding=\"async\" class=\"size-full wp-image-11338\" src=\"http:\/\/kinanen.fi\/wordpress\/wp-content\/uploads\/2018\/04\/Uusikoti-8-1.jpg\" alt=\"\" width=\"600\" height=\"600\" \/><figcaption id=\"caption-attachment-11338\" class=\"wp-caption-text\">Karja<\/figcaption><\/figure>\n<p>Karja p\u00e4\u00e4si ensimm\u00e4iseksi omille paikoilleen, kun paljastuivat laatikoista. Tyytyv\u00e4isi\u00e4 ovat.<\/p>\n<p>Aurinko paistaa ja kev\u00e4t on parhaimmillaan.<\/p>\n","protected":false},"excerpt":{"rendered":"<p>Pient\u00e4 taukoa on blogissa ja my\u00f6s Eevertin el\u00e4m\u00e4ss\u00e4 ollut. 1:1 koti piti saattaa uuteen paikkaan ja siin\u00e4 oli niin paljon hommaa ett\u00e4 pikkukoti\/kodit saivat olla aivan oman onnensa nojassa. Osan taloista kuljetin omalla autolla jo aikaisemmin uuteen kohteeseen, mutta kest\u00e4v\u00e4mm\u00e4t j\u00e4iv\u00e4t muuttomiesten hoteisiin. Eevertin p\u00e4\u00e4talo ja kappeli p\u00e4\u00e4siv\u00e4t avarammille paikoille n\u00e4kyviin. Valoa tulee tupaan vaikka [&hellip;]<\/p>\n","protected":false},"author":1,"featured_media":0,"comment_status":"open","ping_status":"open","sticky":false,"template":"","format":"standard","meta":{"footnotes":""},"categories":[],"tags":[],"class_list":["post-11319","post","type-post","status-publish","format-standard","hentry"],"_links":{"self":[{"href":"https:\/\/www.kinanen.fi\/nukkekoti\/wp-json\/wp\/v2\/posts\/11319","targetHints":{"allow":["GET"]}}],"collection":[{"href":"https:\/\/www.kinanen.fi\/nukkekoti\/wp-json\/wp\/v2\/posts"}],"about":[{"href":"https:\/\/www.kinanen.fi\/nukkekoti\/wp-json\/wp\/v2\/types\/post"}],"author":[{"embeddable":true,"href":"https:\/\/www.kinanen.fi\/nukkekoti\/wp-json\/wp\/v2\/users\/1"}],"replies":[{"embeddable":true,"href":"https:\/\/www.kinanen.fi\/nukkekoti\/wp-json\/wp\/v2\/comments?post=11319"}],"version-history":[{"count":2,"href":"https:\/\/www.kinanen.fi\/nukkekoti\/wp-json\/wp\/v2\/posts\/11319\/revisions"}],"predecessor-version":[{"id":11342,"href":"https:\/\/www.kinanen.fi\/nukkekoti\/wp-json\/wp\/v2\/posts\/11319\/revisions\/11342"}],"wp:attachment":[{"href":"https:\/\/www.kinanen.fi\/nukkekoti\/wp-json\/wp\/v2\/media?parent=11319"}],"wp:term":[{"taxonomy":"category","embeddable":true,"href":"https:\/\/www.kinanen.fi\/nukkekoti\/wp-json\/wp\/v2\/categories?post=11319"},{"taxonomy":"post_tag","embeddable":true,"href":"https:\/\/www.kinanen.fi\/nukkekoti\/wp-json\/wp\/v2\/tags?post=11319"}],"curies":[{"name":"wp","href":"https:\/\/api.w.org\/{rel}","templated":true}]}}