{"id":11344,"date":"2018-04-30T17:48:31","date_gmt":"2018-04-30T14:48:31","guid":{"rendered":"http:\/\/kinanen.fi\/wordpress\/?p=11344"},"modified":"2018-04-30T17:52:17","modified_gmt":"2018-04-30T14:52:17","slug":"parhainta-vappua","status":"publish","type":"post","link":"https:\/\/www.kinanen.fi\/nukkekoti\/parhainta-vappua\/","title":{"rendered":"Parhainta Vappua!"},"content":{"rendered":"<p>Eevert on pist\u00e4nyt p\u00f6yd\u00e4n koreaksi kev\u00e4\u00e4n juhlaa varten. T\u00e4n\u00e4\u00e4n paistaakin aurinko hienosti. On oikein mukava nauttia p\u00f6yd\u00e4n antimista ulkona.<\/p>\n<figure id=\"attachment_4728\" aria-describedby=\"caption-attachment-4728\" style=\"width: 640px\" class=\"wp-caption aligncenter\"><img fetchpriority=\"high\" decoding=\"async\" class=\"size-full wp-image-4728\" src=\"http:\/\/kinanen.fi\/wordpress\/wp-content\/uploads\/2012\/04\/vappu2.jpg\" alt=\"Vappu\" width=\"640\" height=\"633\" \/><figcaption id=\"caption-attachment-4728\" class=\"wp-caption-text\">Vappu<\/figcaption><\/figure>\n<p>Alun perin Vapun p\u00e4iv\u00e4\u00e4 vietettiin abbedissa Walborgin pyhimykseksi julistamisen muistoksi. Valpurin y\u00f6n\u00e4 luultiin noitien ratsastavan luudilla ja pukeilla vanhoille uhripaikoille. Noitien s\u00e4ikytt\u00e4miseksi pidettiin melua mm. laukauksilla, torvilla ja sytytettiin tulia kukkuloille. Jaa, sielt\u00e4 varmaan juontavat juurensa vappupillit ja torvet.<\/p>\n<p>Nyky\u00e4\u00e4n Vapun p\u00e4iv\u00e4\u00e4 aattoineen vietet\u00e4\u00e4n ty\u00f6v\u00e4en, ylioppilaiden ja kev\u00e4\u00e4n karnevaalijuhlana.<\/p>\n<p>Vapunvieton perinteisiin kuuluvat vappumarssit ja -kulkueet, ylioppilaiden kuorolauluesitykset sek\u00e4 patsaiden lakitukset. Vapputunnelmaa luovat puhallinorkesterimusiikki ja kaikenlainen vappurekvisiitta serpentiineist\u00e4 ilmapalloihin.<\/p>\n<p>Joskus nuorempana Eevertkin suuntasi kaupungin keskustaan katselemaan vapun juhlijoita. Varsinainen juhlija h\u00e4n ei ole koskaan itse kuitenkaan ollut.<\/p>\n<figure id=\"attachment_9490\" aria-describedby=\"caption-attachment-9490\" style=\"width: 640px\" class=\"wp-caption aligncenter\"><img decoding=\"async\" class=\"size-full wp-image-9490\" src=\"http:\/\/kinanen.fi\/wordpress\/wp-content\/uploads\/2015\/12\/16.12.-1-5.jpg\" alt=\"\" width=\"640\" height=\"427\" \/><figcaption id=\"caption-attachment-9490\" class=\"wp-caption-text\">Leivonta-aineet<\/figcaption><\/figure>\n<p>Nuorena poikana Eevert\u00a0muistaa Vapun juuri sellaisena aikana kun \u00e4iti paistoi kasap\u00e4in munkkeja. Niit\u00e4 syntyi p\u00e4iv\u00e4n aikana kokonainen vuorellinen keitti\u00f6n p\u00f6yd\u00e4lle. Silloin niit\u00e4 sai sy\u00f6d\u00e4 niin paljon kuin vain jaksoi. Kylm\u00e4 maito munkin kanssa oli ehk\u00e4 parasta mit\u00e4 Eevert tiesi. Ei tainnut muu ruoka vapunaikaan kiinnostaakaa.<\/p>\n<p>Vanhemmiten munkkien kanssa on tullut maltillisemmaksi, silti se yksi munkki edelleen kuuluu Eevertin rituaaleihin vapun aikaan. Tippaleip\u00e4\u00e4 sensijaan ei ole juurikaan tullut sy\u00f6dyksi. Liek\u00f6 sitten ollut jonkin toisen kansanosan suosikkina ja siksi j\u00e4\u00e4nyt vieraammaksi.<\/p>\n<figure id=\"attachment_3014\" aria-describedby=\"caption-attachment-3014\" style=\"width: 446px\" class=\"wp-caption aligncenter\"><img decoding=\"async\" class=\"size-full wp-image-3014\" src=\"http:\/\/kinanen.fi\/wordpress\/wp-content\/uploads\/2011\/04\/vappu.jpg\" alt=\"Pallot\" width=\"446\" height=\"640\" \/><figcaption id=\"caption-attachment-3014\" class=\"wp-caption-text\">Pallot<\/figcaption><\/figure>\n<h5>Eevert toivottaa kaikille oikein hyv\u00e4\u00e4 Vapun aikaa!<\/h5>\n","protected":false},"excerpt":{"rendered":"<p>Eevert on pist\u00e4nyt p\u00f6yd\u00e4n koreaksi kev\u00e4\u00e4n juhlaa varten. T\u00e4n\u00e4\u00e4n paistaakin aurinko hienosti. On oikein mukava nauttia p\u00f6yd\u00e4n antimista ulkona. Alun perin Vapun p\u00e4iv\u00e4\u00e4 vietettiin abbedissa Walborgin pyhimykseksi julistamisen muistoksi. Valpurin y\u00f6n\u00e4 luultiin noitien ratsastavan luudilla ja pukeilla vanhoille uhripaikoille. Noitien s\u00e4ikytt\u00e4miseksi pidettiin melua mm. laukauksilla, torvilla ja sytytettiin tulia kukkuloille. Jaa, sielt\u00e4 varmaan juontavat juurensa [&hellip;]<\/p>\n","protected":false},"author":1,"featured_media":0,"comment_status":"open","ping_status":"open","sticky":false,"template":"","format":"standard","meta":{"footnotes":""},"categories":[],"tags":[],"class_list":["post-11344","post","type-post","status-publish","format-standard","hentry"],"_links":{"self":[{"href":"https:\/\/www.kinanen.fi\/nukkekoti\/wp-json\/wp\/v2\/posts\/11344","targetHints":{"allow":["GET"]}}],"collection":[{"href":"https:\/\/www.kinanen.fi\/nukkekoti\/wp-json\/wp\/v2\/posts"}],"about":[{"href":"https:\/\/www.kinanen.fi\/nukkekoti\/wp-json\/wp\/v2\/types\/post"}],"author":[{"embeddable":true,"href":"https:\/\/www.kinanen.fi\/nukkekoti\/wp-json\/wp\/v2\/users\/1"}],"replies":[{"embeddable":true,"href":"https:\/\/www.kinanen.fi\/nukkekoti\/wp-json\/wp\/v2\/comments?post=11344"}],"version-history":[{"count":3,"href":"https:\/\/www.kinanen.fi\/nukkekoti\/wp-json\/wp\/v2\/posts\/11344\/revisions"}],"predecessor-version":[{"id":11346,"href":"https:\/\/www.kinanen.fi\/nukkekoti\/wp-json\/wp\/v2\/posts\/11344\/revisions\/11346"}],"wp:attachment":[{"href":"https:\/\/www.kinanen.fi\/nukkekoti\/wp-json\/wp\/v2\/media?parent=11344"}],"wp:term":[{"taxonomy":"category","embeddable":true,"href":"https:\/\/www.kinanen.fi\/nukkekoti\/wp-json\/wp\/v2\/categories?post=11344"},{"taxonomy":"post_tag","embeddable":true,"href":"https:\/\/www.kinanen.fi\/nukkekoti\/wp-json\/wp\/v2\/tags?post=11344"}],"curies":[{"name":"wp","href":"https:\/\/api.w.org\/{rel}","templated":true}]}}