{"id":11355,"date":"2018-05-10T19:51:45","date_gmt":"2018-05-10T16:51:45","guid":{"rendered":"http:\/\/kinanen.fi\/wordpress\/?p=11355"},"modified":"2018-05-11T19:37:28","modified_gmt":"2018-05-11T16:37:28","slug":"viela-odotuttaa","status":"publish","type":"post","link":"https:\/\/www.kinanen.fi\/nukkekoti\/viela-odotuttaa\/","title":{"rendered":"Viel\u00e4 odotuttaa"},"content":{"rendered":"<p>Mineilyt ovat saaneet odottaa viel\u00e4 vuoroaan. Askarteluhuoneen valtasivat alkuun taimet.<\/p>\n<p>Nyt ne on istutettu parvekkeelle, kukin omaan paikkaansa. Melkein kaikki mahtuivat. Muutama kurkun taimi j\u00e4i viel\u00e4 vaille loppusijoituspaikkaansa.<\/p>\n<figure id=\"attachment_11361\" aria-describedby=\"caption-attachment-11361\" style=\"width: 600px\" class=\"wp-caption aligncenter\"><img fetchpriority=\"high\" decoding=\"async\" class=\"size-full wp-image-11361\" src=\"http:\/\/kinanen.fi\/wordpress\/wp-content\/uploads\/2018\/05\/parveke-2.jpg\" alt=\"\" width=\"600\" height=\"450\" \/><figcaption id=\"caption-attachment-11361\" class=\"wp-caption-text\">Planttaasi<\/figcaption><\/figure>\n<p>Ansari mahtui hyvin puutarhap\u00e4\u00e4tyyn. Kasvulavoja laitoin vain kaksi paikoilleen. Katsotaan sitten ensi vuonna korotetaanko niit\u00e4. Lavoja on varastossa viel\u00e4 useampia.<\/p>\n<p>Varttumaan p\u00e4\u00e4siv\u00e4t kurkut, chilit, tomaatit, salaatit ja erilaiset yrtit.<\/p>\n<figure id=\"attachment_11359\" aria-describedby=\"caption-attachment-11359\" style=\"width: 600px\" class=\"wp-caption aligncenter\"><img decoding=\"async\" class=\"size-full wp-image-11359\" src=\"http:\/\/kinanen.fi\/wordpress\/wp-content\/uploads\/2018\/05\/parveke-1.jpg\" alt=\"\" width=\"600\" height=\"800\" \/><figcaption id=\"caption-attachment-11359\" class=\"wp-caption-text\">Olop\u00e4\u00e4ty<\/figcaption><\/figure>\n<p>Viel\u00e4 j\u00e4i hyvin tilaa oleiluunkin \ud83d\ude42<\/p>\n<p>Huiman iso on tuo parveke.<\/p>\n<figure id=\"attachment_11357\" aria-describedby=\"caption-attachment-11357\" style=\"width: 600px\" class=\"wp-caption aligncenter\"><img decoding=\"async\" class=\"size-full wp-image-11357\" src=\"http:\/\/kinanen.fi\/wordpress\/wp-content\/uploads\/2018\/05\/parveke-1-1.jpg\" alt=\"\" width=\"600\" height=\"450\" \/><figcaption id=\"caption-attachment-11357\" class=\"wp-caption-text\">Apulainen<\/figcaption><\/figure>\n<p>Tytt\u00e4ren koira tuli istutushommiin hanslankariksi. Aika heikoksi j\u00e4i osallistuminen. Koira nukkui pitk\u00e4n\u00e4 ja nautiskellen auringiossa l\u00e4hes koko p\u00e4iv\u00e4n.<\/p>\n<p>Jotakin askarrusta v\u00e4hitellen tulee mukaan. Menin lupaamaan, ett\u00e4 tottakai tulen leirille hoitamaan korupajaa, jos kerran kaikki tulee paikalle valmiina. No, ei sitten ihan tullut. Mit\u00e4 min\u00e4 t\u00e4ll\u00e4 teen?<\/p>\n<figure id=\"attachment_11360\" aria-describedby=\"caption-attachment-11360\" style=\"width: 600px\" class=\"wp-caption aligncenter\"><img loading=\"lazy\" decoding=\"async\" class=\"size-full wp-image-11360\" src=\"http:\/\/kinanen.fi\/wordpress\/wp-content\/uploads\/2018\/05\/parveke-2-1.jpg\" alt=\"\" width=\"600\" height=\"598\" \/><figcaption id=\"caption-attachment-11360\" class=\"wp-caption-text\">Vuolukivi<\/figcaption><\/figure>\n<p>Vuolukivista pit\u00e4isi saada jotakin koruntapaista aikaiseksi. \u00a0Kovin paljon ei aiheesta l\u00f6ytynyt osviittaa, joten eih\u00e4n se auta kuin l\u00e4hte\u00e4 tutkimaan miten t\u00e4mm\u00f6isen kiuaskiven saisi edes palasiksi.<\/p>\n<figure id=\"attachment_11358\" aria-describedby=\"caption-attachment-11358\" style=\"width: 600px\" class=\"wp-caption aligncenter\"><img loading=\"lazy\" decoding=\"async\" class=\"size-full wp-image-11358\" src=\"http:\/\/kinanen.fi\/wordpress\/wp-content\/uploads\/2018\/05\/parveke-1-2.jpg\" alt=\"\" width=\"600\" height=\"415\" \/><figcaption id=\"caption-attachment-11358\" class=\"wp-caption-text\">Sahausta<\/figcaption><\/figure>\n<p>Sahalla kuulema saa. No sitten vain sahaamaan ensin k\u00e4sipelill\u00e4.<\/p>\n<figure id=\"attachment_11362\" aria-describedby=\"caption-attachment-11362\" style=\"width: 600px\" class=\"wp-caption aligncenter\"><img loading=\"lazy\" decoding=\"async\" class=\"size-full wp-image-11362\" src=\"http:\/\/kinanen.fi\/wordpress\/wp-content\/uploads\/2018\/05\/parveke-3.jpg\" alt=\"\" width=\"600\" height=\"450\" \/><figcaption id=\"caption-attachment-11362\" class=\"wp-caption-text\">Palaset<\/figcaption><\/figure>\n<p>Saihan sen sahalla pieneksi. Sitten pit\u00e4isi jotenkin ty\u00f6st\u00e4\u00e4.<\/p>\n<p>&nbsp;<\/p>\n<p>T\u00e4m\u00e4 tarina jatkuu viel\u00e4 \ud83d\ude00<\/p>\n<p>&nbsp;<\/p>\n<p>Sain ty\u00f6stetty\u00e4 irtisaamaani palasta hieman puutarhahommien lomassa. Ihan itsekin yll\u00e4tyy ett\u00e4 sit\u00e4 on mahdollista hieman muokata hyvin alkeellisisillakin v\u00e4lineill\u00e4.<\/p>\n<figure id=\"attachment_11366\" aria-describedby=\"caption-attachment-11366\" style=\"width: 600px\" class=\"wp-caption aligncenter\"><img loading=\"lazy\" decoding=\"async\" class=\"size-full wp-image-11366\" src=\"http:\/\/kinanen.fi\/wordpress\/wp-content\/uploads\/2018\/05\/parveke-1-3.jpg\" alt=\"\" width=\"600\" height=\"450\" \/><figcaption id=\"caption-attachment-11366\" class=\"wp-caption-text\">Valmis koru<\/figcaption><\/figure>\n<p>Ty\u00f6st\u00f6v\u00e4linein\u00e4 pienet viilat. Pintaa hieman tasotin ja lopulta siveli oliivi\u00f6ljyll\u00e4. Varmaan jokin p\u00e4tev\u00e4mpikin \u00f6ljy olisi olemassa, mutta ei nyt sattunut vaikka pellava\u00f6ljy\u00e4 olemaan kotona \ud83d\ude00<\/p>\n<p>Harjoitukset jatkuvat viel\u00e4, ennenkuin n\u00e4it\u00e4 taitoja voi opastaa eteenp\u00e4in.<\/p>\n","protected":false},"excerpt":{"rendered":"<p>Mineilyt ovat saaneet odottaa viel\u00e4 vuoroaan. Askarteluhuoneen valtasivat alkuun taimet. Nyt ne on istutettu parvekkeelle, kukin omaan paikkaansa. Melkein kaikki mahtuivat. Muutama kurkun taimi j\u00e4i viel\u00e4 vaille loppusijoituspaikkaansa. Ansari mahtui hyvin puutarhap\u00e4\u00e4tyyn. Kasvulavoja laitoin vain kaksi paikoilleen. Katsotaan sitten ensi vuonna korotetaanko niit\u00e4. Lavoja on varastossa viel\u00e4 useampia. Varttumaan p\u00e4\u00e4siv\u00e4t kurkut, chilit, tomaatit, salaatit ja [&hellip;]<\/p>\n","protected":false},"author":1,"featured_media":0,"comment_status":"open","ping_status":"open","sticky":false,"template":"","format":"standard","meta":{"footnotes":""},"categories":[],"tags":[],"class_list":["post-11355","post","type-post","status-publish","format-standard","hentry"],"_links":{"self":[{"href":"https:\/\/www.kinanen.fi\/nukkekoti\/wp-json\/wp\/v2\/posts\/11355","targetHints":{"allow":["GET"]}}],"collection":[{"href":"https:\/\/www.kinanen.fi\/nukkekoti\/wp-json\/wp\/v2\/posts"}],"about":[{"href":"https:\/\/www.kinanen.fi\/nukkekoti\/wp-json\/wp\/v2\/types\/post"}],"author":[{"embeddable":true,"href":"https:\/\/www.kinanen.fi\/nukkekoti\/wp-json\/wp\/v2\/users\/1"}],"replies":[{"embeddable":true,"href":"https:\/\/www.kinanen.fi\/nukkekoti\/wp-json\/wp\/v2\/comments?post=11355"}],"version-history":[{"count":4,"href":"https:\/\/www.kinanen.fi\/nukkekoti\/wp-json\/wp\/v2\/posts\/11355\/revisions"}],"predecessor-version":[{"id":11367,"href":"https:\/\/www.kinanen.fi\/nukkekoti\/wp-json\/wp\/v2\/posts\/11355\/revisions\/11367"}],"wp:attachment":[{"href":"https:\/\/www.kinanen.fi\/nukkekoti\/wp-json\/wp\/v2\/media?parent=11355"}],"wp:term":[{"taxonomy":"category","embeddable":true,"href":"https:\/\/www.kinanen.fi\/nukkekoti\/wp-json\/wp\/v2\/categories?post=11355"},{"taxonomy":"post_tag","embeddable":true,"href":"https:\/\/www.kinanen.fi\/nukkekoti\/wp-json\/wp\/v2\/tags?post=11355"}],"curies":[{"name":"wp","href":"https:\/\/api.w.org\/{rel}","templated":true}]}}