{"id":11516,"date":"2018-07-22T11:12:20","date_gmt":"2018-07-22T08:12:20","guid":{"rendered":"http:\/\/kinanen.fi\/wordpress\/?p=11516"},"modified":"2018-07-22T11:14:02","modified_gmt":"2018-07-22T08:14:02","slug":"majakkasaarella-soderskar","status":"publish","type":"post","link":"https:\/\/www.kinanen.fi\/nukkekoti\/majakkasaarella-soderskar\/","title":{"rendered":"Majakkasaarella &#8211; S\u00f6dersk\u00e4r"},"content":{"rendered":"<p>Helteet eiv\u00e4t ota laantuakseen, joten Eevert p\u00e4\u00e4tti l\u00e4hte\u00e4 merelle vilvoittelemaan. Keliksi oli luvattu v\u00e4hint\u00e4\u00e4nkin sateista pilvip\u00e4iv\u00e4\u00e4, eik\u00e4 kuulema ukkonenkaan kaukana olisi.<\/p>\n<p>Siisp\u00e4 ev\u00e4\u00e4t reppuun ja menoksi.<\/p>\n<figure id=\"attachment_11519\" aria-describedby=\"caption-attachment-11519\" style=\"width: 600px\" class=\"wp-caption aligncenter\"><img fetchpriority=\"high\" decoding=\"async\" class=\"size-full wp-image-11519\" src=\"http:\/\/kinanen.fi\/wordpress\/wp-content\/uploads\/2018\/07\/S\u00f6dersk\u00e4r-2.jpg\" alt=\"\" width=\"600\" height=\"400\" \/><figcaption id=\"caption-attachment-11519\" class=\"wp-caption-text\">M\u00e4\u00e4r\u00e4np\u00e4\u00e4 h\u00e4\u00e4m\u00f6tt\u00e4\u00e4<\/figcaption><\/figure>\n<p>Eevert astui laivaan Vuosaaresta ja kipparilla n\u00e4ytti olevan suora linja kohti majakkaa heti laiturista p\u00e4\u00e4sty\u00e4\u00e4n. V\u00e4hitellen taivaan rannassa sojottava torni tuli l\u00e4hemm\u00e4ksi.<\/p>\n<figure id=\"attachment_11520\" aria-describedby=\"caption-attachment-11520\" style=\"width: 600px\" class=\"wp-caption aligncenter\"><img decoding=\"async\" class=\"size-full wp-image-11520\" src=\"http:\/\/kinanen.fi\/wordpress\/wp-content\/uploads\/2018\/07\/S\u00f6dersk\u00e4r-3.jpg\" alt=\"\" width=\"600\" height=\"400\" \/><figcaption id=\"caption-attachment-11520\" class=\"wp-caption-text\">Majakkasaari<\/figcaption><\/figure>\n<p>T\u00e4h\u00e4n aikaan vuodesta maihinnnousu on sallittu vain tiettyjen liikenn\u00f6itsijoiden toimesta. Saari tai saaret ovat lintujen pesim\u00e4paikkoja ja pesimisrauha on taattava n\u00e4ille merilinnuille.<\/p>\n<figure id=\"attachment_11517\" aria-describedby=\"caption-attachment-11517\" style=\"width: 600px\" class=\"wp-caption aligncenter\"><img decoding=\"async\" class=\"size-full wp-image-11517\" src=\"http:\/\/kinanen.fi\/wordpress\/wp-content\/uploads\/2018\/07\/S\u00f6dersk\u00e4r-1-3.jpg\" alt=\"\" width=\"600\" height=\"600\" \/><figcaption id=\"caption-attachment-11517\" class=\"wp-caption-text\">Satamassa<\/figcaption><\/figure>\n<p>K\u00e4yt\u00f6ss\u00e4 olevat kulkureitit oli merkitty k\u00f6ysin. Rantaan p\u00e4\u00e4sty\u00e4 olivat loputkin pilvet kadonneet taivaalta.<\/p>\n<figure id=\"attachment_11525\" aria-describedby=\"caption-attachment-11525\" style=\"width: 600px\" class=\"wp-caption aligncenter\"><img loading=\"lazy\" decoding=\"async\" class=\"size-full wp-image-11525\" src=\"http:\/\/kinanen.fi\/wordpress\/wp-content\/uploads\/2018\/07\/S\u00f6dersk\u00e4r-8.jpg\" alt=\"\" width=\"600\" height=\"800\" \/><figcaption id=\"caption-attachment-11525\" class=\"wp-caption-text\">Majakan ihailija<\/figcaption><\/figure>\n<p>On se kyll\u00e4 mahtava rakennelma. Ik\u00e4\u00e4kin melkoisesti,\u00a0koska S\u00f6dersk\u00e4rin majakka valmistui Mattlandetin kalliosaarelle Porvoon ulkosaaristoon vuonna 1862. On se paljon kerennyt n\u00e4kem\u00e4\u00e4n el\u00e4m\u00e4ns\u00e4 aikana.<\/p>\n<figure id=\"attachment_11526\" aria-describedby=\"caption-attachment-11526\" style=\"width: 600px\" class=\"wp-caption aligncenter\"><img loading=\"lazy\" decoding=\"async\" class=\"size-full wp-image-11526\" src=\"http:\/\/kinanen.fi\/wordpress\/wp-content\/uploads\/2018\/07\/S\u00f6dersk\u00e4r-9.jpg\" alt=\"\" width=\"600\" height=\"450\" \/><figcaption id=\"caption-attachment-11526\" class=\"wp-caption-text\">Torni<\/figcaption><\/figure>\n<p>Alunperin majakka oli tarkoitus rakentaa harmaakivest\u00e4. Sit\u00e4 ei saatu tarpeeksi, joten yl\u00e4osa on tehty tiilest\u00e4. My\u00f6hemmin majakaa on vahvistettu, jotta se kest\u00e4isi paremmin myrskyt ja myllerrykset. \u00a0Ja onhan se kest\u00e4nyt n\u00e4ihin p\u00e4iviin saakka, ihastelee Eevert.<\/p>\n<figure id=\"attachment_11531\" aria-describedby=\"caption-attachment-11531\" style=\"width: 600px\" class=\"wp-caption aligncenter\"><img loading=\"lazy\" decoding=\"async\" class=\"size-full wp-image-11531\" src=\"http:\/\/kinanen.fi\/wordpress\/wp-content\/uploads\/2018\/07\/S\u00f6dersk\u00e4r-1-6.jpg\" alt=\"\" width=\"600\" height=\"450\" \/><figcaption id=\"caption-attachment-11531\" class=\"wp-caption-text\">Majakkahuone<\/figcaption><\/figure>\n<p>Majakka on kuusikerroksinen ja melko tiukat ja astinlaudoiltaan kapeat puuportaat johtavat yl\u00f6s. Tasanteille koottu n\u00e4yttely kertoo majakan historiasta.<\/p>\n<figure id=\"attachment_11532\" aria-describedby=\"caption-attachment-11532\" style=\"width: 600px\" class=\"wp-caption aligncenter\"><img loading=\"lazy\" decoding=\"async\" class=\"size-full wp-image-11532\" src=\"http:\/\/kinanen.fi\/wordpress\/wp-content\/uploads\/2018\/07\/S\u00f6dersk\u00e4r-1-7.jpg\" alt=\"\" width=\"600\" height=\"858\" \/><figcaption id=\"caption-attachment-11532\" class=\"wp-caption-text\">Kuva<\/figcaption><\/figure>\n<p>Varhaisimmat valokuvat olivat 1800-luvun lopulta.\u00a0Komeat ovat olleet virka-asut luotseilla.<\/p>\n<figure id=\"attachment_11530\" aria-describedby=\"caption-attachment-11530\" style=\"width: 600px\" class=\"wp-caption aligncenter\"><img loading=\"lazy\" decoding=\"async\" class=\"size-full wp-image-11530\" src=\"http:\/\/kinanen.fi\/wordpress\/wp-content\/uploads\/2018\/07\/S\u00f6dersk\u00e4r-1-5.jpg\" alt=\"\" width=\"600\" height=\"450\" \/><figcaption id=\"caption-attachment-11530\" class=\"wp-caption-text\">Tove-huone<\/figcaption><\/figure>\n<p>Majakka on ollut muumi-tarinoiden innoittajana. Muumipappa ja meri kertoo majakasta, joka suurella todenn\u00e4k\u00f6isyydell\u00e4 on juuri S\u00f6dersk\u00e4r. Laverilla varustetussa pieness\u00e4 huoneessa on Tove Janssonin piirroksia ja h\u00e4nen is\u00e4ns\u00e4 lokikirjojen kansia n\u00e4kyvill\u00e4, joihin Tove on piirt\u00e4nyt vuoteen sijoittuvien tapahtumien kuvia.<\/p>\n<figure id=\"attachment_11524\" aria-describedby=\"caption-attachment-11524\" style=\"width: 600px\" class=\"wp-caption aligncenter\"><img loading=\"lazy\" decoding=\"async\" class=\"size-full wp-image-11524\" src=\"http:\/\/kinanen.fi\/wordpress\/wp-content\/uploads\/2018\/07\/S\u00f6dersk\u00e4r-7.jpg\" alt=\"\" width=\"600\" height=\"800\" \/><figcaption id=\"caption-attachment-11524\" class=\"wp-caption-text\">Valo<\/figcaption><\/figure>\n<p>Majakassa on yll\u00e4tt\u00e4v\u00e4n kuuma. Vanhaalle valomerkille saakka p\u00e4\u00e4see nousemaan. On se iso lamppu.<\/p>\n<figure id=\"attachment_11528\" aria-describedby=\"caption-attachment-11528\" style=\"width: 600px\" class=\"wp-caption aligncenter\"><img loading=\"lazy\" decoding=\"async\" class=\"size-full wp-image-11528\" src=\"http:\/\/kinanen.fi\/wordpress\/wp-content\/uploads\/2018\/07\/S\u00f6dersk\u00e4r-1-1.jpg\" alt=\"\" width=\"600\" height=\"800\" \/><figcaption id=\"caption-attachment-11528\" class=\"wp-caption-text\">Lampun mittakeppin\u00e4<\/figcaption><\/figure>\n<p>Itse lamppu on korkeampi kuin seurueen neito.<\/p>\n<p>N\u00e4kym\u00e4t ylh\u00e4\u00e4lt\u00e4 olivat kauniit. Tosin enimm\u00e4kseen avomerta.<\/p>\n<figure id=\"attachment_11523\" aria-describedby=\"caption-attachment-11523\" style=\"width: 600px\" class=\"wp-caption aligncenter\"><img loading=\"lazy\" decoding=\"async\" class=\"size-full wp-image-11523\" src=\"http:\/\/kinanen.fi\/wordpress\/wp-content\/uploads\/2018\/07\/S\u00f6dersk\u00e4r-6.jpg\" alt=\"\" width=\"600\" height=\"450\" \/><figcaption id=\"caption-attachment-11523\" class=\"wp-caption-text\">Majakkasaaret<\/figcaption><\/figure>\n<p>Majakkasaarilla on my\u00f6s asuinrakennuksia, sill\u00e4 majakanvartija sek\u00e4 kalastajat tarvitsivat rakennuksia. Takimmaisella saarella on luotsin talo. Sinne ei ollut ollenkaan asiaa viel\u00e4 t\u00e4ss\u00e4 kohden kes\u00e4\u00e4. Alue on rauhoitettu.<\/p>\n<figure id=\"attachment_11521\" aria-describedby=\"caption-attachment-11521\" style=\"width: 600px\" class=\"wp-caption aligncenter\"><img loading=\"lazy\" decoding=\"async\" class=\"size-full wp-image-11521\" src=\"http:\/\/kinanen.fi\/wordpress\/wp-content\/uploads\/2018\/07\/S\u00f6dersk\u00e4r-4.jpg\" alt=\"\" width=\"600\" height=\"800\" \/><figcaption id=\"caption-attachment-11521\" class=\"wp-caption-text\">Ikkuna<\/figcaption><\/figure>\n<p>Majakan kaikilla sivuilla oli ikkunoita. Jokaisesta erilainen n\u00e4kym\u00e4.<\/p>\n<figure id=\"attachment_11522\" aria-describedby=\"caption-attachment-11522\" style=\"width: 600px\" class=\"wp-caption aligncenter\"><img loading=\"lazy\" decoding=\"async\" class=\"size-full wp-image-11522\" src=\"http:\/\/kinanen.fi\/wordpress\/wp-content\/uploads\/2018\/07\/S\u00f6dersk\u00e4r-5.jpg\" alt=\"\" width=\"600\" height=\"800\" \/><figcaption id=\"caption-attachment-11522\" class=\"wp-caption-text\">Purjelaiva<\/figcaption><\/figure>\n<p>Oi miten komea laiva, huudahti Eevert innoissaan er\u00e4\u00e4n kerroksen ikkunasyvennykseen laitetun purjelaivan n\u00e4hdess\u00e4\u00e4n.<\/p>\n<figure id=\"attachment_11533\" aria-describedby=\"caption-attachment-11533\" style=\"width: 600px\" class=\"wp-caption aligncenter\"><img loading=\"lazy\" decoding=\"async\" class=\"size-full wp-image-11533\" src=\"http:\/\/kinanen.fi\/wordpress\/wp-content\/uploads\/2018\/07\/S\u00f6dersk\u00e4r-1-8.jpg\" alt=\"\" width=\"600\" height=\"800\" \/><figcaption id=\"caption-attachment-11533\" class=\"wp-caption-text\">Portaat<\/figcaption><\/figure>\n<p>Laskeutuminen tornista oli haasteellisempaa kuin nouseminen. Onneksi ei ollut kiire.<\/p>\n<p>Ev\u00e4stauolla sitten keksi seurueemme, ett\u00e4 minusta &#8211; Eevertist\u00e4 &#8211; ei tullut otetuksi yht\u00e4\u00e4n kuvaa majakan n\u00e4k\u00f6alatasanteella. \u00a0H\u00e4mmennys oli ilmiselv\u00e4, mutta kukaan seurueen j\u00e4senist\u00e4 ei ollut en\u00e4\u00e4 halukas kiipe\u00e4m\u00e4\u00e4n takaisin, koska laiva oli pian l\u00e4htem\u00e4ss\u00e4 satamasta kohti kotia.<\/p>\n<figure id=\"attachment_11527\" aria-describedby=\"caption-attachment-11527\" style=\"width: 600px\" class=\"wp-caption aligncenter\"><img loading=\"lazy\" decoding=\"async\" class=\"size-full wp-image-11527\" src=\"http:\/\/kinanen.fi\/wordpress\/wp-content\/uploads\/2018\/07\/S\u00f6dersk\u00e4r-10.jpg\" alt=\"\" width=\"600\" height=\"772\" \/><figcaption id=\"caption-attachment-11527\" class=\"wp-caption-text\">Majakka<\/figcaption><\/figure>\n<p>Onneksi laivan satamapaikalla oli toinen majakka, jonka korkeuksiin Eevert p\u00e4\u00e4si kiipe\u00e4m\u00e4\u00e4n.<\/p>\n<figure id=\"attachment_11518\" aria-describedby=\"caption-attachment-11518\" style=\"width: 600px\" class=\"wp-caption aligncenter\"><img loading=\"lazy\" decoding=\"async\" class=\"size-full wp-image-11518\" src=\"http:\/\/kinanen.fi\/wordpress\/wp-content\/uploads\/2018\/07\/S\u00f6dersk\u00e4r-1-4.jpg\" alt=\"\" width=\"600\" height=\"500\" \/><figcaption id=\"caption-attachment-11518\" class=\"wp-caption-text\">Majakanvartija<\/figcaption><\/figure>\n<p>Hyv\u00e4t n\u00e4kym\u00e4t t\u00e4\u00e4lt\u00e4kin on, hihkui Eevert onnellisena.<\/p>\n<p>Reissun p\u00e4\u00e4tteeksi oli viel\u00e4 tarjolla maukasta kakkua seurueeseen kuuluneen neidon syntym\u00e4p\u00e4ivien kunniaksi.<\/p>\n<figure id=\"attachment_11536\" aria-describedby=\"caption-attachment-11536\" style=\"width: 600px\" class=\"wp-caption aligncenter\"><img loading=\"lazy\" decoding=\"async\" class=\"size-full wp-image-11536\" src=\"http:\/\/kinanen.fi\/wordpress\/wp-content\/uploads\/2018\/07\/S\u00f6dersk\u00e4r-1-9.jpg\" alt=\"\" width=\"600\" height=\"450\" \/><figcaption id=\"caption-attachment-11536\" class=\"wp-caption-text\">Mansikkakakku<\/figcaption><\/figure>\n<p>&nbsp;<\/p>\n","protected":false},"excerpt":{"rendered":"<p>Helteet eiv\u00e4t ota laantuakseen, joten Eevert p\u00e4\u00e4tti l\u00e4hte\u00e4 merelle vilvoittelemaan. Keliksi oli luvattu v\u00e4hint\u00e4\u00e4nkin sateista pilvip\u00e4iv\u00e4\u00e4, eik\u00e4 kuulema ukkonenkaan kaukana olisi. Siisp\u00e4 ev\u00e4\u00e4t reppuun ja menoksi. Eevert astui laivaan Vuosaaresta ja kipparilla n\u00e4ytti olevan suora linja kohti majakkaa heti laiturista p\u00e4\u00e4sty\u00e4\u00e4n. V\u00e4hitellen taivaan rannassa sojottava torni tuli l\u00e4hemm\u00e4ksi. T\u00e4h\u00e4n aikaan vuodesta maihinnnousu on sallittu vain [&hellip;]<\/p>\n","protected":false},"author":1,"featured_media":0,"comment_status":"open","ping_status":"open","sticky":false,"template":"","format":"standard","meta":{"footnotes":""},"categories":[],"tags":[],"class_list":["post-11516","post","type-post","status-publish","format-standard","hentry"],"_links":{"self":[{"href":"https:\/\/www.kinanen.fi\/nukkekoti\/wp-json\/wp\/v2\/posts\/11516","targetHints":{"allow":["GET"]}}],"collection":[{"href":"https:\/\/www.kinanen.fi\/nukkekoti\/wp-json\/wp\/v2\/posts"}],"about":[{"href":"https:\/\/www.kinanen.fi\/nukkekoti\/wp-json\/wp\/v2\/types\/post"}],"author":[{"embeddable":true,"href":"https:\/\/www.kinanen.fi\/nukkekoti\/wp-json\/wp\/v2\/users\/1"}],"replies":[{"embeddable":true,"href":"https:\/\/www.kinanen.fi\/nukkekoti\/wp-json\/wp\/v2\/comments?post=11516"}],"version-history":[{"count":3,"href":"https:\/\/www.kinanen.fi\/nukkekoti\/wp-json\/wp\/v2\/posts\/11516\/revisions"}],"predecessor-version":[{"id":11537,"href":"https:\/\/www.kinanen.fi\/nukkekoti\/wp-json\/wp\/v2\/posts\/11516\/revisions\/11537"}],"wp:attachment":[{"href":"https:\/\/www.kinanen.fi\/nukkekoti\/wp-json\/wp\/v2\/media?parent=11516"}],"wp:term":[{"taxonomy":"category","embeddable":true,"href":"https:\/\/www.kinanen.fi\/nukkekoti\/wp-json\/wp\/v2\/categories?post=11516"},{"taxonomy":"post_tag","embeddable":true,"href":"https:\/\/www.kinanen.fi\/nukkekoti\/wp-json\/wp\/v2\/tags?post=11516"}],"curies":[{"name":"wp","href":"https:\/\/api.w.org\/{rel}","templated":true}]}}