{"id":11618,"date":"2018-12-01T14:16:57","date_gmt":"2018-12-01T12:16:57","guid":{"rendered":"http:\/\/kinanen.fi\/wordpress\/?p=11618"},"modified":"2018-12-01T15:01:47","modified_gmt":"2018-12-01T13:01:47","slug":"joulun-odotusta","status":"publish","type":"post","link":"https:\/\/www.kinanen.fi\/nukkekoti\/joulun-odotusta\/","title":{"rendered":"Joulun odotusta"},"content":{"rendered":"<p>T\u00e4n\u00e4 vuonna Eevertin joulu ilmestyy varsin pienimuotoisesti.<\/p>\n<p>Siihen aikaan kun Eevert yleens\u00e4 on perehtynyt joulutarinointiin ja -puuhiin oli t\u00e4n\u00e4 vuonna vallan muuta ajankulua. Upea kahden viikon kuntoutusjakso palveli syksyll\u00e4 enemm\u00e4n hyvinvoinnin saralla. Siksip\u00e4 tuli valittua hieman kevyemm\u00e4n sorttinen joulunaika. My\u00f6s t\u00e4ss\u00e4 1:1 kodissa.<\/p>\n<p><strong>V\u00e4hint\u00e4\u00e4n joka Adventti Eevert muistelee menneit\u00e4 tai keskittyy johonkin uuteen. Tervetuloa mukaan ihmettelem\u00e4\u00e4n joulun sanomaa.\u00a0<\/strong><\/p>\n<p>Miniel\u00e4m\u00e4 on ollut l\u00e4hes koko vuoden tauolla. Kev\u00e4isen muuton j\u00e4lkeen ei ole tullut keskitytty\u00e4 ministelyyn. Pikkuhiljaa jotakin ajatuksia on virinnyt ja ehk\u00e4 tullut jotakin kokeiltuakin. Ei vaan ole saanut blogiin saakka.<\/p>\n<figure id=\"attachment_3939\" aria-describedby=\"caption-attachment-3939\" style=\"width: 469px\" class=\"wp-caption aligncenter\"><img fetchpriority=\"high\" decoding=\"async\" class=\"size-full wp-image-3939\" src=\"http:\/\/kinanen.fi\/wordpress\/wp-content\/uploads\/2011\/11\/Joulukoristeet.jpg\" alt=\"Joulukoristelaatikko\" width=\"469\" height=\"640\" \/><figcaption id=\"caption-attachment-3939\" class=\"wp-caption-text\">Joulukoristelaatikko<\/figcaption><\/figure>\n<p>&nbsp;<\/p>\n<p>Aika kaivaa joulu esille.<\/p>\n","protected":false},"excerpt":{"rendered":"<p>T\u00e4n\u00e4 vuonna Eevertin joulu ilmestyy varsin pienimuotoisesti. Siihen aikaan kun Eevert yleens\u00e4 on perehtynyt joulutarinointiin ja -puuhiin oli t\u00e4n\u00e4 vuonna vallan muuta ajankulua. Upea kahden viikon kuntoutusjakso palveli syksyll\u00e4 enemm\u00e4n hyvinvoinnin saralla. Siksip\u00e4 tuli valittua hieman kevyemm\u00e4n sorttinen joulunaika. My\u00f6s t\u00e4ss\u00e4 1:1 kodissa. V\u00e4hint\u00e4\u00e4n joka Adventti Eevert muistelee menneit\u00e4 tai keskittyy johonkin uuteen. Tervetuloa mukaan [&hellip;]<\/p>\n","protected":false},"author":1,"featured_media":0,"comment_status":"open","ping_status":"open","sticky":false,"template":"","format":"standard","meta":{"footnotes":""},"categories":[],"tags":[],"class_list":["post-11618","post","type-post","status-publish","format-standard","hentry"],"_links":{"self":[{"href":"https:\/\/www.kinanen.fi\/nukkekoti\/wp-json\/wp\/v2\/posts\/11618","targetHints":{"allow":["GET"]}}],"collection":[{"href":"https:\/\/www.kinanen.fi\/nukkekoti\/wp-json\/wp\/v2\/posts"}],"about":[{"href":"https:\/\/www.kinanen.fi\/nukkekoti\/wp-json\/wp\/v2\/types\/post"}],"author":[{"embeddable":true,"href":"https:\/\/www.kinanen.fi\/nukkekoti\/wp-json\/wp\/v2\/users\/1"}],"replies":[{"embeddable":true,"href":"https:\/\/www.kinanen.fi\/nukkekoti\/wp-json\/wp\/v2\/comments?post=11618"}],"version-history":[{"count":3,"href":"https:\/\/www.kinanen.fi\/nukkekoti\/wp-json\/wp\/v2\/posts\/11618\/revisions"}],"predecessor-version":[{"id":11621,"href":"https:\/\/www.kinanen.fi\/nukkekoti\/wp-json\/wp\/v2\/posts\/11618\/revisions\/11621"}],"wp:attachment":[{"href":"https:\/\/www.kinanen.fi\/nukkekoti\/wp-json\/wp\/v2\/media?parent=11618"}],"wp:term":[{"taxonomy":"category","embeddable":true,"href":"https:\/\/www.kinanen.fi\/nukkekoti\/wp-json\/wp\/v2\/categories?post=11618"},{"taxonomy":"post_tag","embeddable":true,"href":"https:\/\/www.kinanen.fi\/nukkekoti\/wp-json\/wp\/v2\/tags?post=11618"}],"curies":[{"name":"wp","href":"https:\/\/api.w.org\/{rel}","templated":true}]}}