{"id":1772,"date":"2010-11-16T18:51:29","date_gmt":"2010-11-16T16:51:29","guid":{"rendered":"http:\/\/kinanen.fi\/wordpress\/?p=1772"},"modified":"2010-11-16T20:01:42","modified_gmt":"2010-11-16T18:01:42","slug":"knalli-ja-sateenvarjo","status":"publish","type":"post","link":"https:\/\/www.kinanen.fi\/nukkekoti\/knalli-ja-sateenvarjo\/","title":{"rendered":"Knalli ja sateenvarjo"},"content":{"rendered":"<p>Viikon verran jo valmistauduttu tulevaan Lontoon reissuun kuuntelemalla Knallia ja sateenvarjoa \ud83d\ude09<\/p>\n<p>Niit\u00e4 ikivanhoja kuunnelmajaksoja joita radiosta kuunneltiin paljon nuorempana.<\/p>\n<p>Muistatko?<\/p>\n<p>Kyll\u00e4 niit\u00e4 edelleenkin voi kuunnella vaikkapa YLE:n sivuilta. Omani lainasin kirjastosta. Kuvaa klikkaamalla p\u00e4\u00e4set kuuntelemaan.<\/p>\n<figure id=\"attachment_1773\" aria-describedby=\"caption-attachment-1773\" style=\"width: 499px\" class=\"wp-caption aligncenter\"><a href=\"http:\/\/www.yle.fi\/radio1\/draama\/knalli_ja_sateenvarjo\/\" target=\"_blank\"><img fetchpriority=\"high\" decoding=\"async\" class=\"size-full wp-image-1773\" title=\"N\u00e4ytt\u00f6kuva 2010-11-16 kohteessa 18.22.49\" src=\"http:\/\/kinanen.fi\/wordpress\/wp-content\/uploads\/2010\/11\/N\u00e4ytt\u00f6kuva-2010-11-16-kohteessa-18.22.49.png\" alt=\"Knalli ja sateenvarjo\" width=\"499\" height=\"286\" \/><\/a><figcaption id=\"caption-attachment-1773\" class=\"wp-caption-text\">Knalli ja sateenvarjo<\/figcaption><\/figure>\n<p>Eevertkin on jo ryhtynyt suunnittelemaan mit\u00e4 mahdollisesti tarvitsisi mukana. Ja matkakuumekin on jo kohta k\u00e4sin kosketeltavaa vaikka reissuun p\u00e4\u00e4syyn on viel\u00e4 aikaa monta p\u00e4iv\u00e4\u00e4.<\/p>\n<figure id=\"attachment_1774\" aria-describedby=\"caption-attachment-1774\" style=\"width: 500px\" class=\"wp-caption aligncenter\"><a href=\"http:\/\/kinanen.fi\/wordpress\/wp-content\/uploads\/2010\/11\/MarEve2.jpg\"><img decoding=\"async\" class=\"size-full wp-image-1774\" title=\"MarEve2\" src=\"http:\/\/kinanen.fi\/wordpress\/wp-content\/uploads\/2010\/11\/MarEve2.jpg\" alt=\"Matkalaukku\" width=\"500\" height=\"375\" \/><\/a><figcaption id=\"caption-attachment-1774\" class=\"wp-caption-text\">Matkalaukku<\/figcaption><\/figure>\n<p>Komea onkin matkalaukku, joka nyt p\u00e4\u00e4see ensimm\u00e4iselle oikealle matkalleen. Kunhan vain lentokoneen matkatavarat tulisivat ilman ongelmia perille saakka. Monesti on Eevertille k\u00e4ynyt niin, ett\u00e4 mies on reissuillaan hyvin p\u00e4\u00e4ssyt itse perille, mutta tavarat menneet omia teit\u00e4\u00e4n. Joskus matkalle j\u00e4\u00e4neit\u00e4 tavaroita on kuljetettu pitki\u00e4kin matkoja taksilla lentoyhti\u00f6n piikkiin.<\/p>\n<p>Huvittavin odotus oli sill\u00e4 matkalaukulla, jota taksi toi pienen pieneen m\u00f6kkiin suuren mets\u00e4n keskelle er\u00e4\u00e4n\u00e4 jouluaattona. Pime\u00e4 oli tie ja huonosti merkitty, mutta kaikkien ihmetykseksi laukku lopulta tuli perille. Samalla tuli joulukin pelastettua, sill\u00e4 siell\u00e4 tietenkin oli my\u00f6s kaivattuja paketteja sis\u00e4ll\u00e4.<\/p>\n<p>Usein tapahtumat huvittavat j\u00e4lkeenp\u00e4in vaikka huumoria ei liiemmin esiintyisik\u00e4\u00e4n silloin, kun rennoissa matkavaatteissa pit\u00e4si olla edukseen julkisissa tilaisuuksissa. Silloin Eevert on turvautunut ehtym\u00e4tt\u00f6m\u00e4\u00e4n charmiinsa, jolla on monta kiusallista tilannetta helpottanut ja laukaissut.<\/p>\n<figure id=\"attachment_1776\" aria-describedby=\"caption-attachment-1776\" style=\"width: 503px\" class=\"wp-caption aligncenter\"><a href=\"http:\/\/kinanen.fi\/wordpress\/wp-content\/uploads\/2010\/11\/MarEve.jpg\"><img decoding=\"async\" class=\"size-full wp-image-1776\" title=\"MarEve\" src=\"http:\/\/kinanen.fi\/wordpress\/wp-content\/uploads\/2010\/11\/MarEve.jpg\" alt=\"Valmiina l\u00e4ht\u00f6\u00f6n\" width=\"503\" height=\"353\" \/><\/a><figcaption id=\"caption-attachment-1776\" class=\"wp-caption-text\">Valmiina l\u00e4ht\u00f6\u00f6n<\/figcaption><\/figure>\n<p>Kaps\u00e4kki on asetettu ovenpieleen odottelemaan.<\/p>\n<p>Matkavalmistelujen keskell\u00e4 &#8211; kuin tilauksesta j\u00e4lleen &#8211; uutiset lamaannuttavat miehen. Ei auta kuin istahtaa ja juoda kupponen kahvia&#8230;<\/p>\n<figure id=\"attachment_1775\" aria-describedby=\"caption-attachment-1775\" style=\"width: 501px\" class=\"wp-caption aligncenter\"><a href=\"http:\/\/kinanen.fi\/wordpress\/wp-content\/uploads\/2010\/11\/N\u00e4ytt\u00f6kuva-2010-11-16-kohteessa-18.20.49.png\"><img loading=\"lazy\" decoding=\"async\" class=\"size-full wp-image-1775\" title=\"N\u00e4ytt\u00f6kuva 2010-11-16 kohteessa 18.20.49\" src=\"http:\/\/kinanen.fi\/wordpress\/wp-content\/uploads\/2010\/11\/N\u00e4ytt\u00f6kuva-2010-11-16-kohteessa-18.20.49.png\" alt=\"Lehti\" width=\"501\" height=\"330\" \/><\/a><figcaption id=\"caption-attachment-1775\" class=\"wp-caption-text\">Uutista pukkaa<\/figcaption><\/figure>\n<p>No, Eevert toki luottaa neuvotteluihin ja toivoo, ett\u00e4 suunniteltu reissu toteutuu ajatellussa aikataulussa \ud83d\ude09<\/p>\n<p>\u2606<\/p>\n<p>Matkalaukku on <a href=\"http:\/\/merisade.vuodatus.net\/\" target=\"_blank\">MarEven<\/a> k\u00e4sialaa ja onnellinen Eevert on sen saanut kes\u00e4ll\u00e4 k\u00e4ytt\u00f6\u00f6ns\u00e4.<\/p>\n","protected":false},"excerpt":{"rendered":"<p>Viikon verran jo valmistauduttu tulevaan Lontoon reissuun kuuntelemalla Knallia ja sateenvarjoa \ud83d\ude09 Niit\u00e4 ikivanhoja kuunnelmajaksoja joita radiosta kuunneltiin paljon nuorempana. Muistatko? Kyll\u00e4 niit\u00e4 edelleenkin voi kuunnella vaikkapa YLE:n sivuilta. Omani lainasin kirjastosta. Kuvaa klikkaamalla p\u00e4\u00e4set kuuntelemaan. Eevertkin on jo ryhtynyt suunnittelemaan mit\u00e4 mahdollisesti tarvitsisi mukana. Ja matkakuumekin on jo kohta k\u00e4sin kosketeltavaa vaikka reissuun p\u00e4\u00e4syyn [&hellip;]<\/p>\n","protected":false},"author":1,"featured_media":0,"comment_status":"open","ping_status":"open","sticky":false,"template":"","format":"standard","meta":{"footnotes":""},"categories":[],"tags":[],"class_list":["post-1772","post","type-post","status-publish","format-standard","hentry"],"_links":{"self":[{"href":"https:\/\/www.kinanen.fi\/nukkekoti\/wp-json\/wp\/v2\/posts\/1772","targetHints":{"allow":["GET"]}}],"collection":[{"href":"https:\/\/www.kinanen.fi\/nukkekoti\/wp-json\/wp\/v2\/posts"}],"about":[{"href":"https:\/\/www.kinanen.fi\/nukkekoti\/wp-json\/wp\/v2\/types\/post"}],"author":[{"embeddable":true,"href":"https:\/\/www.kinanen.fi\/nukkekoti\/wp-json\/wp\/v2\/users\/1"}],"replies":[{"embeddable":true,"href":"https:\/\/www.kinanen.fi\/nukkekoti\/wp-json\/wp\/v2\/comments?post=1772"}],"version-history":[{"count":7,"href":"https:\/\/www.kinanen.fi\/nukkekoti\/wp-json\/wp\/v2\/posts\/1772\/revisions"}],"predecessor-version":[{"id":1781,"href":"https:\/\/www.kinanen.fi\/nukkekoti\/wp-json\/wp\/v2\/posts\/1772\/revisions\/1781"}],"wp:attachment":[{"href":"https:\/\/www.kinanen.fi\/nukkekoti\/wp-json\/wp\/v2\/media?parent=1772"}],"wp:term":[{"taxonomy":"category","embeddable":true,"href":"https:\/\/www.kinanen.fi\/nukkekoti\/wp-json\/wp\/v2\/categories?post=1772"},{"taxonomy":"post_tag","embeddable":true,"href":"https:\/\/www.kinanen.fi\/nukkekoti\/wp-json\/wp\/v2\/tags?post=1772"}],"curies":[{"name":"wp","href":"https:\/\/api.w.org\/{rel}","templated":true}]}}