{"id":18,"date":"2010-01-03T15:55:34","date_gmt":"2010-01-03T13:55:34","guid":{"rendered":"http:\/\/kinanen.fi\/wordpress\/?p=18"},"modified":"2010-01-08T12:36:42","modified_gmt":"2010-01-08T10:36:42","slug":"paanukatto","status":"publish","type":"post","link":"https:\/\/www.kinanen.fi\/nukkekoti\/paanukatto\/","title":{"rendered":"Paanukatto"},"content":{"rendered":"<p>Eevertin suvun vanhat parrat taisivat hyvin paanukattojen tekemisen. Sellainen on Eevertinkin talossa ja se pit\u00e4\u00e4 ehdottomasti huolellisesti entis\u00f6id\u00e4 ja korjata. Paanukaton tuoksu hiipii viel\u00e4kin iltaisin Eevertin uniin ja tuo muistoja ajalta jolloin viel\u00e4 poikasena kirmaili tutussa pihapiiriss\u00e4. Tervan tuoksu on kulkenut Eevertin el\u00e4m\u00e4ss\u00e4 aina. Laivat, joilla seilattiin olivat poikkeuksetta puulaivoja. Aikanaan ne kulkivat maailmaa ristiin rastiin eik\u00e4 kotona k\u00e4yty vuosiin. Tervan tuoksu toi kuitenkin aina Eevertille kotoisen olon.<\/p>\n<p>Eevertin talon kattoon k\u00e4ytettiin mukavasti levittyv\u00e4\u00e4 Osmo color l\u00e4pikuultavaa puuvahaa, 3168 Antiikkitammea. Tervan tuoksuakin saadaan my\u00f6hemmin sipaisemalla aitoa Nellimil\u00e4ist\u00e4 hautatervaa reunapaanujen alle.<\/p>\n<figure id=\"attachment_19\" aria-describedby=\"caption-attachment-19\" style=\"width: 300px\" class=\"wp-caption aligncenter\"><a href=\"http:\/\/kinanen.fi\/wordpress\/wp-content\/uploads\/2010\/01\/DSC07924.jpg\"><img fetchpriority=\"high\" decoding=\"async\" class=\"size-medium wp-image-19\" title=\"DSC07924\" src=\"http:\/\/kinanen.fi\/wordpress\/wp-content\/uploads\/2010\/01\/DSC07924-300x225.jpg\" alt=\"Paanukatto\" width=\"300\" height=\"225\" \/><\/a><figcaption id=\"caption-attachment-19\" class=\"wp-caption-text\">Paanukatto<\/figcaption><\/figure>\n","protected":false},"excerpt":{"rendered":"<p>Eevertin suvun vanhat parrat taisivat hyvin paanukattojen tekemisen. Sellainen on Eevertinkin talossa ja se pit\u00e4\u00e4 ehdottomasti huolellisesti entis\u00f6id\u00e4 ja korjata. Paanukaton tuoksu hiipii viel\u00e4kin iltaisin Eevertin uniin ja tuo muistoja ajalta jolloin viel\u00e4 poikasena kirmaili tutussa pihapiiriss\u00e4. Tervan tuoksu on kulkenut Eevertin el\u00e4m\u00e4ss\u00e4 aina. Laivat, joilla seilattiin olivat poikkeuksetta puulaivoja. Aikanaan ne kulkivat maailmaa ristiin [&hellip;]<\/p>\n","protected":false},"author":1,"featured_media":0,"comment_status":"open","ping_status":"open","sticky":false,"template":"","format":"standard","meta":{"footnotes":""},"categories":[],"tags":[],"class_list":["post-18","post","type-post","status-publish","format-standard","hentry"],"_links":{"self":[{"href":"https:\/\/www.kinanen.fi\/nukkekoti\/wp-json\/wp\/v2\/posts\/18","targetHints":{"allow":["GET"]}}],"collection":[{"href":"https:\/\/www.kinanen.fi\/nukkekoti\/wp-json\/wp\/v2\/posts"}],"about":[{"href":"https:\/\/www.kinanen.fi\/nukkekoti\/wp-json\/wp\/v2\/types\/post"}],"author":[{"embeddable":true,"href":"https:\/\/www.kinanen.fi\/nukkekoti\/wp-json\/wp\/v2\/users\/1"}],"replies":[{"embeddable":true,"href":"https:\/\/www.kinanen.fi\/nukkekoti\/wp-json\/wp\/v2\/comments?post=18"}],"version-history":[{"count":6,"href":"https:\/\/www.kinanen.fi\/nukkekoti\/wp-json\/wp\/v2\/posts\/18\/revisions"}],"predecessor-version":[{"id":131,"href":"https:\/\/www.kinanen.fi\/nukkekoti\/wp-json\/wp\/v2\/posts\/18\/revisions\/131"}],"wp:attachment":[{"href":"https:\/\/www.kinanen.fi\/nukkekoti\/wp-json\/wp\/v2\/media?parent=18"}],"wp:term":[{"taxonomy":"category","embeddable":true,"href":"https:\/\/www.kinanen.fi\/nukkekoti\/wp-json\/wp\/v2\/categories?post=18"},{"taxonomy":"post_tag","embeddable":true,"href":"https:\/\/www.kinanen.fi\/nukkekoti\/wp-json\/wp\/v2\/tags?post=18"}],"curies":[{"name":"wp","href":"https:\/\/api.w.org\/{rel}","templated":true}]}}