{"id":1854,"date":"2010-12-04T06:00:15","date_gmt":"2010-12-04T04:00:15","guid":{"rendered":"http:\/\/kinanen.fi\/wordpress\/?p=1854"},"modified":"2010-12-12T23:14:09","modified_gmt":"2010-12-12T21:14:09","slug":"4-12-joulukertomus","status":"publish","type":"post","link":"https:\/\/www.kinanen.fi\/nukkekoti\/4-12-joulukertomus\/","title":{"rendered":"4.12. Joulukertomuksia"},"content":{"rendered":"<p>Lauantaip\u00e4iv\u00e4 on hiljalleen valkenemassa. Eevert on her\u00e4nnyt hyvin aikaisin t\u00e4n\u00e4\u00e4n. Mik\u00e4 lie tuulen vire helistellyt vanhoja ikkunoita. Sit\u00e4 vienoa helin\u00e4\u00e4 ja nurkkien paukahtelua oli oikien mukava kuulostella omassa vuoteessa. Olikohan ulkona kovinkin kova tuuli t\u00e4n\u00e4\u00e4n?<\/p>\n<figure id=\"attachment_1895\" aria-describedby=\"caption-attachment-1895\" style=\"width: 500px\" class=\"wp-caption aligncenter\"><a href=\"http:\/\/kinanen.fi\/wordpress\/wp-content\/uploads\/2010\/11\/takka.jpg\"><img fetchpriority=\"high\" decoding=\"async\" class=\"size-full wp-image-1895\" title=\"takka\" src=\"http:\/\/kinanen.fi\/wordpress\/wp-content\/uploads\/2010\/11\/takka.jpg\" alt=\"Takkapuut\" width=\"500\" height=\"333\" \/><\/a><figcaption id=\"caption-attachment-1895\" class=\"wp-caption-text\">Takkatulen lostoa<\/figcaption><\/figure>\n<p>Silloin kun ulkona on kylm\u00e4, sataa ja tuulee on Eevertin mielest\u00e4 parasta sytytt\u00e4\u00e4 takkaan tuli ja v\u00e4llyn alla lueskella p\u00e4iv\u00e4n lehti\u00e4 tai kirjoja. Olisikohan t\u00e4m\u00e4 sellaisen p\u00e4iv\u00e4. Aamu on viel\u00e4 varhainen.<\/p>\n<p>Niinh\u00e4n siin\u00e4 sitten k\u00e4vi, ett\u00e4 takkatuli houkutteli miehen luokseen. Mukaansa Eevert otti mukillisen h\u00f6yry\u00e4v\u00e4\u00e4 kaakaota, p\u00e4iv\u00e4n sanomalehden ja mielenkiintoisen kirjan jota h\u00e4n on iltalukemisisnaan lueskellut. Kirja kertoo merimiehest\u00e4 joka joutuu mit\u00e4 ihmeellisimpiin seikkailuihin reissuillaan. Kirjassa on parhaillaan kuvaus joulun vietosta parkkilaivalla. Kertomus tuo Eevertinkin mieleen monia tapahtumia ja kielt\u00e4m\u00e4tt\u00e4 niit\u00e4 ik\u00e4v\u00e4nkin tunteita, kun on joutunut olemaan niin t\u00e4rke\u00e4n\u00e4 aikana poissa l\u00e4heistens\u00e4 luota.<\/p>\n<figure id=\"attachment_1896\" aria-describedby=\"caption-attachment-1896\" style=\"width: 500px\" class=\"wp-caption aligncenter\"><a href=\"http:\/\/kinanen.fi\/wordpress\/wp-content\/uploads\/2010\/11\/lukuhetki.jpg\"><img decoding=\"async\" class=\"size-full wp-image-1896\" title=\"lukuhetki\" src=\"http:\/\/kinanen.fi\/wordpress\/wp-content\/uploads\/2010\/11\/lukuhetki.jpg\" alt=\"Aamuinen lukuhetki\" width=\"500\" height=\"542\" \/><\/a><figcaption id=\"caption-attachment-1896\" class=\"wp-caption-text\">Aamuinen lukuhetki<\/figcaption><\/figure>\n<p>Lapsuuden jouluista on erityisesti j\u00e4\u00e4nyt mieleen monet kerrat kun \u00e4iti tai is\u00e4 on lukenut joulukertomuksia kirjoista. Monta mukavaa hetke\u00e4 on vietetty kylki kyljess\u00e4. Joskus joulukirjaa luettiin koko adventin ajan kuin jatkokertomusta. Toisinaan taas kaikki lapset saivat tuoda mielikirjojansa luettavaksi. Samoja, rakkaiksi muodostuneita kirjoja luettiin moneen kertaan.Kirjasto oli silloin kovassa k\u00e4yt\u00f6ss\u00e4.<\/p>\n<p>Er\u00e4\u00e4ll\u00e4 kerralla \u00e4idin luo tuotiin kaksi kirjaa. Toisessa oli \u00e4idille tuntemattomampi kertomus ja toinen vanha tuttu satu. Sopi oikein hyvin.<\/p>\n<p>Marikin joululoma, Astrid Lindgrenin kertomus valitiin ensimm\u00e4iselle p\u00e4iv\u00e4lle. Alku sujui oikein hyvin, mutta siin\u00e4 vaiheessa kun pieni Marikki eksyy mets\u00e4\u00e4n, ei \u00e4idin lukemisista tullut en\u00e4\u00e4 mit\u00e4\u00e4n. Maailma oli t\u00e4ynn\u00e4 kyyneleit\u00e4 siit\u00e4 surusta ja h\u00e4d\u00e4st\u00e4 jota pieni tytt\u00f6 voisi kokea yksin mets\u00e4ss\u00e4. Lasten mielenkiinto keskittyi tarinan sijasta \u00e4idin reaktioihin. No, satu j\u00e4i kesken.<\/p>\n<p>Seuraavana p\u00e4iv\u00e4n\u00e4 oli vuorossa vanha Andersenin satu Pieni tulitikkutytt\u00f6. Ja siin\u00e4 oli lapsilla jo tirskahtelun paikkaa, kun ei satua loppuun saakka voitu lukea, koska \u00e4idin \u00e4\u00e4ni s\u00e4rkyi ja lukeminen piti lopettaa siihen paikkaan. \u00c4iti oli lapsista hyvin mielenkiintoista seurattavaa. Kumpikin lukuhetki p\u00e4\u00e4ttyi johonkin tuttuun ja turvalliseen kertomukseen&#8230;<\/p>\n<p>Joku vuosi j\u00e4lkeenp\u00e4in lapsisarjan seuraava toi lukuhetkeen samat tarinat. Olivathan ne j\u00e4\u00e4neet pahasti kesken aikaisemmin. \u00c4iti oli valmistautunut lukuhetkeen hyvin ja aloitti. Lapset olivat valmistautuneet my\u00f6s&#8230; seuraamaan enempi \u00e4iti\u00e4 kuin kertomusta. Eiv\u00e4tk\u00e4 tehneet siin\u00e4 turhaa ty\u00f6t\u00e4 oleenkaan.<\/p>\n<p>Niin surullisia ja tunteellek\u00e4yvi\u00e4 kertomuksia ei \u00e4iti voinut mitenk\u00e4\u00e4n lukea lapsille! Johan pit\u00e4isi jollakin lailla kielt\u00e4\u00e4 semmoiset! Ja kumpikin kertomus p\u00e4\u00e4tyi \u00e4idin &#8221;Kiellettyjen joulukertomusten&#8221; listalle. Lapset saivat ne sitten lukea itse kun osasivat.<\/p>\n<p>Muistot tuovat hymyn Eevertin kasvoille. Yhteiset lukuhetket olivat aina odotettuja ja viel\u00e4 isona kollinakin mielell\u00e4\u00e4n kuunneltiin aikuisen lukemista ja kertomista. Tarinat ja sadut el\u00e4m\u00e4t mielikuvituksessa omaa el\u00e4m\u00e4\u00e4ns\u00e4 ja jatkavat kertomusta sinne minne mieli niit\u00e4 vie.<\/p>\n<p>Rakkaita joulukertomuksia on paljon. Satuja ja tarinoita joissa kerrotaan kuinka hyvyys ja rakkaus saa erityisen merkityksen ihmisten el\u00e4m\u00e4ss\u00e4. Syd\u00e4mess\u00e4\u00e4n Eevert palaa jouluna my\u00f6s tuttuihin jouluevankeliumin sanoihin. Pienest\u00e4 pojasta saakka ne sanat ja jakeet ovat painuneet mieleen ja taitaapa h\u00e4n osata ne ulkoa viel\u00e4kin. Aikanaan koulun kuusijuhlassa Eevert on p\u00e4\u00e4ssyt esiintym\u00e4\u00e4nkin kuvaelmassa. Milloin paimenena, milloin tiet\u00e4j\u00e4n\u00e4 ja taitaa joku Josefin roolikin olla tuttu.\u00a0 Niin, ja taisi se \u00e4iti silloinkin pyyhki\u00e4 kyyneleit\u00e4\u00e4n poskiltaan&#8230; ihan vaan muina miehin\u00e4.<\/p>\n<p>Aikanaan \u00e4iti ohjasi lapset itse lukemaan ja kuuntelun tarpeen tyydytt\u00e4miseksi antoi meille lapsille \u00e4\u00e4nikirjoja. Usein illalla kuuntelimme niit\u00e4 ja nukahdimme kesken seikkailuiden.<\/p>\n<figure id=\"attachment_1894\" aria-describedby=\"caption-attachment-1894\" style=\"width: 322px\" class=\"wp-caption aligncenter\"><a href=\"http:\/\/www.google.fi\/imgres?imgurl=http:\/\/yle.fi\/elavaarkisto\/kuvat\/teema\/T00331_iso.jpg&amp;imgrefurl=http:\/\/yle.fi\/elavaarkisto\/%3Fs%3Ds%26t%3D331&amp;usg=__kNQL24htMokMlYqO3Zwz5c-I734=&amp;h=162&amp;w=243&amp;sz=84&amp;hl=fi&amp;start=7&amp;sig2=To8oDcpSOpz72kgCKvENeQ&amp;zoom=1&amp;um=1&amp;itbs=1&amp;tbnid=lWW3nt_8vdBB1M:&amp;tbnh=73&amp;tbnw=110&amp;prev=\/images%3Fq%3Djoulusatu%26um%3D1%26hl%3Dfi%26client%3Dfirefox-a%26sa%3DG%26rls%3Dorg.mozilla:fi:official%26tbs%3Disch:1&amp;ei=XNfoTNg4xPngBuSnpPoC\" target=\"_blank\"><img decoding=\"async\" class=\"size-full wp-image-1894\" title=\"kyllit\u00e4ti\" src=\"http:\/\/kinanen.fi\/wordpress\/wp-content\/uploads\/2010\/11\/kyllit\u00e4ti.jpg\" alt=\"Kylli-t\u00e4ti\" width=\"322\" height=\"214\" \/><\/a><figcaption id=\"caption-attachment-1894\" class=\"wp-caption-text\">Kylli-t\u00e4ti kertoo joulusadun, klikkaa kuvaa <\/figcaption><\/figure>\n<p>Yksi suosikkikertojista Eevertin lapsuudesta oli Kylli-t\u00e4ti. Moni viel\u00e4 muistaa kuinka Kylli-t\u00e4ti piirsi ja kertoi samalla satuja televisisossa. Silloin n\u00e4ki ja kuuli. Koko televisiokin oli viel\u00e4 uusi ja ihmeellinen asia silloin. Kuvaa klikkaamalla p\u00e4\u00e4set Ylen El\u00e4v\u00e4\u00e4n arkistoon katsomaan ja kyyntelemaan Kylli Kosken joulusatua.<\/p>\n<p>Millainen on sinun rakkain joulukertomuksesi?<\/p>\n<p>\u2606<\/p>\n<p>Eevertin joulukalenteriin ja sen kulkuun voit osallistua. Kirjoita      kommenttiosioon arvelusi kysymyksest\u00e4 tai ajatuksiasi siit\u00e4 miten      Eevertin joulupuuhat jatkuisivat t\u00e4st\u00e4 eteenp\u00e4in. Jouluna, 25.12.2010      kaikkien tarinanjatkajien kesken arvotaan Eevertin huolella valmistama      joulupaketti.<\/p>\n","protected":false},"excerpt":{"rendered":"<p>Lauantaip\u00e4iv\u00e4 on hiljalleen valkenemassa. Eevert on her\u00e4nnyt hyvin aikaisin t\u00e4n\u00e4\u00e4n. Mik\u00e4 lie tuulen vire helistellyt vanhoja ikkunoita. Sit\u00e4 vienoa helin\u00e4\u00e4 ja nurkkien paukahtelua oli oikien mukava kuulostella omassa vuoteessa. Olikohan ulkona kovinkin kova tuuli t\u00e4n\u00e4\u00e4n? Silloin kun ulkona on kylm\u00e4, sataa ja tuulee on Eevertin mielest\u00e4 parasta sytytt\u00e4\u00e4 takkaan tuli ja v\u00e4llyn alla lueskella p\u00e4iv\u00e4n [&hellip;]<\/p>\n","protected":false},"author":1,"featured_media":0,"comment_status":"open","ping_status":"open","sticky":false,"template":"","format":"standard","meta":{"footnotes":""},"categories":[],"tags":[],"class_list":["post-1854","post","type-post","status-publish","format-standard","hentry"],"_links":{"self":[{"href":"https:\/\/www.kinanen.fi\/nukkekoti\/wp-json\/wp\/v2\/posts\/1854","targetHints":{"allow":["GET"]}}],"collection":[{"href":"https:\/\/www.kinanen.fi\/nukkekoti\/wp-json\/wp\/v2\/posts"}],"about":[{"href":"https:\/\/www.kinanen.fi\/nukkekoti\/wp-json\/wp\/v2\/types\/post"}],"author":[{"embeddable":true,"href":"https:\/\/www.kinanen.fi\/nukkekoti\/wp-json\/wp\/v2\/users\/1"}],"replies":[{"embeddable":true,"href":"https:\/\/www.kinanen.fi\/nukkekoti\/wp-json\/wp\/v2\/comments?post=1854"}],"version-history":[{"count":10,"href":"https:\/\/www.kinanen.fi\/nukkekoti\/wp-json\/wp\/v2\/posts\/1854\/revisions"}],"predecessor-version":[{"id":11964,"href":"https:\/\/www.kinanen.fi\/nukkekoti\/wp-json\/wp\/v2\/posts\/1854\/revisions\/11964"}],"wp:attachment":[{"href":"https:\/\/www.kinanen.fi\/nukkekoti\/wp-json\/wp\/v2\/media?parent=1854"}],"wp:term":[{"taxonomy":"category","embeddable":true,"href":"https:\/\/www.kinanen.fi\/nukkekoti\/wp-json\/wp\/v2\/categories?post=1854"},{"taxonomy":"post_tag","embeddable":true,"href":"https:\/\/www.kinanen.fi\/nukkekoti\/wp-json\/wp\/v2\/tags?post=1854"}],"curies":[{"name":"wp","href":"https:\/\/api.w.org\/{rel}","templated":true}]}}