{"id":1856,"date":"2010-12-05T06:00:02","date_gmt":"2010-12-05T04:00:02","guid":{"rendered":"http:\/\/kinanen.fi\/wordpress\/?p=1856"},"modified":"2021-09-27T12:10:40","modified_gmt":"2021-09-27T12:10:40","slug":"5-12-toinen-adventti","status":"publish","type":"post","link":"https:\/\/www.kinanen.fi\/nukkekoti\/5-12-toinen-adventti\/","title":{"rendered":"5.12. Toinen adventti"},"content":{"rendered":"<p>Toinen adventtisunnuntai on k\u00e4silll\u00e4. Aamuvarhaisella Eevert her\u00e4si ja hipsi tossuillaan kohti keitti\u00f6t\u00e4 tavanomaisiin aamupuuhiinsa. Kahvinkeiton lomassa h\u00e4n havahtui siihen ett\u00e4 t\u00e4n\u00e4\u00e4n sa sytytt\u00e4\u00e4 jo kaksi kynttil\u00e4\u00e4 iso\u00e4idin joulukalenteriin.<\/p>\n<figure id=\"attachment_1885\" aria-describedby=\"caption-attachment-1885\" style=\"width: 500px\" class=\"wp-caption aligncenter\"><a href=\"http:\/\/kinanen.fi\/wordpress\/wp-content\/uploads\/2010\/11\/2_adventti.jpg\"><img fetchpriority=\"high\" decoding=\"async\" class=\"size-full wp-image-1885\" title=\"2_adventti\" src=\"http:\/\/kinanen.fi\/wordpress\/wp-content\/uploads\/2010\/11\/2_adventti.jpg\" alt=\"Toinen adventti\" width=\"500\" height=\"333\" \/><\/a><figcaption id=\"caption-attachment-1885\" class=\"wp-caption-text\">Toinen adventti<\/figcaption><\/figure>\n<p>Toinen kynttil\u00e4 on nimelt\u00e4\u00e4n rauhan kynttil\u00e4 &#8211; maailma kaipaa rauhaa. Sotia, vihamielisyytt\u00e4, sortoa jopa kidutusta on monessa eri maailman kolkassa. Sytytt\u00e4ess\u00e4mme t\u00e4m\u00e4n kynttil\u00e4n rukoilemme rauha maailmaan, rukoilemme v\u00e4kivalan loppumista. Adventti-kynttil\u00e4n\u00e4 rauha tarkoittaa edellisen lis\u00e4ksi sis\u00e4ist\u00e4 rauhaa ja rauhoittumista, kun valmistaudumme joulun viettoon. N\u00e4in se on levottomuuden vastakohta. Se voisi merkit\u00e4 my\u00f6s sovun tekemist\u00e4 perheenj\u00e4senten ja yst\u00e4vien kesken. Lopetetaan riidat, haukkumiset ja nimittelyt ja elet\u00e4\u00e4n sopuisasti yhdess\u00e4.<\/p>\n<p>T\u00e4h\u00e4n taisi perustua \u00e4idin varoittelut siit\u00e4kin, ett\u00e4 tontut k\u00e4yv\u00e4t kuuntelemassa ikkunoiden takana kuinka pienet lapset k\u00e4ytt\u00e4ytyv\u00e4t n\u00e4in joulun alla. Olisivat saaneet kyll\u00e4 v\u00e4lill\u00e4 aikuisiakin tarkkailla!<\/p>\n<p>Kaksi punaista kynttil\u00e4\u00e4 n\u00e4ytt\u00e4\u00e4 hyvin kauniilta aamun sarastaessa. Ulkona ikkunan takana on taian omainen sininen hetki. Eevert kurkisteleekin ulos ovesta ja nuuhkii yhdess\u00e4 Tenho-koiran kanssa pakkasilmaa. Tallilyhty sytytet\u00e4\u00e4n rappusille tunnelman luojaksi. Vasta aamun puuhien j\u00e4lkeen on aika tarttua kahvipannuun ja mitata kahvijauhot. Hetken per\u00e4st\u00e4 vahva ja hivelev\u00e4 tuoksu t\u00e4ytt\u00e4\u00e4 keitti\u00f6n. Hyv\u00e4 on taas istahtaa ja nauttia hetkest\u00e4. T\u00e4ss\u00e4 ja nyt on niin \u00e4\u00e4rett\u00f6m\u00e4n hyv\u00e4 olla.<\/p>\n<figure id=\"attachment_1886\" aria-describedby=\"caption-attachment-1886\" style=\"width: 427px\" class=\"wp-caption aligncenter\"><a href=\"https:\/\/www.kinanen.fi\/nukkekoti\/wp-content\/uploads\/2021\/09\/sininen-hetki.jpg\"><img decoding=\"async\" class=\"size-full wp-image-1886\" title=\"sininen hetki\" src=\"https:\/\/www.kinanen.fi\/nukkekoti\/wp-content\/uploads\/2021\/09\/sininen-hetki.jpg\" alt=\"Tallilyhdyn valaisema hetki\" width=\"427\" height=\"640\" \/><\/a><figcaption id=\"caption-attachment-1886\" class=\"wp-caption-text\">Tallilyhdyn valaisema hetki<\/figcaption><\/figure>\n<p>Eevertin nuoruudessa on vaihe jolloin aamun siniset hetket elettiin alusta loppuun. Eevertin kiiruhtaessaan kouluun h\u00e4n usein oikaisi Maatalousoppilaitoksen peltojen poikki. Yleens\u00e4 se sujui oikein hyvin. Yksi aamu on j\u00e4\u00e4nyt toisenlaisena miehen mieleen. Puolessa v\u00e4liss\u00e4 peltoa Eevert huomaa ett\u00e4 ei olekkaan yksin. Samalla polulla astelee vastaan jotakin. Pimeys pit\u00e4\u00e4 kulkijaa suojassaan, mutta ilmiselv\u00e4sti se ei ainakaan ihminen ole. Ja l\u00e4hsestyy muuten melko reipasta vauhtia.<\/p>\n<p>Pian Eevert n\u00e4kee tarkemmin kulkijan ja tuijottavat silm\u00e4t aiheuttavat kielt\u00e4m\u00e4tt\u00e4 kiusallisen tunteen. Melko pian Eevert oivalsi ett\u00e4 polkua pitkin h\u00e4nt\u00e4 l\u00e4hestyi omistajan elekin ehk\u00e4 maailman suurin karju. Eevertin p\u00e4\u00e4 tuskin ulottui sian korvien tasolle ja k\u00e4rs\u00e4kin oli kuin Alina-t\u00e4din juhlalautaset. Ne olivat isot!<\/p>\n<figure id=\"attachment_1887\" aria-describedby=\"caption-attachment-1887\" style=\"width: 474px\" class=\"wp-caption aligncenter\"><\/dt>\n<dd class=\"wp-caption-dd\">\n<div class=\"mceTemp\">\n<dl id=\"attachment_2105\" class=\"wp-caption  alignnone\" style=\"width: 484px;\">\n<dt class=\"wp-caption-dt\"><a href=\"http:\/\/kinanen.fi\/wordpress\/wp-content\/uploads\/2010\/12\/sika.jpg\"><img decoding=\"async\" class=\"size-full wp-image-2105\" title=\"sika\" src=\"http:\/\/kinanen.fi\/wordpress\/wp-content\/uploads\/2010\/12\/sika.jpg\" alt=\"Sika\" width=\"474\" height=\"319\" \/><\/a><figcaption id=\"caption-attachment-1887\" class=\"wp-caption-text\">Hirmuinen sika<\/figcaption><\/figure>\n<\/dd>\n<\/dl>\n<\/div>\n<p>Mit\u00e4 mahtoi kerran aamutuimaan tapahtua Eevertin kohdatessa ison karjun samalla polulla tyjh\u00e4ll\u00e4 pellolla? Kuinka siit\u00e4 selvittiin? Antoiko kumpikaan karju periksi?<\/p>\n<p>\u2606<\/p>\n<p>Eevertin joulukalenteriin ja sen kulkuun voit osallistua. Kirjoita     kommenttiosioon arvelusi kysymyksest\u00e4 tai ajatuksiasi siit\u00e4 miten     Eevertin joulupuuhat jatkuisivat t\u00e4st\u00e4 eteenp\u00e4in. Jouluna, 25.12.2010     kaikkien tarinanjatkajien kesken arvotaan Eevertin huolella valmistama     joulupaketti.<\/p>\n","protected":false},"excerpt":{"rendered":"<p>Toinen adventtisunnuntai on k\u00e4silll\u00e4. Aamuvarhaisella Eevert her\u00e4si ja hipsi tossuillaan kohti keitti\u00f6t\u00e4 tavanomaisiin aamupuuhiinsa. Kahvinkeiton lomassa h\u00e4n havahtui siihen ett\u00e4 t\u00e4n\u00e4\u00e4n sa sytytt\u00e4\u00e4 jo kaksi kynttil\u00e4\u00e4 iso\u00e4idin joulukalenteriin. Toinen kynttil\u00e4 on nimelt\u00e4\u00e4n rauhan kynttil\u00e4 &#8211; maailma kaipaa rauhaa. Sotia, vihamielisyytt\u00e4, sortoa jopa kidutusta on monessa eri maailman kolkassa. Sytytt\u00e4ess\u00e4mme t\u00e4m\u00e4n kynttil\u00e4n rukoilemme rauha maailmaan, rukoilemme [&hellip;]<\/p>\n","protected":false},"author":1,"featured_media":0,"comment_status":"open","ping_status":"open","sticky":false,"template":"","format":"standard","meta":{"footnotes":""},"categories":[1],"tags":[],"class_list":["post-1856","post","type-post","status-publish","format-standard","hentry","category-uncategorized"],"_links":{"self":[{"href":"https:\/\/www.kinanen.fi\/nukkekoti\/wp-json\/wp\/v2\/posts\/1856","targetHints":{"allow":["GET"]}}],"collection":[{"href":"https:\/\/www.kinanen.fi\/nukkekoti\/wp-json\/wp\/v2\/posts"}],"about":[{"href":"https:\/\/www.kinanen.fi\/nukkekoti\/wp-json\/wp\/v2\/types\/post"}],"author":[{"embeddable":true,"href":"https:\/\/www.kinanen.fi\/nukkekoti\/wp-json\/wp\/v2\/users\/1"}],"replies":[{"embeddable":true,"href":"https:\/\/www.kinanen.fi\/nukkekoti\/wp-json\/wp\/v2\/comments?post=1856"}],"version-history":[{"count":10,"href":"https:\/\/www.kinanen.fi\/nukkekoti\/wp-json\/wp\/v2\/posts\/1856\/revisions"}],"predecessor-version":[{"id":12382,"href":"https:\/\/www.kinanen.fi\/nukkekoti\/wp-json\/wp\/v2\/posts\/1856\/revisions\/12382"}],"wp:attachment":[{"href":"https:\/\/www.kinanen.fi\/nukkekoti\/wp-json\/wp\/v2\/media?parent=1856"}],"wp:term":[{"taxonomy":"category","embeddable":true,"href":"https:\/\/www.kinanen.fi\/nukkekoti\/wp-json\/wp\/v2\/categories?post=1856"},{"taxonomy":"post_tag","embeddable":true,"href":"https:\/\/www.kinanen.fi\/nukkekoti\/wp-json\/wp\/v2\/tags?post=1856"}],"curies":[{"name":"wp","href":"https:\/\/api.w.org\/{rel}","templated":true}]}}