{"id":1857,"date":"2010-12-06T06:00:30","date_gmt":"2010-12-06T04:00:30","guid":{"rendered":"http:\/\/kinanen.fi\/wordpress\/?p=1857"},"modified":"2010-12-12T23:15:55","modified_gmt":"2010-12-12T21:15:55","slug":"6-12-itsenaisyyspaivan-juhlallisuudet","status":"publish","type":"post","link":"https:\/\/www.kinanen.fi\/nukkekoti\/6-12-itsenaisyyspaivan-juhlallisuudet\/","title":{"rendered":"6.12. Itsen\u00e4isyysp\u00e4iv\u00e4n juhlallisuudet"},"content":{"rendered":"<p>T\u00e4n\u00e4\u00e4n viet\u00e4mme Itsen\u00e4isyysp\u00e4iv\u00e4\u00e4. Se on suomalaisille t\u00e4rke\u00e4 juhla, sill\u00e4 se kertoo ett\u00e4 p\u00e4\u00e4t\u00e4mme itse asioistamme ja voimme kaikki vaikuttaa kansaamme koskevissa p\u00e4\u00e4t\u00f6ksiss\u00e4. Suomi sai itsen\u00e4isyyden vuonna 1917, eli t\u00e4yt\u00e4mme t\u00e4n\u00e4\u00e4n 93 vuotta. Varsin kunnioitettava ik\u00e4.<\/p>\n<figure id=\"attachment_1918\" aria-describedby=\"caption-attachment-1918\" style=\"width: 500px\" class=\"wp-caption aligncenter\"><a href=\"http:\/\/kinanen.fi\/wordpress\/wp-content\/uploads\/2010\/11\/itsen\u00e4isyysp\u00e4iv\u00e41.jpg\"><img fetchpriority=\"high\" decoding=\"async\" class=\"size-full wp-image-1918\" title=\"itsen\u00e4isyysp\u00e4iv\u00e4\" src=\"http:\/\/kinanen.fi\/wordpress\/wp-content\/uploads\/2010\/11\/itsen\u00e4isyysp\u00e4iv\u00e41.jpg\" alt=\"Itsen\u00e4isyysp\u00e4iv\u00e4n kynttil\u00e4t\" width=\"500\" height=\"333\" \/><\/a><figcaption id=\"caption-attachment-1918\" class=\"wp-caption-text\">Itsen\u00e4isyysp\u00e4iv\u00e4n kynttil\u00e4t<\/figcaption><\/figure>\n<p>Itsen\u00e4isyysp\u00e4iv\u00e4n\u00e4 on tapana sytytt\u00e4\u00e4 ikkunalle kaksi  kynttil\u00e4\u00e4 klo 18\u201321. Varmaksi ei tiedet\u00e4, mist\u00e4 kynttil\u00e4perinne on  saanut alkunsa, mutta useita arveluita on olemassa. Yhden tarinan mukaan kynttil\u00f6iden poltto juontaa juurensa Ruotsin vallan  ajoilta. Tuolloin kynttil\u00e4t sytytettiin ikkunoille kuningasperheen  merkkip\u00e4ivin\u00e4 tai kuninkaiden vieraillessa Suomessa. Tapa s\u00e4ilyi my\u00f6s  Ven\u00e4j\u00e4n vallan aikana ja tuolloin kynttil\u00e4t paloivat tietysti  tsaariperheen kunniaksi. T\u00e4n\u00e4\u00e4n ne palavat oman Suomemme kunniaksi.<\/p>\n<p>Vakituinen  perinne kynttil\u00f6ist\u00e4 ikkunalaudalla tuli vasta vuonna 1927,  kun Itsen\u00e4isyyden liitto kehotti sytytt\u00e4m\u00e4\u00e4n kynttil\u00e4t itsen\u00e4isyysp\u00e4iv\u00e4n  illaksi 18\u201321. Kynttil\u00f6iden lukum\u00e4\u00e4r\u00e4\u00e4 ei ole miss\u00e4\u00e4n m\u00e4\u00e4r\u00e4tty, ja  lukum\u00e4\u00e4r\u00e4 vaihteleekin k\u00e4yt\u00e4nn\u00f6ss\u00e4 runsaasti. Kahden kynttil\u00e4n on  kuitenkin arveltu viittaavan siihen, ett\u00e4 silloin juhlistetaan sek\u00e4  kotia ett\u00e4 katua tai viel\u00e4 laajemmin kotia ja is\u00e4nmaata.<\/p>\n<p>Kynttil\u00e4 on  valon symboli ja kaiken pahan karkottaja. Jotkut liitt\u00e4v\u00e4t kynttil\u00e4t  nimenomaan sotaan. He sytytt\u00e4v\u00e4t toisen kynttil\u00e4n miehille, jotka  meniv\u00e4t eiv\u00e4tk\u00e4 palanneet ja toisen heille, jotka palasivat, vaikkakin  sodan merkitsemin\u00e4.<\/p>\n<p>Aika paljon merkityksi\u00e4 tutuille kynttil\u00f6ille.<\/p>\n<p>Hyviss\u00e4 ajoin Eevertkin on ottanut esille sinisen ja valkoisen kynttil\u00e4n. Niit\u00e4 on eri puolella taloa ja illan tullen ne syttyv\u00e4t. Mukavaa aikaa t\u00e4m\u00e4 joulunaika. Niin paljon saa kynttil\u00f6it\u00e4 poltella.<\/p>\n<figure id=\"attachment_1919\" aria-describedby=\"caption-attachment-1919\" style=\"width: 500px\" class=\"wp-caption aligncenter\"><a href=\"http:\/\/kinanen.fi\/wordpress\/wp-content\/uploads\/2010\/11\/itsen\u00e4isyysp\u00e4iv\u00e43.jpg\"><img decoding=\"async\" class=\"size-full wp-image-1919\" title=\"itsen\u00e4isyysp\u00e4iv\u00e43\" src=\"http:\/\/kinanen.fi\/wordpress\/wp-content\/uploads\/2010\/11\/itsen\u00e4isyysp\u00e4iv\u00e43.jpg\" alt=\"Itsen\u00e4isyysp\u00e4iv\u00e4n vastaanotto\" width=\"500\" height=\"439\" \/><\/a><figcaption id=\"caption-attachment-1919\" class=\"wp-caption-text\">Itsen\u00e4isyysp\u00e4iv\u00e4n vastaanotto<\/figcaption><\/figure>\n<p>Itsen\u00e4isyysp\u00e4iv\u00e4n viettoon kuuluu monia perinteisi\u00e4 asioita. Yksi kommentoidumpia on varmasti presidentin juhlavastaanotto. Eevertkin on jo avannut television ja valmistautuu seuraamaan juhlia. Tiesitk\u00f6 ett\u00e4, Eevert on presidentin linnassa k\u00e4ynyt ja tervehtinyt itse\u00e4\u00e4n valiokuntaneuvosta joitakin vuosia sitten. Presidentti itse oli estynyt tapaamisesta naapurimaan presidentin vierailun vuoksi. Siisp\u00e4 Eevert oli pikku hippasilla valiokuntaneuvoksen kanssa keltaisessa salissa. Kaikkea ne miehet keksiv\u00e4tkin kun vaimot ovat poissa!?!<\/p>\n<p>Selvennykseksi varmaan t\u00e4ytyy kertoa ett\u00e4 samassa hippaleikiss\u00e4 oli melkoisen iso joukko my\u00f6s lapsia. Eiv\u00e4t ne miehet siell\u00e4 sent\u00e4\u00e4n kahdestaan leikkineet. \ud83d\ude09<\/p>\n<figure id=\"attachment_1921\" aria-describedby=\"caption-attachment-1921\" style=\"width: 500px\" class=\"wp-caption aligncenter\"><a href=\"http:\/\/kinanen.fi\/wordpress\/wp-content\/uploads\/2010\/11\/Itsen\u00e4isyysp\u00e4iv\u00e44.jpg\"><img decoding=\"async\" class=\"size-full wp-image-1921\" title=\"Itsen\u00e4isyysp\u00e4iv\u00e44\" src=\"http:\/\/kinanen.fi\/wordpress\/wp-content\/uploads\/2010\/11\/Itsen\u00e4isyysp\u00e4iv\u00e44.jpg\" alt=\"Juhlat jatkuu\" width=\"500\" height=\"388\" \/><\/a><figcaption id=\"caption-attachment-1921\" class=\"wp-caption-text\">Juhlat jatkuu<\/figcaption><\/figure>\n<p>Pitk\u00e4 on juhlijoiden jono ja paljon on k\u00e4telt\u00e4vi\u00e4 presidenttiparilla. Ihan siin\u00e4 varmaan jano tulee. Niin Eevertillekin ja niinp\u00e4 h\u00e4n p\u00e4\u00e4tt\u00e4\u00e4 hakea kes\u00e4ll\u00e4 valmistettua marjamehua itselleen. Juhlan kunniaksi valitsee oikein jalallisen lasin ja kohottaa maljan Suomelle.<\/p>\n<p>Juhlimisen lomassa Eevert muistaa, ett\u00e4 on t\u00e4ss\u00e4 valtakunnassa toisenlaisiakin Itsen\u00e4isyyden juhlia ollut t\u00e4n\u00e4\u00e4n. Aamulla lehdess\u00e4 luki:<\/p>\n<figure id=\"attachment_1922\" aria-describedby=\"caption-attachment-1922\" style=\"width: 137px\" class=\"wp-caption alignleft\"><a href=\"http:\/\/kinanen.fi\/wordpress\/wp-content\/uploads\/2010\/11\/Hurstit.jpg\"><img loading=\"lazy\" decoding=\"async\" class=\"size-full wp-image-1922\" title=\"Hurstit\" src=\"http:\/\/kinanen.fi\/wordpress\/wp-content\/uploads\/2010\/11\/Hurstit.jpg\" alt=\"Veikko ja Lahja Hursti\" width=\"137\" height=\"202\" \/><\/a><figcaption id=\"caption-attachment-1922\" class=\"wp-caption-text\">Veikko ja Lahja Hursti<\/figcaption><\/figure>\n<p><strong>6.12.2010 klo 12.00 Itsen\u00e4isyysp\u00e4iv\u00e4n Linnanjuhlat<\/strong><\/p>\n<p>Hakaniemen torilla<br \/>\n&#8211; ilmainen ruokailu ja ohjelmaa<\/p>\n<p>V\u00e4h\u00e4varaisten linnan juhlat ovat tulleet jo perinteeksi nekin. Eevertin nuoruudessa niit\u00e4 jo pidettiin. Tapahtumassa jaettiin ja jaetaan edelleenkin ruokaa ja vaatteita niit\u00e4 tarvitseville.<\/p>\n<p>Hurstit jakoivat ruokaa, majoittivat alkoholisteja kotiinsa sek\u00e4 j\u00e4rjestiv\u00e4t v\u00e4h\u00e4osaisille niin joulu kuin itsen\u00e4isyysjuhliakin, joihin tuli vuosittain tuhansia ihmisi\u00e4 nauttimaan ruumiin  ja sielun ravintoa.\u00a0 Tasavallan presidentti Tarja Halonen on vieraillut &#8221;k\u00f6yhien linnanjuhlissa&#8221; muutamaan otteeseen.<\/p>\n<p>N\u00e4m\u00e4 juhlat ovat olleet monelle hyvin t\u00e4rkeit\u00e4 hetki\u00e4. Veikko ja Lahja Hurstin j\u00e4lkeen ty\u00f6t\u00e4 on jatkanut heid\u00e4n Heikki-poikansa.<\/p>\n<p>Paljon on kaikenlaista mietitt\u00e4v\u00e4\u00e4 Eevertill\u00e4 itsen\u00e4isyyteen liittyviss\u00e4 asioissa.<\/p>\n<p>Kenelle mahtaa Eevert nostaa toisen maljansa t\u00e4n\u00e4 iltana?<\/p>\n<p>Millaisia itsen\u00e4isyysp\u00e4iv\u00e4\u00e4n liittyvi\u00e4 muistoja sinulla on?<\/p>\n<p>\u2606<\/p>\n<p>Eevertin joulukalenteriin ja sen kulkuun voit osallistua. Kirjoita       kommenttiosioon arvelusi kysymyksest\u00e4 tai ajatuksiasi siit\u00e4 miten       Eevertin joulupuuhat jatkuisivat t\u00e4st\u00e4 eteenp\u00e4in. Jouluna, 25.12.2010       kaikkien tarinanjatkajien kesken arvotaan Eevertin huolella  valmistama      joulupaketti.<\/p>\n<p>\u2606<\/p>\n<p>P\u00f6yd\u00e4ll\u00e4 oleva hieno Aaltovaasi on <a href=\"http:\/\/titan.vuodatus.net\/\" target=\"_blank\">Titan<\/a> taidetta.<\/p>\n","protected":false},"excerpt":{"rendered":"<p>T\u00e4n\u00e4\u00e4n viet\u00e4mme Itsen\u00e4isyysp\u00e4iv\u00e4\u00e4. Se on suomalaisille t\u00e4rke\u00e4 juhla, sill\u00e4 se kertoo ett\u00e4 p\u00e4\u00e4t\u00e4mme itse asioistamme ja voimme kaikki vaikuttaa kansaamme koskevissa p\u00e4\u00e4t\u00f6ksiss\u00e4. Suomi sai itsen\u00e4isyyden vuonna 1917, eli t\u00e4yt\u00e4mme t\u00e4n\u00e4\u00e4n 93 vuotta. Varsin kunnioitettava ik\u00e4. Itsen\u00e4isyysp\u00e4iv\u00e4n\u00e4 on tapana sytytt\u00e4\u00e4 ikkunalle kaksi kynttil\u00e4\u00e4 klo 18\u201321. Varmaksi ei tiedet\u00e4, mist\u00e4 kynttil\u00e4perinne on saanut alkunsa, mutta useita arveluita [&hellip;]<\/p>\n","protected":false},"author":1,"featured_media":0,"comment_status":"open","ping_status":"open","sticky":false,"template":"","format":"standard","meta":{"footnotes":""},"categories":[],"tags":[],"class_list":["post-1857","post","type-post","status-publish","format-standard","hentry"],"_links":{"self":[{"href":"https:\/\/www.kinanen.fi\/nukkekoti\/wp-json\/wp\/v2\/posts\/1857","targetHints":{"allow":["GET"]}}],"collection":[{"href":"https:\/\/www.kinanen.fi\/nukkekoti\/wp-json\/wp\/v2\/posts"}],"about":[{"href":"https:\/\/www.kinanen.fi\/nukkekoti\/wp-json\/wp\/v2\/types\/post"}],"author":[{"embeddable":true,"href":"https:\/\/www.kinanen.fi\/nukkekoti\/wp-json\/wp\/v2\/users\/1"}],"replies":[{"embeddable":true,"href":"https:\/\/www.kinanen.fi\/nukkekoti\/wp-json\/wp\/v2\/comments?post=1857"}],"version-history":[{"count":9,"href":"https:\/\/www.kinanen.fi\/nukkekoti\/wp-json\/wp\/v2\/posts\/1857\/revisions"}],"predecessor-version":[{"id":2233,"href":"https:\/\/www.kinanen.fi\/nukkekoti\/wp-json\/wp\/v2\/posts\/1857\/revisions\/2233"}],"wp:attachment":[{"href":"https:\/\/www.kinanen.fi\/nukkekoti\/wp-json\/wp\/v2\/media?parent=1857"}],"wp:term":[{"taxonomy":"category","embeddable":true,"href":"https:\/\/www.kinanen.fi\/nukkekoti\/wp-json\/wp\/v2\/categories?post=1857"},{"taxonomy":"post_tag","embeddable":true,"href":"https:\/\/www.kinanen.fi\/nukkekoti\/wp-json\/wp\/v2\/tags?post=1857"}],"curies":[{"name":"wp","href":"https:\/\/api.w.org\/{rel}","templated":true}]}}