{"id":1858,"date":"2010-12-07T06:00:11","date_gmt":"2010-12-07T04:00:11","guid":{"rendered":"http:\/\/kinanen.fi\/wordpress\/?p=1858"},"modified":"2010-12-12T23:16:17","modified_gmt":"2010-12-12T21:16:17","slug":"7-12-muistamisia","status":"publish","type":"post","link":"https:\/\/www.kinanen.fi\/nukkekoti\/7-12-muistamisia\/","title":{"rendered":"7.12. Muistamisia"},"content":{"rendered":"<p>Eevert on tutkinut kirjoitusp\u00f6yd\u00e4n laatikoita jo jonkin aikaa. H\u00e4n on ottanut esille kyni\u00e4 ja papereita. Kortteja ja kartonkeja sek\u00e4 pienen kirjan.<\/p>\n<p>Pieni kirja on Eevertin osoitekirja. Sinne on talletettu kaikkien niiden t\u00e4rkeiden ihmisten osoitteet, joita Eevert haluaa aina jouluisin muistaa. Korttien valmistaminen on hauskaa puuhaa. Joka vuosi on uusi teema kortilla. Kuvat tai koristeet vaihtuvat, mutta teksti pysyy samana. Se on ollut jo kymmeni\u00e4 vuosia sama. Yksinkertaisesti: Joulun iloa! Siit\u00e4 voi jokainen poimia itselleen sellaisen ilon jota syd\u00e4mess\u00e4\u00e4n jouluun toivoo ja tarvitsee.<\/p>\n<p>T\u00e4n\u00e4\u00e4n on korttien p\u00e4iv\u00e4.<\/p>\n<figure id=\"attachment_1930\" aria-describedby=\"caption-attachment-1930\" style=\"width: 427px\" class=\"wp-caption aligncenter\"><a href=\"http:\/\/kinanen.fi\/wordpress\/wp-content\/uploads\/2010\/11\/eevertinjoulu009.jpg\"><img fetchpriority=\"high\" decoding=\"async\" class=\"size-full wp-image-1930\" title=\"eevertinjoulu009\" src=\"http:\/\/kinanen.fi\/wordpress\/wp-content\/uploads\/2010\/11\/eevertinjoulu009.jpg\" alt=\"Kirjoitusp\u00f6yt\u00e4\" width=\"427\" height=\"640\" \/><\/a><figcaption id=\"caption-attachment-1930\" class=\"wp-caption-text\">Kirjoitusp\u00f6yd\u00e4ll\u00e4 kaikki valmiina<\/figcaption><\/figure>\n<p>Lapsena Eevert ker\u00e4ili joulukortteja. Vanhojen taiteilijoiden kortit olivat kauniita. My\u00f6hemm\u00e4ll\u00e4 i\u00e4ll\u00e4 maailmalla vastaanotetut kortit her\u00e4ttiv\u00e4t muistoja ja olivat odotettuja viestej\u00e4 kotimaasta. Silloin monien korttien kuvatkin muistuttivat siit\u00e4 kaipuusta ja ik\u00e4v\u00e4st\u00e4 mik\u00e4 vaivasi matkoilla. Ik\u00e4v\u00e4 kertoo siit\u00e4 ett\u00e4 v\u00e4litt\u00e4\u00e4 ja tuntee.<\/p>\n<p>Eevertin k\u00e4tk\u00f6iss\u00e4 on muutamia vanhoja joulukortteja. Niit\u00e4 h\u00e4n hypistelee varmaan joka joulu n\u00e4ihin samoihin aikoihin. Aarteisto on tarkasti talletettu lipaston laatikkoon.<\/p>\n<p>Rakkaimpia kuvia ovat\u00a0 Rudolf Koivun ja Martta Wendelinin joulukortit. Niit\u00e4 l\u00e4hetti Saimi ja Terttu mummut ja Anja mummi. Kustaa ja Veijo vaarit sek\u00e4 monet muut heid\u00e4n aikalaisensa.<\/p>\n<figure id=\"attachment_1931\" aria-describedby=\"caption-attachment-1931\" style=\"width: 306px\" class=\"wp-caption aligncenter\"><a href=\"http:\/\/kinanen.fi\/wordpress\/wp-content\/uploads\/2010\/11\/joulu-rudolf-koivu.jpg\"><img decoding=\"async\" class=\"size-full wp-image-1931\" title=\"joulu-rudolf-koivu\" src=\"http:\/\/kinanen.fi\/wordpress\/wp-content\/uploads\/2010\/11\/joulu-rudolf-koivu.jpg\" alt=\"Joulukortti\" width=\"306\" height=\"425\" \/><\/a><figcaption id=\"caption-attachment-1931\" class=\"wp-caption-text\">Rudolf Koivun kuvitusta<\/figcaption><\/figure>\n<p>Ennen l\u00e4hetettiin paljon joulukortteja. Niin ja tietenkin Uuden Vuoden kortteja, p\u00e4\u00e4si\u00e4skortteja, nimip\u00e4iv\u00e4 kortteja, syntym\u00e4p\u00e4iv\u00e4 kortteja. Nykyisell\u00e4\u00e4n Eevert tyytyy l\u00e4hett\u00e4m\u00e4\u00e4n oikeastaan vain joulukortteja. Muu yhteyden pito taitaa sujua toiselaisilla menetelmill\u00e4. Harmi sekin. Kortit kun ovat niin kauniita ja s\u00e4ilyv\u00e4t hyvin, jos haluaa ne s\u00e4ilytt\u00e4\u00e4.<\/p>\n<p>Koivu ja Wendelin ovat vanhoja taiteilijoita. Vaan ompa Eevertilla muisto nuoremmastakin korttitaitelijasta. Virpi Pekkalan kanssa Eevert on ollut ihan puheissa ja v\u00e4riopissakin takavuosina. Tuon taiteilijan k\u00e4denj\u00e4lki on my\u00f6s tuttu n\u00e4ky niin korteissa kuin kirjoissakin.<\/p>\n<figure id=\"attachment_1932\" aria-describedby=\"caption-attachment-1932\" style=\"width: 500px\" class=\"wp-caption aligncenter\"><a href=\"http:\/\/kinanen.fi\/wordpress\/wp-content\/uploads\/2010\/11\/sulkatonttu.jpg\"><img decoding=\"async\" class=\"size-full wp-image-1932\" title=\"sulkatonttu\" src=\"http:\/\/kinanen.fi\/wordpress\/wp-content\/uploads\/2010\/11\/sulkatonttu.jpg\" alt=\"Sulkatonttu\" width=\"500\" height=\"341\" \/><\/a><figcaption id=\"caption-attachment-1932\" class=\"wp-caption-text\">Virpi Pekkalan Sulkatonttu<\/figcaption><\/figure>\n<p>Pekkalan piirrokset ovat aina vieh\u00e4tt\u00e4neet Eeverti\u00e4. Niiss\u00e4 on sellaista iloa joita Eevert tunnistaa lapsissa. El\u00e4m\u00e4n riemua ja rohkeaa uteliaisuutta. Hurja m\u00e4\u00e4r\u00e4 energiaa ja huumoria. Ja erityisen t\u00e4rke\u00e4ksi ne ovat tulleet sen vuoksi, ett\u00e4 on taitelija loihtinut sukulaislasten kuvatkin kerran. Kaksi pient\u00e4 tytt\u00f6\u00e4 ja vaikka he Pekkalan tontuilta n\u00e4yttiv\u00e4tkin, niin jotakin erityisen ominaisia piirteit\u00e4 niist\u00e4 l\u00f6ytyy. Eevertin k\u00e4tk\u00f6iss\u00e4 onkin tytt\u00f6jen kuvat. Ja tallessa niit\u00e4 pidet\u00e4\u00e4n t\u00e4st\u00e4kin eteenp\u00e4in. Sitten joskus Eevert on ajatellut antaa ne lahjaksi esikuvilleen. Nooh, mik\u00e4li v\u00e4rit s\u00e4ilyv\u00e4t edes jotenkin&#8230;<\/p>\n<figure id=\"attachment_1933\" aria-describedby=\"caption-attachment-1933\" style=\"width: 500px\" class=\"wp-caption aligncenter\"><a href=\"http:\/\/kinanen.fi\/wordpress\/wp-content\/uploads\/2010\/11\/virpi-pekkala.jpg\"><img loading=\"lazy\" decoding=\"async\" class=\"size-full wp-image-1933\" title=\"virpi pekkala\" src=\"http:\/\/kinanen.fi\/wordpress\/wp-content\/uploads\/2010\/11\/virpi-pekkala.jpg\" alt=\"Sukulaistyt\u00f6t\" width=\"500\" height=\"346\" \/><\/a><figcaption id=\"caption-attachment-1933\" class=\"wp-caption-text\">Sukulaistyt\u00f6t vuonna 1983 <\/figcaption><\/figure>\n<p>Niinp\u00e4, Eevertill\u00e4 on monen joulun kortit tallessa. Niit\u00e4 katsellessa ja  vuosienkin p\u00e4\u00e4st\u00e4 lueskellessa tulee tutut ihmiset aivan kuin  vieraisille. Eik\u00e4 olisi ensimm\u00e4inen kerta kun kesken korttien  kirjoittelemisen tuleekin pakottava tarve soittaa serkulle tai t\u00e4dille  ja kysell\u00e4 kuulumiset. Ja niit\u00e4 kuulumisia yleens\u00e4 onkin paljon kun  harvakseltaan yhteytt\u00e4 pidet\u00e4\u00e4n!<\/p>\n<p>Kyll\u00e4 nyt t\u00e4ytyy keitt\u00e4\u00e4 ihan nokipannukahvit ennen ty\u00f6h\u00f6n ryhtymist\u00e4.<\/p>\n<figure id=\"attachment_2114\" aria-describedby=\"caption-attachment-2114\" style=\"width: 500px\" class=\"wp-caption aligncenter\"><a href=\"http:\/\/kinanen.fi\/wordpress\/wp-content\/uploads\/2010\/12\/Pannu.jpg\"><img loading=\"lazy\" decoding=\"async\" class=\"size-full wp-image-2114\" title=\"Pannu\" src=\"http:\/\/kinanen.fi\/wordpress\/wp-content\/uploads\/2010\/12\/Pannu.jpg\" alt=\"Pannu\" width=\"500\" height=\"418\" \/><\/a><figcaption id=\"caption-attachment-2114\" class=\"wp-caption-text\">Pannu takan pes\u00e4ss\u00e4<\/figcaption><\/figure>\n<p>Eevert hakee sylillisen puita ja latoo ne kiireen vilkkaa takkaan. Kuivat puut ja t\u00f6m\u00e4k\u00e4t sytykkeet leimahtavat reippaasti ja pia jo ritisee kotoinen tuli takassa.\u00a0 Ja kunnon kahvia kupissa. Mik\u00e4 siin\u00e4 on miehen ollessa. Vaan mit\u00e4 kummaa?<\/p>\n<figure id=\"attachment_2116\" aria-describedby=\"caption-attachment-2116\" style=\"width: 500px\" class=\"wp-caption aligncenter\"><a href=\"http:\/\/kinanen.fi\/wordpress\/wp-content\/uploads\/2010\/12\/Pannu_nuotio.jpg\"><img loading=\"lazy\" decoding=\"async\" class=\"size-full wp-image-2116\" title=\"Pannu_nuotio\" src=\"http:\/\/kinanen.fi\/wordpress\/wp-content\/uploads\/2010\/12\/Pannu_nuotio.jpg\" alt=\"Takkatuli\" width=\"500\" height=\"401\" \/><\/a><figcaption id=\"caption-attachment-2116\" class=\"wp-caption-text\">Savuttava takkatuli<\/figcaption><\/figure>\n<p>Innoissaan Eevert on latonut puut takkaan miten sattuu ja koko tupa on pian savua t\u00e4ynn\u00e4. &#8221;No mitenk\u00e4s min\u00e4 nyt noin&#8221; tuhisee Eevert availlessaan ikkunoita ja kohentaessaan palavat puut kauniisti takaseinustalle palamaan.<\/p>\n<p>Niinp\u00e4 niin, kerran taisi er\u00e4\u00e4n\u00e4 jouluna k\u00e4yd\u00e4 niinkin, ett\u00e4 pieni m\u00f6kki suuren mets\u00e4n keskell\u00e4 oli umpi j\u00e4\u00e4ss\u00e4. Hormit eiv\u00e4t vet\u00e4neet ja jokainen tulipes\u00e4 savutti sis\u00e4lle. Tuntitokulla meni ensin hormien l\u00e4mmitt\u00e4misess\u00e4 ja ikkunat pakkaseen auki. Taisi olla kaikki mukana olevat vaatteet p\u00e4\u00e4ll\u00e4, ett\u00e4 jotenkuten tarkeni. Aikanaan rupesivat tulipes\u00e4t vet\u00e4m\u00e4\u00e4n ja l\u00e4mp\u00f6\u00e4kin saatiin m\u00f6kkiin. Vaan oli jo kotiinl\u00e4hd\u00f6n aika kun lattialla uskalsi villasukilla k\u00e4vell\u00e4. Se oli kylm\u00e4 joulu se!<\/p>\n<figure id=\"attachment_2118\" aria-describedby=\"caption-attachment-2118\" style=\"width: 500px\" class=\"wp-caption aligncenter\"><a href=\"http:\/\/kinanen.fi\/wordpress\/wp-content\/uploads\/2010\/12\/pakastunut.jpg\"><img loading=\"lazy\" decoding=\"async\" class=\"size-full wp-image-2118\" title=\"pakastunut\" src=\"http:\/\/kinanen.fi\/wordpress\/wp-content\/uploads\/2010\/12\/pakastunut.jpg\" alt=\"J\u00e4\u00e4tynyt \" width=\"500\" height=\"375\" \/><\/a><figcaption id=\"caption-attachment-2118\" class=\"wp-caption-text\">Kylm\u00e4 joulu<\/figcaption><\/figure>\n<p>Onkohan Eevert p\u00e4\u00e4ssyt edes alkuun korttien kirjoittelussa? Joka vuosi taitaa kulua melkoinen tovi vanhojen muistojen parissa ennenkuin p\u00e4\u00e4see itse ty\u00f6h\u00f6n. Kyll\u00e4 muisteleminen on sitten mukavaa.<\/p>\n<p>Saakohan t\u00e4n\u00e4\u00e4n Eevert laitettua kaikki joulukorttinsa j\u00e4rjestykseen?<\/p>\n<p>Millaisesta joulutervehdyksest\u00e4 sin\u00e4 olet erityisesti ilahtunut?<\/p>\n<p>\u2606<\/p>\n<p>Eevertin joulukalenteriin ja sen kulkuun voit osallistua. Kirjoita       kommenttiosioon arvelusi kysymyksest\u00e4 tai ajatuksiasi siit\u00e4 miten       Eevertin joulupuuhat jatkuisivat t\u00e4st\u00e4 eteenp\u00e4in. Jouluna, 25.12.2010       kaikkien tarinanjatkajien kesken arvotaan Eevertin huolella  valmistama      joulupaketti.<\/p>\n","protected":false},"excerpt":{"rendered":"<p>Eevert on tutkinut kirjoitusp\u00f6yd\u00e4n laatikoita jo jonkin aikaa. H\u00e4n on ottanut esille kyni\u00e4 ja papereita. Kortteja ja kartonkeja sek\u00e4 pienen kirjan. Pieni kirja on Eevertin osoitekirja. Sinne on talletettu kaikkien niiden t\u00e4rkeiden ihmisten osoitteet, joita Eevert haluaa aina jouluisin muistaa. Korttien valmistaminen on hauskaa puuhaa. Joka vuosi on uusi teema kortilla. Kuvat tai koristeet vaihtuvat, [&hellip;]<\/p>\n","protected":false},"author":1,"featured_media":0,"comment_status":"open","ping_status":"open","sticky":false,"template":"","format":"standard","meta":{"footnotes":""},"categories":[],"tags":[],"class_list":["post-1858","post","type-post","status-publish","format-standard","hentry"],"_links":{"self":[{"href":"https:\/\/www.kinanen.fi\/nukkekoti\/wp-json\/wp\/v2\/posts\/1858","targetHints":{"allow":["GET"]}}],"collection":[{"href":"https:\/\/www.kinanen.fi\/nukkekoti\/wp-json\/wp\/v2\/posts"}],"about":[{"href":"https:\/\/www.kinanen.fi\/nukkekoti\/wp-json\/wp\/v2\/types\/post"}],"author":[{"embeddable":true,"href":"https:\/\/www.kinanen.fi\/nukkekoti\/wp-json\/wp\/v2\/users\/1"}],"replies":[{"embeddable":true,"href":"https:\/\/www.kinanen.fi\/nukkekoti\/wp-json\/wp\/v2\/comments?post=1858"}],"version-history":[{"count":10,"href":"https:\/\/www.kinanen.fi\/nukkekoti\/wp-json\/wp\/v2\/posts\/1858\/revisions"}],"predecessor-version":[{"id":2234,"href":"https:\/\/www.kinanen.fi\/nukkekoti\/wp-json\/wp\/v2\/posts\/1858\/revisions\/2234"}],"wp:attachment":[{"href":"https:\/\/www.kinanen.fi\/nukkekoti\/wp-json\/wp\/v2\/media?parent=1858"}],"wp:term":[{"taxonomy":"category","embeddable":true,"href":"https:\/\/www.kinanen.fi\/nukkekoti\/wp-json\/wp\/v2\/categories?post=1858"},{"taxonomy":"post_tag","embeddable":true,"href":"https:\/\/www.kinanen.fi\/nukkekoti\/wp-json\/wp\/v2\/tags?post=1858"}],"curies":[{"name":"wp","href":"https:\/\/api.w.org\/{rel}","templated":true}]}}