{"id":1859,"date":"2010-12-08T06:00:35","date_gmt":"2010-12-08T04:00:35","guid":{"rendered":"http:\/\/kinanen.fi\/wordpress\/?p=1859"},"modified":"2010-12-12T23:16:39","modified_gmt":"2010-12-12T21:16:39","slug":"8-12-jaljilla","status":"publish","type":"post","link":"https:\/\/www.kinanen.fi\/nukkekoti\/8-12-jaljilla\/","title":{"rendered":"8.12. Kettu juoksi yli j\u00e4rven"},"content":{"rendered":"<p>Radiossa on soinut jo monet joululaulut. Tutut s\u00e4velet palaavat joka vuosi ja saavat miehen lauleskelemaan mukana. T\u00e4h\u00e4n aikaan niit\u00e4 voi hyvin jo lurautellakin.<\/p>\n<p>Joskus tosin hieman harmittaa, jos kauppaan eksyy ja siell\u00e4 soivat jo ennen adventinaikaa rallattavat joululaulut. Mik\u00e4h\u00e4n kumma siin\u00e4kin on, ett\u00e4 vain hyvin pieni m\u00e4\u00e4r\u00e4 lauluja p\u00e4\u00e4see soittolistoille vaikka valinnanvaraa olisi vaikka kuinka paljon.Ja sitten ne muutamat laulut kuunnellaan niin puhki, ett\u00e4 ne eiv\u00e4t korvissa kivalta en\u00e4\u00e4 kuulostakaan.<\/p>\n<p>No, Eevert rakastaa joululauluja. Nytkin on rallattanut koko aamun Tenho koiran ihmetykseksi. Pikkukoira on katsellut miest\u00e4 p\u00e4\u00e4 kallellaan, milloin keitti\u00f6ss\u00e4, milloin kammarissa tai pihalla. Ja aina sama rallatus menossa.<\/p>\n<figure id=\"attachment_1941\" aria-describedby=\"caption-attachment-1941\" style=\"width: 500px\" class=\"wp-caption aligncenter\"><a href=\"http:\/\/kinanen.fi\/wordpress\/wp-content\/uploads\/2010\/11\/Tenho.jpg\"><img fetchpriority=\"high\" decoding=\"async\" class=\"size-full wp-image-1941\" title=\"Tenho\" src=\"http:\/\/kinanen.fi\/wordpress\/wp-content\/uploads\/2010\/11\/Tenho.jpg\" alt=\"tenho\" width=\"500\" height=\"378\" \/><\/a><figcaption id=\"caption-attachment-1941\" class=\"wp-caption-text\">Tenho kurkistaa ihmeiss\u00e4\u00e4n tuolin takaa<\/figcaption><\/figure>\n<p>Eevert l\u00e4htee ulos ja ottaa Tenhon matkaansa. Pikku koira on aina innokas lenkille l\u00e4htij\u00e4 ja niin nytkin hyppii sinne t\u00e4nne Eevertin ymp\u00e4rill\u00e4.<\/p>\n<p>Kaksikko suuntaa mets\u00e4\u00e4n ja l\u00e4heisen j\u00e4rven rannalle katselemaan aamua ja auringon nousua. Mukava pieni pakkanen ei haittaa. Poluilla ja teill\u00e4 on paljon nuuhkittavaa, onneksi on aikaa tarkastella kaikkia tuoksuja tarkkaan.<\/p>\n<figure id=\"attachment_1942\" aria-describedby=\"caption-attachment-1942\" style=\"width: 480px\" class=\"wp-caption aligncenter\"><a href=\"http:\/\/kinanen.fi\/wordpress\/wp-content\/uploads\/2010\/11\/j\u00e4lki3.jpg\"><img decoding=\"async\" class=\"size-full wp-image-1942\" title=\"j\u00e4lki3\" src=\"http:\/\/kinanen.fi\/wordpress\/wp-content\/uploads\/2010\/11\/j\u00e4lki3.jpg\" alt=\"J\u00e4lki\u00e4 tiell\u00e4\" width=\"480\" height=\"640\" \/><\/a><figcaption id=\"caption-attachment-1942\" class=\"wp-caption-text\">Juoksija tiell\u00e4<\/figcaption><\/figure>\n<p>Aamuauringossa n\u00e4kyv\u00e4t Tenhon tassunj\u00e4lket vastasataneella lumella. Puuterilla, niinkuin joku sanoisi. Lumi vain p\u00f6lly\u00e4\u00e4 kun Tenho keksii hangella muita j\u00e4lki\u00e4. Mit\u00e4h\u00e4n kaikkia el\u00e4imi\u00e4 t\u00e4\u00e4ll\u00e4 onkaan kulkenut? Nuuh nuuh&#8230;<\/p>\n<figure id=\"attachment_1943\" aria-describedby=\"caption-attachment-1943\" style=\"width: 500px\" class=\"wp-caption aligncenter\"><a href=\"http:\/\/kinanen.fi\/wordpress\/wp-content\/uploads\/2010\/11\/j\u00e4lki2.jpg\"><img decoding=\"async\" class=\"size-full wp-image-1943\" title=\"j\u00e4lki2\" src=\"http:\/\/kinanen.fi\/wordpress\/wp-content\/uploads\/2010\/11\/j\u00e4lki2.jpg\" alt=\"Hyppelij\u00e4k\u00f6\" width=\"500\" height=\"384\" \/><\/a><figcaption id=\"caption-attachment-1943\" class=\"wp-caption-text\">Hyppelij\u00e4k\u00f6?<\/figcaption><\/figure>\n<p>Mekoinen haukku onkin syyt\u00e4 p\u00e4\u00e4st\u00e4\u00e4 kun taas l\u00f6ytyi uusi j\u00e4lki. Pian on Eevertkin vieress\u00e4 tutkimassa Tenhon l\u00f6yt\u00f6\u00e4. Siev\u00e4t j\u00e4ljet ja sinne ne viev\u00e4t mets\u00e4n k\u00e4tk\u00f6ihin.<\/p>\n<p>Mutta mit\u00e4 kummaa \u00e4\u00e4nt\u00e4 nyt kuuluu? Joku selv\u00e4sti huutaa. Ei nyt h\u00e4diss\u00e4\u00e4n, enempi kummastuksissaan. Naapurin Annako se siell\u00e4 on. Mik\u00e4 ihme Annalla nyt on h\u00e4t\u00e4n\u00e4?<\/p>\n<p>Pian kaksikko jo n\u00e4keekin vanhan rouvan joka tuntuu kovasti siunailevan keskell\u00e4 tielt\u00e4. Ja ihanko Anna on ilman kenki\u00e4? No, ainakin on tullut l\u00e4hdetty\u00e4 ihan liian kevyill\u00e4 varusteilla pakkasaamuun.<\/p>\n<p>Annan toinen jalka on ilman kenk\u00e4\u00e4. Kenk\u00e4 on polulla, aivan rouvan edess\u00e4. Eevert p\u00e4\u00e4see pian l\u00e4helle ja kuulee jo Annan sanat. &#8221;Hirve\u00e4 peto on liikkeell\u00e4. Tule nyt pian katsomaan millaisia j\u00e4lki\u00e4 t\u00e4\u00e4ll\u00e4 mets\u00e4ss\u00e4 on!&#8221;<\/p>\n<figure id=\"attachment_1944\" aria-describedby=\"caption-attachment-1944\" style=\"width: 499px\" class=\"wp-caption aligncenter\"><a href=\"http:\/\/kinanen.fi\/wordpress\/wp-content\/uploads\/2010\/11\/j\u00e4lki.jpg\"><img loading=\"lazy\" decoding=\"async\" class=\"size-full wp-image-1944\" title=\"j\u00e4lki\" src=\"http:\/\/kinanen.fi\/wordpress\/wp-content\/uploads\/2010\/11\/j\u00e4lki.jpg\" alt=\"Iso j\u00e4lki\" width=\"499\" height=\"374\" \/><\/a><figcaption id=\"caption-attachment-1944\" class=\"wp-caption-text\">Iso j\u00e4lki<\/figcaption><\/figure>\n<p>Ja toden totta! Aika iso j\u00e4lki olikin siin\u00e4 Annan keng\u00e4n vieress\u00e4. Mink\u00e4h\u00e4n el\u00e4imen j\u00e4lki se mahtaakaan olla? Yhdess\u00e4 he kuuntelivat mets\u00e4n \u00e4\u00e4ni\u00e4. Ei kuulunut mit\u00e4\u00e4n. Korkeintaan pakkasessa rasahtelevia puita ja paukahduksia. Ei \u00e4\u00e4nt\u00e4k\u00e4\u00e4n mist\u00e4\u00e4n liikkeest\u00e4.<\/p>\n<p>Lopulta Anna-rouvalle laitetaan kenk\u00e4 takaisin jalkaan ja Eevert saattelee h\u00e4net pikku tupaansa polkua pitkin, aivan siihen l\u00e4helle. Anna on tyytyv\u00e4inen kun sai turvallista seuraa kotimatkalle. Yksin olisikin pelottanut aika paljon.<\/p>\n<p>Annan m\u00f6kilt\u00e4 mies ja koira jatkavat j\u00e4rven j\u00e4\u00e4lle. Ja Eevertin rallatus jatkuu&#8230;<\/p>\n<p style=\"text-align: center;\">Kettu juoksi yli j\u00e4rven,<br \/>\nkettu juoksi yli j\u00e4rven.<br \/>\nSaammehan, saammehan<br \/>\nlaulaa leipurin laulun?<br \/>\nN\u00e4in tekee leipuri istuen<br \/>\nja n\u00e4in h\u00e4n tekee seisoen.<br \/>\nSaammehan, saammehan<br \/>\nlaulaa leipurin laulun?<\/p>\n<p style=\"text-align: left;\">Laulusta mies ei tunnu p\u00e4\u00e4sev\u00e4n eroon ollenkaan. Ties kuinka monetta kertaa se tulee lauletuksi aamulenkin aikana. Tosin mies mieless\u00e4\u00e4n jo pohtii, ett\u00e4 miksik\u00f6h\u00e4n se on joululaulu, kun ei siin\u00e4 joulusta mit\u00e4\u00e4n puhuta? Eik\u00e4 s\u00e4keetk\u00e4\u00e4n tunnu sopivan yhteen kovin selke\u00e4sti. Mik\u00e4 laulu t\u00e4m\u00e4 oikein on?<\/p>\n<p>Miten arvelet valtaisan tassunj\u00e4ljen p\u00e4\u00e4tyneen mets\u00e4polulle ja kenelle se oikein kuului?<\/p>\n<p>Onko sinulla joululaulua joka on j\u00e4\u00e4nyt mieleesi soimaan?<\/p>\n<p>\u2606<\/p>\n<p>Eevertin joulukalenteriin ja sen kulkuun voit osallistua. Kirjoita       kommenttiosioon arvelusi kysymyksest\u00e4 tai ajatuksiasi siit\u00e4 miten       Eevertin joulupuuhat jatkuisivat t\u00e4st\u00e4 eteenp\u00e4in. Jouluna, 25.12.2010       kaikkien tarinanjatkajien kesken arvotaan Eevertin huolella  valmistama      joulupaketti.<\/p>\n","protected":false},"excerpt":{"rendered":"<p>Radiossa on soinut jo monet joululaulut. Tutut s\u00e4velet palaavat joka vuosi ja saavat miehen lauleskelemaan mukana. T\u00e4h\u00e4n aikaan niit\u00e4 voi hyvin jo lurautellakin. Joskus tosin hieman harmittaa, jos kauppaan eksyy ja siell\u00e4 soivat jo ennen adventinaikaa rallattavat joululaulut. Mik\u00e4h\u00e4n kumma siin\u00e4kin on, ett\u00e4 vain hyvin pieni m\u00e4\u00e4r\u00e4 lauluja p\u00e4\u00e4see soittolistoille vaikka valinnanvaraa olisi vaikka kuinka [&hellip;]<\/p>\n","protected":false},"author":1,"featured_media":0,"comment_status":"open","ping_status":"open","sticky":false,"template":"","format":"standard","meta":{"footnotes":""},"categories":[],"tags":[],"class_list":["post-1859","post","type-post","status-publish","format-standard","hentry"],"_links":{"self":[{"href":"https:\/\/www.kinanen.fi\/nukkekoti\/wp-json\/wp\/v2\/posts\/1859","targetHints":{"allow":["GET"]}}],"collection":[{"href":"https:\/\/www.kinanen.fi\/nukkekoti\/wp-json\/wp\/v2\/posts"}],"about":[{"href":"https:\/\/www.kinanen.fi\/nukkekoti\/wp-json\/wp\/v2\/types\/post"}],"author":[{"embeddable":true,"href":"https:\/\/www.kinanen.fi\/nukkekoti\/wp-json\/wp\/v2\/users\/1"}],"replies":[{"embeddable":true,"href":"https:\/\/www.kinanen.fi\/nukkekoti\/wp-json\/wp\/v2\/comments?post=1859"}],"version-history":[{"count":8,"href":"https:\/\/www.kinanen.fi\/nukkekoti\/wp-json\/wp\/v2\/posts\/1859\/revisions"}],"predecessor-version":[{"id":2235,"href":"https:\/\/www.kinanen.fi\/nukkekoti\/wp-json\/wp\/v2\/posts\/1859\/revisions\/2235"}],"wp:attachment":[{"href":"https:\/\/www.kinanen.fi\/nukkekoti\/wp-json\/wp\/v2\/media?parent=1859"}],"wp:term":[{"taxonomy":"category","embeddable":true,"href":"https:\/\/www.kinanen.fi\/nukkekoti\/wp-json\/wp\/v2\/categories?post=1859"},{"taxonomy":"post_tag","embeddable":true,"href":"https:\/\/www.kinanen.fi\/nukkekoti\/wp-json\/wp\/v2\/tags?post=1859"}],"curies":[{"name":"wp","href":"https:\/\/api.w.org\/{rel}","templated":true}]}}