{"id":1862,"date":"2010-12-11T06:00:15","date_gmt":"2010-12-11T04:00:15","guid":{"rendered":"http:\/\/kinanen.fi\/wordpress\/?p=1862"},"modified":"2010-12-10T22:39:39","modified_gmt":"2010-12-10T20:39:39","slug":"11-12-jouluradio","status":"publish","type":"post","link":"https:\/\/www.kinanen.fi\/nukkekoti\/11-12-jouluradio\/","title":{"rendered":"11.12. Jouluradio"},"content":{"rendered":"<p>Radiosta kuuluu jouluisia s\u00e4veli\u00e4&#8230; Tuikkikaa oi joulun t\u00e4ht\u00f6set&#8230;. Eevertin on ihan pakko lauleskella mukana. Monta tuttua ja kaunista s\u00e4velm\u00e4\u00e4 sielt\u00e4 onkin tullut jo t\u00e4n\u00e4 aamuna.<\/p>\n<p>On se vaan niin mukavaa kun on olemassa radiokanava, joka soittaa jouluisia s\u00e4velmi\u00e4 aina Tapaninp\u00e4iv\u00e4\u00e4n saakka. Jouluradiosta on tullut Eevertille hyv\u00e4 kavari hiljaisiin aamuhetkiin. Monesti radiosta kuuluu niit\u00e4 v\u00e4hemm\u00e4n tunnettuja lauluja ja s\u00e4vellyksi\u00e4. L\u00e4helt\u00e4 ja kaukaa. On tullut sellaisiakin kuunneluksi, mit\u00e4 muistaa kuulleensa merill\u00e4 ollessan. Tuttuja, mutta niihin ei aina sanoja osaakkaan. Muistoja ne her\u00e4tt\u00e4v\u00e4t kuitenkin ja silloin Eevert hakee vanhan valkuvakansionsa ja tutkiskelee tarkasti kuvia.<\/p>\n<p>&#8221;Tuo matruusi taisi olla juuri silloin mukana kun pieni lasten kuoro k\u00e4vi laivalla laulamassa joulunalla laivalla&#8230; ja silloinhan tuli ihan joulupukkikin n\u00e4hdyksi. Kyll\u00e4 se silloin nauratti, kun oli mahdottoman kuuma, hyv\u00e4 kun pystyi paitaa pit\u00e4m\u00e4\u00e4n ja joulupukki tuli t\u00e4ysiss\u00e4 tamineissaan jakamaan lahjoja raavaille miehille. Taitaa se pukinkin kuva olla t\u00e4\u00e4ll\u00e4 jossakin&#8230;.&#8221; h\u00f6pisi Eevert selaillessaan kuvia.<\/p>\n<figure id=\"attachment_2073\" aria-describedby=\"caption-attachment-2073\" style=\"width: 500px\" class=\"wp-caption aligncenter\"><a href=\"http:\/\/kinanen.fi\/wordpress\/wp-content\/uploads\/2010\/11\/valokuvakansio.jpg\"><img fetchpriority=\"high\" decoding=\"async\" class=\"size-full wp-image-2073\" title=\"valokuvakansio\" src=\"http:\/\/kinanen.fi\/wordpress\/wp-content\/uploads\/2010\/11\/valokuvakansio.jpg\" alt=\"Valokuvakansio\" width=\"500\" height=\"333\" \/><\/a><figcaption id=\"caption-attachment-2073\" class=\"wp-caption-text\">Valokuvakansio<\/figcaption><\/figure>\n<p>Mit\u00e4s sielt\u00e4 radiosta nyt kuuluu? Eevertin t\u00e4ytyy menn\u00e4 laittamaan hieman kovemmalle. Ihan selv\u00e4sti on alkamassa Eevertin rakkaimpia joululauluja&#8230;<\/p>\n<p><em>En etsi valtaa, loistoa, en kaipaa kultaakaan; ma\u0308 pyyda\u0308n taivaan valoa ja rauhaa pa\u0308a\u0308lle maan! Se joulu suo, mi onnen tuo ja mielet nostaa Luojan luo! Ei valtaa eika\u0308 kultaakaan, vaan rauhaa pa\u0308a\u0308lle maan!<br \/>\nSuo mulle maja rauhaisa ja lasten joulupuu! Jumalan sanan valoa, joss&#8217; sieluin kirkastuu! Tuo kotihin, jos pieneenkin, nyt joulujuhla suloisin! Jumala sanan valoa, ja mielta\u0308 jaloa!<br \/>\nLuo ko\u0308yha\u0308n niinkuin rikkahan saa joulu ihana! Pimeytehen maailman tuo taivaan valoa! Sua halajan, Sua odotan, Sa\u0308 Herra maan ja taivahan! Nyt ko\u0308yha\u0308n niinkuin rikkaan luo suloinen joulus tuo!<\/em><\/p>\n<p><em> <\/em><\/p>\n<figure id=\"attachment_2074\" aria-describedby=\"caption-attachment-2074\" style=\"width: 500px\" class=\"wp-caption aligncenter\"><em><em><a href=\"http:\/\/kinanen.fi\/wordpress\/wp-content\/uploads\/2010\/11\/radio.jpg\"><img decoding=\"async\" class=\"size-full wp-image-2074\" title=\"radio\" src=\"http:\/\/kinanen.fi\/wordpress\/wp-content\/uploads\/2010\/11\/radio.jpg\" alt=\"Radio\" width=\"500\" height=\"333\" \/><\/a><\/em><\/em><figcaption id=\"caption-attachment-2074\" class=\"wp-caption-text\">Eevertin vanha matkaradio<\/figcaption><\/figure>\n<p><em> <\/em>Eevert istahtaa ty\u00f6p\u00f6yt\u00e4ns\u00e4 \u00e4\u00e4reen ja vaipuu hetkess\u00e4 rakkaisiin muistoihin. Koulun kuusijuhlassa laulettiin joka vuosi En etsi valtaa loistoa&#8230; Ja se oli aina niin juhlallinen hetki. Ihan sit\u00e4 tunsi olonsakin ylv\u00e4\u00e4ksi vanhojen ehk\u00e4 jopa ikiaikaisten sanoitusten edess\u00e4.<\/p>\n<p>Pitk\u00e4\u00e4n Eevert istuikin mietteisiins\u00e4 uponneena tuolillaan. Taisi ihan nukahtaa. Unessa vierailivat vanhat ty\u00f6kaverit ja lapsuus ajan yst\u00e4v\u00e4t sulassa sovussa ja sekaisin. Se oli merkitt\u00e4v\u00e4 uni. Niin monet rakkaat k\u00e4viv\u00e4t tervehtim\u00e4ss\u00e4 uinuvaa Eeverti\u00e4. Ties kuinka kauan mies olisikaan nukkunut, ellei radiosta olisi yht\u00e4kki\u00e4 pysk\u00e4ht\u00e4nyt ilmoille hieman reippaampia s\u00e4veli\u00e4 Tonttuparaatin my\u00f6t\u00e4. Ihan sit\u00e4 s\u00e4ps\u00e4hti Eevertkin.<\/p>\n<p>Ehk\u00e4 hieman nolona h\u00e4n varmuuden vuoksi katsahti ymp\u00e4rilleen&#8230; ihan vaan tarkastaakseen ett\u00e4 kukaan ei n\u00e4hnyt kuinka h\u00e4n kesken p\u00e4iv\u00e4n torkahtelee tuolille. Niinkuin sill\u00e4 jotakin merkityst\u00e4 olisi&#8230;<\/p>\n<p>Kummasti virkistyneen\u00e4 Eevert suuntaa keitti\u00f6\u00f6n. Kala-Kari oli eilen tuonut Eevertille kassillisen kaloja joita oli pyyt\u00e4nyt. Mukava mies se Kala-Kari. On jo vuosia pit\u00e4nyt huolta siit\u00e4, ett\u00e4 kyl\u00e4n vanhat asukit pysyv\u00e4t kotij\u00e4rven kaloissa. Kassillinen kalaa, taitaa olla etup\u00e4\u00e4ss\u00e4 siikaa ja n\u00e4ytt\u00e4\u00e4 siell\u00e4 jokunen lohikin olevan.<\/p>\n<figure id=\"attachment_2075\" aria-describedby=\"caption-attachment-2075\" style=\"width: 498px\" class=\"wp-caption aligncenter\"><a href=\"http:\/\/kinanen.fi\/wordpress\/wp-content\/uploads\/2010\/11\/lohi.jpg\"><img decoding=\"async\" class=\"size-full wp-image-2075\" title=\"lohi\" src=\"http:\/\/kinanen.fi\/wordpress\/wp-content\/uploads\/2010\/11\/lohi.jpg\" alt=\"Kala valmistumassa\" width=\"498\" height=\"332\" \/><\/a><figcaption id=\"caption-attachment-2075\" class=\"wp-caption-text\">Kala valmistumassa<\/figcaption><\/figure>\n<p>Ja ei kun tuumasta toimeen. K\u00e4tev\u00e4sti ja kokenein ottein Eevert paloittelee kalan. Osan laittaa jouluksi suolaantumaan ja pakastimeen ja osasta leikell\u00e4\u00e4n p\u00e4iv\u00e4lliseksi\u00a0 komeita pihvej\u00e4. P\u00e4\u00e4 ja ruodot laitetaan talteen ja niist\u00e4 keitet\u00e4\u00e4n makoisat sopat. Kalasopasta Eevert pit\u00e4\u00e4kin. Varsinkin kun se on hartaudella tehty ja voilla maustettu.<\/p>\n<p>Eevertin matkaradio on tullut miehen mukana keitti\u00f6\u00f6n. Kalan valmistuksen j\u00e4lkeen on aika keitt\u00e4\u00e4 kunnon kahvit ja keskitty\u00e4 uudelleen radion kuuntelemiseen.<\/p>\n<p>Eevertin radiota p\u00e4\u00e4see kuuntelemaan klikkaamalla radiota alla.<\/p>\n<figure id=\"attachment_2076\" aria-describedby=\"caption-attachment-2076\" style=\"width: 265px\" class=\"wp-caption aligncenter\"><a href=\"http:\/\/www.jouluradio.fi\/index.html\" target=\"_blank\"><img loading=\"lazy\" decoding=\"async\" class=\"size-medium wp-image-2076\" title=\"radio2\" src=\"http:\/\/kinanen.fi\/wordpress\/wp-content\/uploads\/2010\/11\/radio2-265x300.jpg\" alt=\"Eevertin Jouluradio\" width=\"265\" height=\"300\" \/><\/a><figcaption id=\"caption-attachment-2076\" class=\"wp-caption-text\">Eevertin Jouluradio<\/figcaption><\/figure>\n<p>Millaista musiikkia Eevert nyt mahtaa kuunnella? Mik\u00e4 on sinun rakkaimpia joulus\u00e4veli\u00e4si?\u00a0 Ent\u00e4 ehk\u00e4p\u00e4 muistat hyvin jonkin mieleen j\u00e4\u00e4neen joulupukki-kokemuksen?<\/p>\n<p>\u2606<\/p>\n<p>Eevertin joulukalenteriin ja sen kulkuun voit osallistua. Kirjoita        kommenttiosioon arvelusi kysymyksest\u00e4 tai ajatuksiasi siit\u00e4 miten        Eevertin joulupuuhat jatkuisivat t\u00e4st\u00e4 eteenp\u00e4in. Jouluna,  25.12.2010       kaikkien tarinanjatkajien kesken arvotaan Eevertin  huolella  valmistama      joulupaketti.<\/p>\n<p>\u2606<\/p>\n<p>Komea kala on <a href=\"http:\/\/jatanukkekodinruokia.vuodatus.net\/\">Jatan<\/a> pyydyksist\u00e4 p\u00e4\u00e4tynyt Kala-Karille.<\/p>\n","protected":false},"excerpt":{"rendered":"<p>Radiosta kuuluu jouluisia s\u00e4veli\u00e4&#8230; Tuikkikaa oi joulun t\u00e4ht\u00f6set&#8230;. Eevertin on ihan pakko lauleskella mukana. Monta tuttua ja kaunista s\u00e4velm\u00e4\u00e4 sielt\u00e4 onkin tullut jo t\u00e4n\u00e4 aamuna. On se vaan niin mukavaa kun on olemassa radiokanava, joka soittaa jouluisia s\u00e4velmi\u00e4 aina Tapaninp\u00e4iv\u00e4\u00e4n saakka. Jouluradiosta on tullut Eevertille hyv\u00e4 kavari hiljaisiin aamuhetkiin. Monesti radiosta kuuluu niit\u00e4 v\u00e4hemm\u00e4n tunnettuja [&hellip;]<\/p>\n","protected":false},"author":1,"featured_media":0,"comment_status":"open","ping_status":"open","sticky":false,"template":"","format":"standard","meta":{"footnotes":""},"categories":[],"tags":[],"class_list":["post-1862","post","type-post","status-publish","format-standard","hentry"],"_links":{"self":[{"href":"https:\/\/www.kinanen.fi\/nukkekoti\/wp-json\/wp\/v2\/posts\/1862","targetHints":{"allow":["GET"]}}],"collection":[{"href":"https:\/\/www.kinanen.fi\/nukkekoti\/wp-json\/wp\/v2\/posts"}],"about":[{"href":"https:\/\/www.kinanen.fi\/nukkekoti\/wp-json\/wp\/v2\/types\/post"}],"author":[{"embeddable":true,"href":"https:\/\/www.kinanen.fi\/nukkekoti\/wp-json\/wp\/v2\/users\/1"}],"replies":[{"embeddable":true,"href":"https:\/\/www.kinanen.fi\/nukkekoti\/wp-json\/wp\/v2\/comments?post=1862"}],"version-history":[{"count":8,"href":"https:\/\/www.kinanen.fi\/nukkekoti\/wp-json\/wp\/v2\/posts\/1862\/revisions"}],"predecessor-version":[{"id":2139,"href":"https:\/\/www.kinanen.fi\/nukkekoti\/wp-json\/wp\/v2\/posts\/1862\/revisions\/2139"}],"wp:attachment":[{"href":"https:\/\/www.kinanen.fi\/nukkekoti\/wp-json\/wp\/v2\/media?parent=1862"}],"wp:term":[{"taxonomy":"category","embeddable":true,"href":"https:\/\/www.kinanen.fi\/nukkekoti\/wp-json\/wp\/v2\/categories?post=1862"},{"taxonomy":"post_tag","embeddable":true,"href":"https:\/\/www.kinanen.fi\/nukkekoti\/wp-json\/wp\/v2\/tags?post=1862"}],"curies":[{"name":"wp","href":"https:\/\/api.w.org\/{rel}","templated":true}]}}