{"id":1865,"date":"2010-12-16T06:00:54","date_gmt":"2010-12-16T04:00:54","guid":{"rendered":"http:\/\/kinanen.fi\/wordpress\/?p=1865"},"modified":"2016-09-29T10:25:35","modified_gmt":"2016-09-29T07:25:35","slug":"16-12-joulupata-porisee","status":"publish","type":"post","link":"https:\/\/www.kinanen.fi\/nukkekoti\/16-12-joulupata-porisee\/","title":{"rendered":"16.12. Joulupata porisee"},"content":{"rendered":"<p>T\u00e4n\u00e4\u00e4n Eevert k\u00e4y kaupassa ja hoitamassa asioita kaupungissa. Ihmisten ilmoille tai v\u00e4enpaljouksiin mies ei mielell\u00e4\u00e4n suuntaa. Ja varsinkin n\u00e4ihin aikoihin tuntuu silt\u00e4 ett\u00e4 v\u00e4ke\u00e4 riitt\u00e4\u00e4 ruuhkaksi asti.<\/p>\n<p>Kaupunkinmatkaan Eevert valmistautuu huolella. Ensiksikin pit\u00e4\u00e4 talo j\u00e4tt\u00e4\u00e4 hyv\u00e4\u00e4n kuntoon, niin on mukavampi tulla takaisin kotiin. Siisp\u00e4 aamuvarhaisella siistit\u00e4\u00e4n sis\u00e4ll\u00e4 paikat ja vied\u00e4\u00e4n roskat pois.<\/p>\n<figure id=\"attachment_2108\" aria-describedby=\"caption-attachment-2108\" style=\"width: 427px\" class=\"wp-caption aligncenter\"><a href=\"http:\/\/kinanen.fi\/wordpress\/wp-content\/uploads\/2010\/12\/Lumi4.jpg\"><img fetchpriority=\"high\" decoding=\"async\" class=\"size-full wp-image-2108\" title=\"Lumi4\" src=\"http:\/\/kinanen.fi\/wordpress\/wp-content\/uploads\/2010\/12\/Lumi4.jpg\" alt=\"Lunta pihalla\" width=\"427\" height=\"640\" \/><\/a><figcaption id=\"caption-attachment-2108\" class=\"wp-caption-text\">Vastasatanutta lunta pihalla<\/figcaption><\/figure>\n<p>Ulkona on my\u00f6s paljon tekemist\u00e4. Edellisen y\u00f6n j\u00e4ljelt\u00e4 on pyrytt\u00e4nyt paljon ja t\u00e4ytyy hieman luutia isompia pois. Pakkaslumi on kevytt\u00e4 ja siin\u00e4 ei kauan Eevertin nokka ehdi tuhita kun ty\u00f6 on tehty.<\/p>\n<figure id=\"attachment_2109\" aria-describedby=\"caption-attachment-2109\" style=\"width: 500px\" class=\"wp-caption aligncenter\"><a href=\"http:\/\/kinanen.fi\/wordpress\/wp-content\/uploads\/2010\/12\/Lumi.jpg\"><img decoding=\"async\" class=\"size-full wp-image-2109\" title=\"Lumi\" src=\"http:\/\/kinanen.fi\/wordpress\/wp-content\/uploads\/2010\/12\/Lumi.jpg\" alt=\"Luudalla t\u00f6it\u00e4\" width=\"500\" height=\"435\" \/><\/a><figcaption id=\"caption-attachment-2109\" class=\"wp-caption-text\">Uudella luudalla kevyt lumi lakastaan nopeasti<\/figcaption><\/figure>\n<p>Luutimisen lomassa Eevert kunnostaa pari p\u00e4iv\u00e4\u00e4 sitten tehdyt lumilyhdyt ja laittaa niihin kynttil\u00e4t sis\u00e4lle valaisemaan. Pian onkin piha t\u00e4ynn\u00e4 kaunista valoa. Varsinkin n\u00e4in aamuh\u00e4m\u00e4riss\u00e4 ne n\u00e4ytt\u00e4v\u00e4t oikein kauniilta. Pikkukoira Tenhokin nauttii lumisesta pihasta hypelle ja piehtaroiden pehme\u00e4ss\u00e4 lumessa. V\u00e4lill\u00e4 se ik\u00e4\u00e4nkuin katsoo Eeverti\u00e4 sanoakseen: Katso, katso, miten pehme\u00e4\u00e4 lunta! ja hyp\u00e4ht\u00e4\u00e4 juuri kasattuun lumikinokseen.<\/p>\n<figure id=\"attachment_2110\" aria-describedby=\"caption-attachment-2110\" style=\"width: 464px\" class=\"wp-caption aligncenter\"><a href=\"http:\/\/kinanen.fi\/wordpress\/wp-content\/uploads\/2010\/12\/Lumi2.jpg\"><img decoding=\"async\" class=\"size-full wp-image-2110\" title=\"Lumi2\" src=\"http:\/\/kinanen.fi\/wordpress\/wp-content\/uploads\/2010\/12\/Lumi2.jpg\" alt=\"Lumienkeli?\" width=\"464\" height=\"640\" \/><\/a><figcaption id=\"caption-attachment-2110\" class=\"wp-caption-text\">Lumienkeli?<\/figcaption><\/figure>\n<p>Ohhoh! Tenhon innoittamanako Eevertkin on ihan heitt\u00e4ytynyt hankeen melkein umpsukkulaan! Kyll\u00e4 sit\u00e4 vanhaakin miest\u00e4 lumi innoittaa.<\/p>\n<p>Aamujumppa on suoritettu pihamaalla harjanvarressa ja on aika siirty\u00e4 sis\u00e4lle aamiaiselle ennen kaupunkimatkaa.<\/p>\n<figure id=\"attachment_2111\" aria-describedby=\"caption-attachment-2111\" style=\"width: 497px\" class=\"wp-caption aligncenter\"><a href=\"http:\/\/kinanen.fi\/wordpress\/wp-content\/uploads\/2010\/12\/Lumi3.jpg\"><img loading=\"lazy\" decoding=\"async\" class=\"size-full wp-image-2111\" title=\"Lumi3\" src=\"http:\/\/kinanen.fi\/wordpress\/wp-content\/uploads\/2010\/12\/Lumi3.jpg\" alt=\"Luminen mies\" width=\"497\" height=\"640\" \/><\/a><figcaption id=\"caption-attachment-2111\" class=\"wp-caption-text\">Luminen mies<\/figcaption><\/figure>\n<p>T\u00e4ytyy muistaa ravistella lumi vaatteista ja jalkineista ennen sin\u00e4lle menemist\u00e4. Muutoin on pian paljon vett\u00e4 sis\u00e4ll\u00e4 ja siin\u00e4h\u00e4n sukat kastuu pian.<\/p>\n<p>Kaupoille l\u00e4htemiselle on monta kehottavaa asiaa. Pienille serkunlapsille olisi hyv\u00e4 l\u00f6yt\u00e4\u00e4 jotakin mill\u00e4 ilahduttaa heit\u00e4 jouluna. Joulumuistamisien lis\u00e4ksi Eevertill\u00e4 on ollut tapana muistaa my\u00f6s sellaisia l\u00e4heisi\u00e4 joita ei tunne ollenkaan.<\/p>\n<p>Pieni paketti, pehmoinen tai kovempi on tullut laitettua tuntemattomalle yst\u00e4v\u00e4lle. Sellaiseen pakettiin Eevert t\u00e4n\u00e4 vuonna laittaa kaikenlaista joulunaikaan tarvittavaa ruokatavaraa. Puuroaineita, kiisseliaineita, s\u00e4il\u00f6ttyj\u00e4 herkkuja, kestotuotteita ja paljon muuta. Paketti kainalossa on hyv\u00e4 nousta linjuriin ja matkustaa kaupunkiin.<\/p>\n<p>Kaupungissa on ansiksi suunnistettava paketin kanssa Joulupadan luo. Sellaisia on pystytettyn\u00e4 keskeisimmille paikoille. Padan alle voi j\u00e4tt\u00e4\u00e4 paketin ja toivottaa hyv\u00e4\u00e4 joulua patavahdille. T\u00e4rke\u00e4t\u00e4 teht\u00e4v\u00e4\u00e4 tekev\u00e4t. On niin paljon sellaisia perheit\u00e4 joiden jouluun paketit ovat tervetulleita.<\/p>\n<p>&#8221;Antakaa padan porista!&#8221;, kehoitti pelastuskapteeni Joseph McFee yli sata vuotta sitten. Joseph pystytti San Franciscon vilkkaalle kadulle padan, jonka avulla ker\u00e4ttiin varoja n\u00e4lk\u00e4isille merimiehille.<\/p>\n<p>Vuosikymmenien saatossa on Joulupadasta tullut perinteinen n\u00e4ky jouluisessa katukuvassa. Yli satavuotias ker\u00e4ys on t\u00e4rke\u00e4 osa suomalaista jouluperinnett\u00e4. Antamisen ja auttamisen aate el\u00e4\u00e4 yh\u00e4 vahvana. Sit\u00e4 perinnett\u00e4 Eevert ei tohdi katkaista. Eevertin \u00e4iti ja iso\u00e4iti pittiv\u00e4t kunnia-asianaan tukea niit\u00e4 jotka sit\u00e4 tarvitsivat. Suomessa joulupadat pystytettiin ensimm\u00e4isen kerran vuonna 1906.<\/p>\n<p>Nyky\u00e4\u00e4n ei paketteja tarvitse tehd\u00e4, jos ei halua tai ehdi, vaan auttaa voi muutenkin: <a href=\"http:\/\/www.joulupata.fi\/\" target=\"_blank\">Joulupata<\/a><\/p>\n<figure id=\"attachment_2084\" aria-describedby=\"caption-attachment-2084\" style=\"width: 180px\" class=\"wp-caption aligncenter\"><a href=\"http:\/\/www.joulupata.fi\/\" target=\"_blank\"><img loading=\"lazy\" decoding=\"async\" class=\"size-full wp-image-2084\" title=\"Joulupata\" src=\"http:\/\/kinanen.fi\/wordpress\/wp-content\/uploads\/2010\/11\/Joulupata.jpg\" alt=\"Joulupata\" width=\"180\" height=\"240\" \/><\/a><figcaption id=\"caption-attachment-2084\" class=\"wp-caption-text\">Joulupata<\/figcaption><\/figure>\n<p>Virtuaaliseen joulupataan voi\u00a0 osallistua jokainen. Eevertin edustama\u00a0yhteis\u00f6potti l\u00f6ytyy nimell\u00e4 <a href=\"http:\/\/www.joulupata.fi\/?page=lahjoita&amp;potti=nukkekoti\" target=\"_blank\">Nukkekoti<\/a>. Nukkekoti- ja miniatyristi-harrastasjien oma pata.<\/p>\n<p>Joulupadat ovat ulkona 16.12. alkaen.<\/p>\n<p>Serkun lasten joulutervehdyksi\u00e4 varten piti pist\u00e4yty\u00e4 isossa tavaratalossa. Hetken aikaa kierrelty\u00e4\u00e4n Eevert p\u00e4\u00e4tti turvautua yst\u00e4v\u00e4llisen myyj\u00e4tt\u00e4ren apuun. Hetken he supattelivat kesken\u00e4\u00e4n ja sitten myy\u00e4t\u00e4r (vieh\u00e4tt\u00e4v\u00e4) poistui hetkeksi. Palatessaan h\u00e4nell\u00e4 oli k\u00e4dess\u00e4\u00e4n kaunis joulukassi. Yhdess\u00e4 he katsoivat kassiin ja supattelivat edelleen. Eevert kohteliaana miehen\u00e4 kiitti ja kohotti hieman hattuaan l\u00e4ksi\u00e4isiksi. Tyytyv\u00e4isen\u00e4 h\u00e4n poistui kaupasta.<\/p>\n<p>Kaupunkireissulla Eevert ajatteli samalla nauttia hieman kulttuurista. Suunnitelmissa on piipahtaa Kansallismuseossa katsomassa nukkekotin\u00e4yttely\u00e4 yhdess\u00e4 tutun harrastajarouvan kanssa. Kansallismuseossa on aina j\u00e4nnitt\u00e4v\u00e4\u00e4 k\u00e4yd\u00e4. Sielt\u00e4 l\u00f6ytyy muutakin Eeverti\u00e4 kiinnostavaa. Aivan siin\u00e4 alkusaleissa, kivikautisissa kokoelmissa on Eevertin kotitilalta kaivauksista l\u00f6ydettyj\u00e4 esineit\u00e4. Pieni\u00e4 keih\u00e4\u00e4nk\u00e4rki\u00e4 ja kamman tapaisia. Taitaa niiss\u00e4 olla vieress\u00e4 lappukin joka kertoo talon nimen. Eevert on kuin pieni poika, niin t\u00e4rke\u00e4t asiat pit\u00e4\u00e4 k\u00e4yd\u00e4 tarkistamassa ihan ensiksi ja sen j\u00e4lkeen vasta voi katsoa mit\u00e4 muuta verrattomassa museossa mahtaa olla n\u00e4ytteill\u00e4.<\/p>\n<p>P\u00e4iv\u00e4 kuluu nopeasti ja illan tullen Eevert palaa kotitalolleen. Jo pitk\u00e4lt\u00e4 loistaa kyhtyjen valo, tervehtien kotiin palaavaa is\u00e4nt\u00e4\u00e4. Olo on rauhaisa. Kotiin on aina niin hyv\u00e4 palata.<\/p>\n<figure id=\"attachment_2090\" aria-describedby=\"caption-attachment-2090\" style=\"width: 427px\" class=\"wp-caption aligncenter\"><a href=\"http:\/\/kinanen.fi\/wordpress\/wp-content\/uploads\/2010\/12\/luhty3.jpg\"><img loading=\"lazy\" decoding=\"async\" class=\"size-full wp-image-2090\" title=\"luhty3\" src=\"http:\/\/kinanen.fi\/wordpress\/wp-content\/uploads\/2010\/12\/luhty3.jpg\" alt=\"Lyhty\" width=\"427\" height=\"640\" \/><\/a><figcaption id=\"caption-attachment-2090\" class=\"wp-caption-text\">Lyhty<\/figcaption><\/figure>\n<p>Rauhallista iltaa jokaiselle, toivoo Eevert.<\/p>\n<p>Mit\u00e4 Eevert mahtaa kirjoittaa t\u00e4n\u00e4\u00e4n p\u00e4iv\u00e4kirjaansa? Millaisista kulttuuririennoista sin\u00e4 pid\u00e4t?<\/p>\n<p>Mit\u00e4 Eevertin joulutervehdyksiin onkaan k\u00e4tkettyn\u00e4?<\/p>\n<p>\u2606<\/p>\n<p>Eevertin joulukalenteriin ja sen kulkuun voit osallistua. Kirjoita kommenttiosioon arvelusi kysymyksest\u00e4 tai ajatuksiasi siit\u00e4 miten Eevertin joulupuuhat jatkuisivat t\u00e4st\u00e4 eteenp\u00e4in. Jouluna, 25.12.2010 kaikkien tarinanjatkajien kesken arvotaan Eevertin huolella valmistama joulupaketti.<\/p>\n","protected":false},"excerpt":{"rendered":"<p>T\u00e4n\u00e4\u00e4n Eevert k\u00e4y kaupassa ja hoitamassa asioita kaupungissa. Ihmisten ilmoille tai v\u00e4enpaljouksiin mies ei mielell\u00e4\u00e4n suuntaa. Ja varsinkin n\u00e4ihin aikoihin tuntuu silt\u00e4 ett\u00e4 v\u00e4ke\u00e4 riitt\u00e4\u00e4 ruuhkaksi asti. Kaupunkinmatkaan Eevert valmistautuu huolella. Ensiksikin pit\u00e4\u00e4 talo j\u00e4tt\u00e4\u00e4 hyv\u00e4\u00e4n kuntoon, niin on mukavampi tulla takaisin kotiin. Siisp\u00e4 aamuvarhaisella siistit\u00e4\u00e4n sis\u00e4ll\u00e4 paikat ja vied\u00e4\u00e4n roskat pois. Ulkona on my\u00f6s [&hellip;]<\/p>\n","protected":false},"author":1,"featured_media":0,"comment_status":"open","ping_status":"open","sticky":false,"template":"","format":"standard","meta":{"footnotes":""},"categories":[],"tags":[],"class_list":["post-1865","post","type-post","status-publish","format-standard","hentry"],"_links":{"self":[{"href":"https:\/\/www.kinanen.fi\/nukkekoti\/wp-json\/wp\/v2\/posts\/1865","targetHints":{"allow":["GET"]}}],"collection":[{"href":"https:\/\/www.kinanen.fi\/nukkekoti\/wp-json\/wp\/v2\/posts"}],"about":[{"href":"https:\/\/www.kinanen.fi\/nukkekoti\/wp-json\/wp\/v2\/types\/post"}],"author":[{"embeddable":true,"href":"https:\/\/www.kinanen.fi\/nukkekoti\/wp-json\/wp\/v2\/users\/1"}],"replies":[{"embeddable":true,"href":"https:\/\/www.kinanen.fi\/nukkekoti\/wp-json\/wp\/v2\/comments?post=1865"}],"version-history":[{"count":12,"href":"https:\/\/www.kinanen.fi\/nukkekoti\/wp-json\/wp\/v2\/posts\/1865\/revisions"}],"predecessor-version":[{"id":10197,"href":"https:\/\/www.kinanen.fi\/nukkekoti\/wp-json\/wp\/v2\/posts\/1865\/revisions\/10197"}],"wp:attachment":[{"href":"https:\/\/www.kinanen.fi\/nukkekoti\/wp-json\/wp\/v2\/media?parent=1865"}],"wp:term":[{"taxonomy":"category","embeddable":true,"href":"https:\/\/www.kinanen.fi\/nukkekoti\/wp-json\/wp\/v2\/categories?post=1865"},{"taxonomy":"post_tag","embeddable":true,"href":"https:\/\/www.kinanen.fi\/nukkekoti\/wp-json\/wp\/v2\/tags?post=1865"}],"curies":[{"name":"wp","href":"https:\/\/api.w.org\/{rel}","templated":true}]}}