{"id":1869,"date":"2010-12-24T06:00:45","date_gmt":"2010-12-24T04:00:45","guid":{"rendered":"http:\/\/kinanen.fi\/wordpress\/?p=1869"},"modified":"2010-12-23T19:03:31","modified_gmt":"2010-12-23T17:03:31","slug":"18-12-jouluaatto","status":"publish","type":"post","link":"https:\/\/www.kinanen.fi\/nukkekoti\/18-12-jouluaatto\/","title":{"rendered":"24.12. Jouluaatto"},"content":{"rendered":"<p>Jouluaattona on viel\u00e4 paljon tekemist\u00e4. Moni asia kaipaa viimeisen silauksen ennen juhlan alkua.<\/p>\n<p>Yhdest\u00e4 asiasta Eevert on pit\u00e4nyt erityisesti huolta. Joulurauhan julistus on hetki jolloin koko talo hiljenee ja asettuu aloilleen h\u00f6yry\u00e4v\u00e4n gl\u00f6gimukin kanssa. Aikanaan sit\u00e4 kuunneltiin radiosta, mutta my\u00f6hemmin television v\u00e4lityksell\u00e4.<\/p>\n<p>Julistus kuunnellaan tarkkaan ja rauhassa tunnustellen jokaista sanaa:<\/p>\n<dl>\n<dd><em><strong>Huomenna, jos Jumala suo,<\/strong><\/em><\/dd>\n<dd><em><strong>on meid\u00e4n Herramme ja Vapahtajamme armorikas syntym\u00e4juhla;<\/strong><\/em><\/dd>\n<dd><em><strong>ja julistetaan siis t\u00e4ten yleinen joulurauha kehoittamalla<\/strong><\/em><\/dd>\n<dd><em><strong>kaikkia t\u00e4t\u00e4 juhlaa asiaankuuluvalla hartaudella viett\u00e4m\u00e4\u00e4n<\/strong><\/em><\/dd>\n<dd><em><strong>sek\u00e4 muutoin hiljaisesti ja rauhallisesti k\u00e4ytt\u00e4ytym\u00e4\u00e4n,<\/strong><\/em><\/dd>\n<dd><em><strong>sill\u00e4 se, joka t\u00e4m\u00e4n rauhan rikkoo ja joulujuhlaa jollakin<\/strong><\/em><\/dd>\n<dd><em><strong>laittomalla taikka sopimattomalla k\u00e4yt\u00f6ksell\u00e4 h\u00e4iritsee,<\/strong><\/em><\/dd>\n<dd><em><strong>on raskauttavien asianhaarain vallitessa syyp\u00e4\u00e4 siihen<\/strong><\/em><\/dd>\n<dd><em><strong>rangaistukseen, jonka laki ja asetukset kustakin rikoksesta<\/strong><\/em><\/dd>\n<dd><em><strong>ja rikkomuksesta erikseen s\u00e4\u00e4t\u00e4v\u00e4t. <\/strong><\/em><\/dd>\n<dd><em><strong><br \/>\n<\/strong><\/em><\/dd>\n<dd><em><strong>Lopuksi toivotetaan kaupungin kaikille asukkaille riemullista joulujuhlaa.<\/strong><\/em><\/dd>\n<\/dl>\n<p>Joulurauhan julistuksen j\u00e4lkeen touhu talossa jatkuu viel\u00e4.<\/p>\n<p>Posti-Pekka on tavoittanut Eevertin viel\u00e4 aattona. Postiin oli tullut pieni paketti ja n\u00e4ytti olevan niin kaukaa ett\u00e4 Pekka p\u00e4\u00e4tti l\u00e4hte\u00e4 sit\u00e4 toimittamaan perille asti. Paketti n\u00e4ytti olevan hyvin arvoituksellinen. Eevert k\u00e4\u00e4nteli sit\u00e4 sinne ja t\u00e4nne. Salaper\u00e4inen hymykin karehti miehen poskilla ja pienet tummat silm\u00e4t \u00e4kisti\u00a0 kiiluivat. Odotuksen tunne oli suuri. Pit\u00e4isik\u00f6 t\u00e4m\u00e4 avata nyt heti vaiko vasta jouluna? Paketista kuului kuitenkin rapinaa, joten ehk\u00e4 olisi parasta avata se heti.<\/p>\n<figure id=\"attachment_2281\" aria-describedby=\"caption-attachment-2281\" style=\"width: 500px\" class=\"wp-caption aligncenter\"><a href=\"http:\/\/kinanen.fi\/wordpress\/wp-content\/uploads\/2010\/12\/Orava2.jpg\"><img fetchpriority=\"high\" decoding=\"async\" class=\"size-full wp-image-2281\" title=\"Orava2\" src=\"http:\/\/kinanen.fi\/wordpress\/wp-content\/uploads\/2010\/12\/Orava2.jpg\" alt=\"Mystinen paketti\" width=\"500\" height=\"601\" \/><\/a><figcaption id=\"caption-attachment-2281\" class=\"wp-caption-text\">Mystinen paketti<\/figcaption><\/figure>\n<p>Paketin sis\u00e4lt\u00e4 paljastui l\u00e4hett\u00e4j\u00e4ksi Tuntematon ihailija. Aivan kuin huomaamatta Eevert kohensi sivustoilta hiuksiaan j\u00e4rjestykseen ja p\u00e4\u00e4sti pienen ysk\u00e4hdyksen. Mit\u00e4 kummaa, taitaa mies hieman punastuakin. Ja tuossa i\u00e4ss\u00e4 \ud83d\ude09<\/p>\n<p>Hellin k\u00e4sin Eevert avaa kirjeen joka on sis\u00e4ll\u00e4.<\/p>\n<figure id=\"attachment_2282\" aria-describedby=\"caption-attachment-2282\" style=\"width: 432px\" class=\"wp-caption aligncenter\"><a href=\"http:\/\/kinanen.fi\/wordpress\/wp-content\/uploads\/2010\/12\/Orava.jpg\"><img decoding=\"async\" class=\"size-full wp-image-2282\" title=\"Orava\" src=\"http:\/\/kinanen.fi\/wordpress\/wp-content\/uploads\/2010\/12\/Orava.jpg\" alt=\"Kirje\" width=\"432\" height=\"640\" \/><\/a><figcaption id=\"caption-attachment-2282\" class=\"wp-caption-text\">Arvoituksellinen kirje<\/figcaption><\/figure>\n<p>Vai ett\u00e4 vieras. No sit\u00e4h\u00e4n min\u00e4 olenkin odottanut koko eilisen p\u00e4iv\u00e4n, mies naurahtaa. Ja sitten alkaakin tapahtua. Pikkuinen ja vikkel\u00e4 menij\u00e4 juoksentellee Eevertin ymp\u00e4rill\u00e4 vinhaa vauhtia. Mik\u00e4 se oikein on? Vanha mies ei tahdo pysy\u00e4 mukana ollenkaan. Siin\u00e4 se pieni olento juoksee ymp\u00e4ri pihamaata niin ett\u00e4 lumi p\u00f6lly\u00e4\u00e4. Jaa kiipesi viel\u00e4 lintujen lyhteeseenkin ja melkein pel\u00e4stytti piha-T\u00f6nt\u00f6n. Vaan, n\u00e4ytt\u00e4v\u00e4t ne tulevan hyvin toimeen. Kyll\u00e4 t\u00e4mm\u00f6iset vieraat ilahduttavat vanhan miehen syd\u00e4nt\u00e4. Melkein kyynel silm\u00e4ss\u00e4 h\u00e4n katselee el\u00e4inten kursailevaa tutustumista pihalla.<\/p>\n<p>Mutta kuka mahtaa olla salainen ihailija? Viittein\u00e4 paketissa mainittiin Pori. Sielt\u00e4 suunnalta Eevert kyll\u00e4 tuntee er\u00e4\u00e4n vieh\u00e4tt\u00e4v\u00e4n rouvan. Oikein yst\u00e4v\u00e4llisen ja tyylikk\u00e4\u00e4n. Mahtaisikohan se olla? Eih\u00e4n sit\u00e4 kyll\u00e4 tied\u00e4&#8230; rohkenisikohan sit\u00e4 vaikka soittaa. No, ei ehk\u00e4 nyt sent\u00e4\u00e4n seh\u00e4n olisi varmaan aivan liian tungettelevaa n\u00e4in joulun aikaan. Vai olisikohan&#8230; No, siin\u00e4p\u00e4 miehell\u00e4 puuhaa ja p\u00e4hkin\u00e4\u00e4 joksikin aikaa. Tyytyv\u00e4isen\u00e4 Eevert tallettaa kirjeen lipastonsa laatikkoon ja lupaa pit\u00e4\u00e4 varmasti hyv\u00e4\u00e4 huolta uudesta pikkulemmikist\u00e4\u00e4n. Olisikohan niit\u00e4 p\u00e4hkin\u00f6it\u00e4 viel\u00e4 kaapissa?<\/p>\n<figure id=\"attachment_2283\" aria-describedby=\"caption-attachment-2283\" style=\"width: 500px\" class=\"wp-caption aligncenter\"><a href=\"http:\/\/kinanen.fi\/wordpress\/wp-content\/uploads\/2010\/12\/Orava3.jpg\"><img decoding=\"async\" class=\"size-full wp-image-2283\" title=\"Orava3\" src=\"http:\/\/kinanen.fi\/wordpress\/wp-content\/uploads\/2010\/12\/Orava3.jpg\" alt=\"Orava ja T\u00f6ntt\u00f6\" width=\"500\" height=\"451\" \/><\/a><figcaption id=\"caption-attachment-2283\" class=\"wp-caption-text\">Orava ja T\u00f6ntt\u00f6<\/figcaption><\/figure>\n<p>Orava ja T\u00f6ntt\u00f6 l\u00e4htev\u00e4t pian kisasille. Puusta toiseen ja edes takaisin. On se melkosta menoa. Lopulta Tenhokin tulee mukaan ihmettelem\u00e4\u00e4n mit\u00e4 pihalla tapahtuu ja minne Eevert on j\u00e4\u00e4nyt.<\/p>\n<figure id=\"attachment_2284\" aria-describedby=\"caption-attachment-2284\" style=\"width: 500px\" class=\"wp-caption aligncenter\"><a href=\"http:\/\/kinanen.fi\/wordpress\/wp-content\/uploads\/2010\/12\/Orava4.jpg\"><img loading=\"lazy\" decoding=\"async\" class=\"size-full wp-image-2284\" title=\"Orava4\" src=\"http:\/\/kinanen.fi\/wordpress\/wp-content\/uploads\/2010\/12\/Orava4.jpg\" alt=\"Pihalla tapahtuu\" width=\"500\" height=\"405\" \/><\/a><figcaption id=\"caption-attachment-2284\" class=\"wp-caption-text\">Pihalla tapahtuu<\/figcaption><\/figure>\n<p>Lumiukkokin saa osansa villist\u00e4 leikist\u00e4 ja on luutansa kanssa jo hieman h\u00e4diss\u00e4\u00e4n kun jo muutenkin vallaton Tenho tulee mukaan leikkiin. Siin\u00e4 melkein ukkoa jo huimaa kun el\u00e4inkunta tanssii piirileikki\u00e4 sen ymp\u00e4rill\u00e4. Salaa syd\u00e4mess\u00e4\u00e4n se tuntee itsens\u00e4 hyvin onnelliseksi lumiukoksi.<\/p>\n<p>Iltap\u00e4iv\u00e4ll\u00e4 l\u00e4mmitet\u00e4\u00e4n sauna, joskus oikein savusauna rannasta. Sen l\u00e4mmitt\u00e4miseen kuluu koko p\u00e4iv\u00e4 ja se on Eevertille kunnia asia. Savusaunan lepp\u00e4ss\u00e4 l\u00f6ylyss\u00e4 onkin hyv\u00e4 kylpe\u00e4 ja nauttia aattoillan aikana.<\/p>\n<p>Toisinaan talon nuoret vieraan k\u00e4yv\u00e4t saunan j\u00e4lkeen erikseen pesulla uudenaikaisemmassa kylpyhuoneessa. Vatipesulla kun ei kuulema puhdistu tarpeeksi.<\/p>\n<figure id=\"attachment_2010\" aria-describedby=\"caption-attachment-2010\" style=\"width: 500px\" class=\"wp-caption aligncenter\"><a href=\"http:\/\/kinanen.fi\/wordpress\/wp-content\/uploads\/2010\/12\/saippua.jpg\"><img loading=\"lazy\" decoding=\"async\" class=\"size-full wp-image-2010\" title=\"saippua\" src=\"http:\/\/kinanen.fi\/wordpress\/wp-content\/uploads\/2010\/12\/saippua.jpg\" alt=\"Saunan pesutila\" width=\"500\" height=\"399\" \/><\/a><figcaption id=\"caption-attachment-2010\" class=\"wp-caption-text\">Vati ja saippua<\/figcaption><\/figure>\n<p>Eevert nauttii h\u00e4myisest\u00e4 saunasta ja kunnon saippuan tuoksusta. Jos joulusaunaan saa viel\u00e4 vastan ja pullollisen okein tummaa olutta niin paremmasta ei v\u00e4li\u00e4.<\/p>\n<p>Saunan j\u00e4lkeen on aika istahtaa ruokap\u00f6yt\u00e4\u00e4n ja nauttia kaikista jouluherkuista. Perinteisesti p\u00f6yd\u00e4ss\u00e4 on ollut jokaiselle jotakin. Ja kaikkea on yllin kyllin ja kaikkien jouluvieraiden tarpeisiin.<\/p>\n<figure id=\"attachment_2011\" aria-describedby=\"caption-attachment-2011\" style=\"width: 500px\" class=\"wp-caption aligncenter\"><a href=\"http:\/\/kinanen.fi\/wordpress\/wp-content\/uploads\/2010\/12\/eevertinjoulu007.jpg\"><img loading=\"lazy\" decoding=\"async\" class=\"size-full wp-image-2011\" title=\"eevertinjoulu007\" src=\"http:\/\/kinanen.fi\/wordpress\/wp-content\/uploads\/2010\/12\/eevertinjoulu007.jpg\" alt=\"Jouluherkkuja\" width=\"500\" height=\"333\" \/><\/a><figcaption id=\"caption-attachment-2011\" class=\"wp-caption-text\">Jouluherkkuja<\/figcaption><\/figure>\n<p>Aaton kohokohta taitaa Eevertillekin olla se kun saa avata joululahjan. Aattona ei koskaan tied\u00e4 minne joulupukki lahjakorinsa asettaa. Se voi l\u00f6yty\u00e4 oven takaa. Pukilla on silloin ollut niin kiire ett\u00e4 ai ole sis\u00e4lle ehtinyt poikkeamaan. Tai joskus kori on ilmestynyt jo hyviss\u00e4 ajoin kuusen alle ja jotenkin ihmeellisesti sinne on v\u00e4hitellen ilmestynyt paketteja niin ett\u00e4 aattona jo melkein &#8221;kuohuu&#8221; yli.<\/p>\n<figure id=\"attachment_2012\" aria-describedby=\"caption-attachment-2012\" style=\"width: 500px\" class=\"wp-caption aligncenter\"><a href=\"http:\/\/kinanen.fi\/wordpress\/wp-content\/uploads\/2010\/12\/eevertinjoulu006.jpg\"><img loading=\"lazy\" decoding=\"async\" class=\"size-full wp-image-2012\" title=\"eevertinjoulu006\" src=\"http:\/\/kinanen.fi\/wordpress\/wp-content\/uploads\/2010\/12\/eevertinjoulu006.jpg\" alt=\"Joulukuusi\" width=\"500\" height=\"333\" \/><\/a><figcaption id=\"caption-attachment-2012\" class=\"wp-caption-text\">Joulusalissa<\/figcaption><\/figure>\n<p>T\u00e4n\u00e4 vuonna Eevert on saanut enemm\u00e4nkin paketteja, joiden avaaminen j\u00e4nnitt\u00e4\u00e4. Paketit ilmaantuivat er\u00e4\u00e4n\u00e4 iltana aivan yll\u00e4tt\u00e4en Eevertin taloon. Kauniisti kirjaillut kortit kertoivat, ett\u00e4 ne on osoitettu &#8221;vanhalle yst\u00e4v\u00e4lleni, Eevertille&#8221;. Allekirjoituksena oli vain Tonttu. Eevert talletti paketin varovasti salin lattialle.<\/p>\n<figure id=\"attachment_2289\" aria-describedby=\"caption-attachment-2289\" style=\"width: 500px\" class=\"wp-caption aligncenter\"><a href=\"http:\/\/kinanen.fi\/wordpress\/wp-content\/uploads\/2010\/12\/Lahja1.jpg\"><img loading=\"lazy\" decoding=\"async\" class=\"size-full wp-image-2289\" title=\"Lahja\" src=\"http:\/\/kinanen.fi\/wordpress\/wp-content\/uploads\/2010\/12\/Lahja1.jpg\" alt=\"Salaper\u00e4iset joulupaketit\" width=\"500\" height=\"640\" \/><\/a><figcaption id=\"caption-attachment-2289\" class=\"wp-caption-text\">Salaper\u00e4iset joulupaketit<\/figcaption><\/figure>\n<p>Aina v\u00e4lill\u00e4 h\u00e4n k\u00e4vi varmistamassa, ett\u00e4 Tenho ei ollut innostunut leikkim\u00e4\u00e4n niill\u00e4. Ehk\u00e4 hieman siirsi ja nosti paketteja. Mit\u00e4\u00e4n vinkkej\u00e4 sis\u00e4ll\u00f6st\u00e4 h\u00e4n ei kuitenkaan saanut. Kyll\u00e4 j\u00e4nnitt\u00e4\u00e4kin jo kovasti!<\/p>\n<p>Mit\u00e4 mahtaa Eevertin paketeissa olla?<\/p>\n<p>Oletko sin\u00e4 arvuutellut lahjoja etuk\u00e4teen jos paketti on ollut n\u00e4kyvill\u00e4 hyviss\u00e4 ajoin?<\/p>\n<p>\u2606<\/p>\n<p>Eevertin joulukalenteriin ja sen kulkuun voit osallistua. Kirjoita       kommenttiosioon arvelusi kysymyksest\u00e4 tai ajatuksiasi siit\u00e4 miten       Eevertin joulupuuhat jatkuisivat t\u00e4st\u00e4 eteenp\u00e4in. Jouluna, 25.12.2010       kaikkien tarinanjatkajien kesken arvotaan Eevertin huolella  valmistama      joulupaketti.<\/p>\n<p>\u2606<\/p>\n<p>Osa joulup\u00f6yd\u00e4n antimista on mahtikokin, <a href=\"http:\/\/jatanukkekodinruokia.vuodatus.net\/\" target=\"_blank\">Jatan<\/a> taidetta.<\/p>\n","protected":false},"excerpt":{"rendered":"<p>Jouluaattona on viel\u00e4 paljon tekemist\u00e4. Moni asia kaipaa viimeisen silauksen ennen juhlan alkua. Yhdest\u00e4 asiasta Eevert on pit\u00e4nyt erityisesti huolta. Joulurauhan julistus on hetki jolloin koko talo hiljenee ja asettuu aloilleen h\u00f6yry\u00e4v\u00e4n gl\u00f6gimukin kanssa. Aikanaan sit\u00e4 kuunneltiin radiosta, mutta my\u00f6hemmin television v\u00e4lityksell\u00e4. Julistus kuunnellaan tarkkaan ja rauhassa tunnustellen jokaista sanaa: Huomenna, jos Jumala suo, on [&hellip;]<\/p>\n","protected":false},"author":1,"featured_media":0,"comment_status":"open","ping_status":"open","sticky":false,"template":"","format":"standard","meta":{"footnotes":""},"categories":[],"tags":[],"class_list":["post-1869","post","type-post","status-publish","format-standard","hentry"],"_links":{"self":[{"href":"https:\/\/www.kinanen.fi\/nukkekoti\/wp-json\/wp\/v2\/posts\/1869","targetHints":{"allow":["GET"]}}],"collection":[{"href":"https:\/\/www.kinanen.fi\/nukkekoti\/wp-json\/wp\/v2\/posts"}],"about":[{"href":"https:\/\/www.kinanen.fi\/nukkekoti\/wp-json\/wp\/v2\/types\/post"}],"author":[{"embeddable":true,"href":"https:\/\/www.kinanen.fi\/nukkekoti\/wp-json\/wp\/v2\/users\/1"}],"replies":[{"embeddable":true,"href":"https:\/\/www.kinanen.fi\/nukkekoti\/wp-json\/wp\/v2\/comments?post=1869"}],"version-history":[{"count":14,"href":"https:\/\/www.kinanen.fi\/nukkekoti\/wp-json\/wp\/v2\/posts\/1869\/revisions"}],"predecessor-version":[{"id":2005,"href":"https:\/\/www.kinanen.fi\/nukkekoti\/wp-json\/wp\/v2\/posts\/1869\/revisions\/2005"}],"wp:attachment":[{"href":"https:\/\/www.kinanen.fi\/nukkekoti\/wp-json\/wp\/v2\/media?parent=1869"}],"wp:term":[{"taxonomy":"category","embeddable":true,"href":"https:\/\/www.kinanen.fi\/nukkekoti\/wp-json\/wp\/v2\/categories?post=1869"},{"taxonomy":"post_tag","embeddable":true,"href":"https:\/\/www.kinanen.fi\/nukkekoti\/wp-json\/wp\/v2\/tags?post=1869"}],"curies":[{"name":"wp","href":"https:\/\/api.w.org\/{rel}","templated":true}]}}