{"id":1871,"date":"2010-12-19T06:00:30","date_gmt":"2010-12-19T04:00:30","guid":{"rendered":"http:\/\/kinanen.fi\/wordpress\/?p=1871"},"modified":"2010-12-12T23:18:07","modified_gmt":"2010-12-12T21:18:07","slug":"19-12-neljas-adventtisunnuntai","status":"publish","type":"post","link":"https:\/\/www.kinanen.fi\/nukkekoti\/19-12-neljas-adventtisunnuntai\/","title":{"rendered":"19.12. Nelj\u00e4s adventtisunnuntai"},"content":{"rendered":"<p>T\u00e4n\u00e4\u00e4n on jo nelj\u00e4s adventtisunnuntai. Aika nopeasti on aika kulunut ensimm\u00e4isest\u00e4 adventista, josta tuntui olevan mahdottoman pitk\u00e4 aika viel\u00e4 jouluun.<\/p>\n<p>Hymyillen Eevert sytytt\u00e4\u00e4 viimeisen kynttil\u00e4n \u00e4idin vanhaan kynttelikk\u00f6\u00f6n. Viel\u00e4 on nukuttava viisi y\u00f6t\u00e4 ennen jouluaattoa. Jouluaattona saa avata lahjaksi saadun paketin. Ja sellainen on jo pari p\u00e4iv\u00e4\u00e4 ollut Eevertin olohuoneen nurkassa odottamassa. Tenho koirakin on sit\u00e4 v\u00e4lill\u00e4 k\u00e4ynyt nuuhkimassa, mutta ei ole koskenut.<\/p>\n<figure id=\"attachment_1911\" aria-describedby=\"caption-attachment-1911\" style=\"width: 500px\" class=\"wp-caption aligncenter\"><a href=\"http:\/\/kinanen.fi\/wordpress\/wp-content\/uploads\/2010\/11\/4_adventti.jpg\"><img fetchpriority=\"high\" decoding=\"async\" class=\"size-full wp-image-1911\" title=\"4_adventti\" src=\"http:\/\/kinanen.fi\/wordpress\/wp-content\/uploads\/2010\/11\/4_adventti.jpg\" alt=\"Nelj\u00e4s adventti\" width=\"500\" height=\"333\" \/><\/a><figcaption id=\"caption-attachment-1911\" class=\"wp-caption-text\">Nelj\u00e4s adventti<\/figcaption><\/figure>\n<p>Nelj\u00e4s kynttil\u00e4 on nimelt\u00e4\u00e4n ilon kynttil\u00e4 \u2013 nelj\u00e4nnen kynttil\u00e4n kohdalla joulu on jo l\u00e4hell\u00e4. Nelj\u00e4s adventti on omistettu lasta odottavalle Marialle. Jouluun valmistautumisen loppuvaihe alkaa t\u00e4st\u00e4 ja ohjaa mielt\u00e4mmekin laskeutumaan suureen juhlaan.<\/p>\n<p>Niin, onhan joulunaika t\u00e4rke\u00e4 juhla my\u00f6s monille sellaisillekin, jotka eiv\u00e4t kristillist\u00e4 joulua viet\u00e4k\u00e4\u00e4n. Mukava on muistaa l\u00e4heisi\u00e4 ja antaa lapsille lahjoja. Ja erityisen ilahduttavaa on seurata sit\u00e4 innostusta ja iloa, mit\u00e4 lahjan saajassa tapahtuu.<\/p>\n<p>T\u00e4n\u00e4\u00e4n on se p\u00e4iv\u00e4 kun Eevert ottaa esille isois\u00e4n tekem\u00e4n pienen tallin. Perinteen\u00e4 on perheess\u00e4 kulkenut jouluseimen rakentaminen ja niiden valmistaminen l\u00e4heisten kanssa. Siit\u00e4 perinteest\u00e4 ei Eevertk\u00e4\u00e4n halua luopua miss\u00e4\u00e4n tapauksessa.<\/p>\n<p>Seimen pystytys aloitetaan tallista. Aluksi on vain talli, joka on valmiina teht\u00e4v\u00e4\u00e4ns\u00e4 varten. Hiljalleen p\u00e4ivien ja aikojen edetess\u00e4 talliin tulee eri asioita ja henkil\u00f6it\u00e4. Seimenkin rakentaminen on kuin hiljaista valmistautumista ja ikiaikaisen kertomuksen l\u00e4pik\u00e4ymist\u00e4 joka vuosi uudelleen. Joskus Eevertkin ihan ihmettelee, kuinka t\u00e4rke\u00e4lt\u00e4 seimen pystytt\u00e4minen tuntuukin. Aivan kuin sen kautta yhdist\u00e4isi t\u00e4h\u00e4n hetkeen my\u00f6s menneet sukupolvet. Joulu, jos mik\u00e4 on juhla, jossa usein seurataan omia suvun ja sukujen perinteit\u00e4. Ja se on hyvin merkitt\u00e4v\u00e4\u00e4 perinn\u00e4istiedon ja kulttuurin siirtym\u00e4\u00e4.<\/p>\n<figure id=\"attachment_1912\" aria-describedby=\"caption-attachment-1912\" style=\"width: 500px\" class=\"wp-caption aligncenter\"><a href=\"http:\/\/kinanen.fi\/wordpress\/wp-content\/uploads\/2010\/11\/seimi1.jpg\"><img decoding=\"async\" class=\"size-full wp-image-1912\" title=\"seimi\" src=\"http:\/\/kinanen.fi\/wordpress\/wp-content\/uploads\/2010\/11\/seimi1.jpg\" alt=\"Talli\" width=\"500\" height=\"333\" \/><\/a><figcaption id=\"caption-attachment-1912\" class=\"wp-caption-text\">Talli on otettu esille<\/figcaption><\/figure>\n<p>Eevert on puutarhurinsa kanssa kolunnut vanhan piha-aitan nurkasta isois\u00e4n aikuisen vanhan tallin. Kerrotaan ett\u00e4 tallirakennus on isois\u00e4n itsens\u00e4 rakentama. Talli on palvellut jo vuosikymmeni\u00e4 teht\u00e4v\u00e4ss\u00e4\u00e4n. Lapset ja aikuiset ovat sen ymp\u00e4rill\u00e4 vaihtuneet ja kasvaneet, mutta vanha talli on pysynyt pystyss\u00e4 tuoden joulun iloa joka vuosi uudelleen. Eevertin isois\u00e4 oli rakentanut ensimm\u00e4isen seimiasetelmansa k\u00e4yty\u00e4\u00e4n kauan sitten Italiassa joulun aikaan. Katolisen kirkon piiriss\u00e4 seimet ovatkin paljon vanhempi perinne kuin mit\u00e4 t\u00e4\u00e4ll\u00e4 koti-Suomessa. Isois\u00e4n rakennelmia pidettiinkin aluksi vanhan miehen h\u00f6peryyksin\u00e4,\u00a0 vaan v\u00e4hitellen se on saanut toisenlaisia merkityksi\u00e4.<\/p>\n<p>Tallirakennus on iso, eik\u00e4 Eevert ole viel\u00e4 aivan varma sen lopullisesta sijoituspaikasta. Sis\u00e4lle se on nyt kuitenkin tuotava ja puhdistettava huolellisesti aitan p\u00f6lyist\u00e4. Ja n\u00e4ytt\u00e4\u00e4 jokin lankkukin kaipaavan korjausta. Sellainen syntyy tuossa tuokiossa Eevertin kirvesmiestaidoillakin.<\/p>\n<p>Mit\u00e4h\u00e4n kaikkea talliin viel\u00e4 tulisikaan. Sit\u00e4 Eevert pohtii ty\u00f6n lomassa apulaisensa kanssa. No, ainakin se seimi &#8211; el\u00e4inten ruokinta-astia.<\/p>\n<p>Mit\u00e4 muuta sin\u00e4 sijoittaisit talliin? Mitk\u00e4 ovat sellaisia joulun asioita, joita haluat vuodesta toiseen siihen sis\u00e4ltyv\u00e4n?<\/p>\n<p>\u2606<\/p>\n<p>Eevertin joulukalenteriin ja sen kulkuun voit osallistua. Kirjoita      kommenttiosioon arvelusi kysymyksest\u00e4 tai ajatuksiasi siit\u00e4 miten      Eevertin joulupuuhat jatkuisivat t\u00e4st\u00e4 eteenp\u00e4in. Jouluna, 25.12.2010      kaikkien tarinanjatkajien kesken arvotaan Eevertin huolella valmistama      joulupaketti.<\/p>\n","protected":false},"excerpt":{"rendered":"<p>T\u00e4n\u00e4\u00e4n on jo nelj\u00e4s adventtisunnuntai. Aika nopeasti on aika kulunut ensimm\u00e4isest\u00e4 adventista, josta tuntui olevan mahdottoman pitk\u00e4 aika viel\u00e4 jouluun. Hymyillen Eevert sytytt\u00e4\u00e4 viimeisen kynttil\u00e4n \u00e4idin vanhaan kynttelikk\u00f6\u00f6n. Viel\u00e4 on nukuttava viisi y\u00f6t\u00e4 ennen jouluaattoa. Jouluaattona saa avata lahjaksi saadun paketin. Ja sellainen on jo pari p\u00e4iv\u00e4\u00e4 ollut Eevertin olohuoneen nurkassa odottamassa. Tenho koirakin on [&hellip;]<\/p>\n","protected":false},"author":1,"featured_media":0,"comment_status":"open","ping_status":"open","sticky":false,"template":"","format":"standard","meta":{"footnotes":""},"categories":[],"tags":[],"class_list":["post-1871","post","type-post","status-publish","format-standard","hentry"],"_links":{"self":[{"href":"https:\/\/www.kinanen.fi\/nukkekoti\/wp-json\/wp\/v2\/posts\/1871","targetHints":{"allow":["GET"]}}],"collection":[{"href":"https:\/\/www.kinanen.fi\/nukkekoti\/wp-json\/wp\/v2\/posts"}],"about":[{"href":"https:\/\/www.kinanen.fi\/nukkekoti\/wp-json\/wp\/v2\/types\/post"}],"author":[{"embeddable":true,"href":"https:\/\/www.kinanen.fi\/nukkekoti\/wp-json\/wp\/v2\/users\/1"}],"replies":[{"embeddable":true,"href":"https:\/\/www.kinanen.fi\/nukkekoti\/wp-json\/wp\/v2\/comments?post=1871"}],"version-history":[{"count":6,"href":"https:\/\/www.kinanen.fi\/nukkekoti\/wp-json\/wp\/v2\/posts\/1871\/revisions"}],"predecessor-version":[{"id":1915,"href":"https:\/\/www.kinanen.fi\/nukkekoti\/wp-json\/wp\/v2\/posts\/1871\/revisions\/1915"}],"wp:attachment":[{"href":"https:\/\/www.kinanen.fi\/nukkekoti\/wp-json\/wp\/v2\/media?parent=1871"}],"wp:term":[{"taxonomy":"category","embeddable":true,"href":"https:\/\/www.kinanen.fi\/nukkekoti\/wp-json\/wp\/v2\/categories?post=1871"},{"taxonomy":"post_tag","embeddable":true,"href":"https:\/\/www.kinanen.fi\/nukkekoti\/wp-json\/wp\/v2\/tags?post=1871"}],"curies":[{"name":"wp","href":"https:\/\/api.w.org\/{rel}","templated":true}]}}