{"id":1872,"date":"2010-12-20T06:00:17","date_gmt":"2010-12-20T04:00:17","guid":{"rendered":"http:\/\/kinanen.fi\/wordpress\/?p=1872"},"modified":"2010-11-28T22:56:10","modified_gmt":"2010-11-28T20:56:10","slug":"20-12-jouluseimi","status":"publish","type":"post","link":"https:\/\/www.kinanen.fi\/nukkekoti\/20-12-jouluseimi\/","title":{"rendered":"20.12. Jouluseimi"},"content":{"rendered":"<p>T\u00e4n\u00e4\u00e4n on aika koota seimi ja asettaa se paikoilleen.<\/p>\n<p>Seimen hahmoja on hartaasti tehty ja maalattu. Kipsiset hahmot on aikaa my\u00f6ten uusittu useamman kerran. Aika tekee teht\u00e4v\u00e4ns\u00e4 vaikka niit\u00e4 kuinka hell\u00e4sti pitelisi. Kipsihahmojen valaminen taitaa olla Eevertin vakiopuuhia kukkaistutusten lis\u00e4ksi joulunaikaan. Hahmoja valmistettaessa Eevertin pieni keitti\u00f6 peittyy hentoiseen kipsip\u00f6lyyn ja valkoisia laimareita l\u00f6ytyy tiskip\u00f6yd\u00e4lt\u00e4 ja muilta apup\u00f6ydilt\u00e4 miss\u00e4 hahmoja on kuivumassa. Eevertin valamat hahmot menev\u00e4t jouluaskartelu-tapahtumaan, miss\u00e4 k\u00e4vij\u00e4t voivat maalata itselleen oman jouluseimen. Tekij\u00f6it\u00e4 on riitt\u00e4nyt jokaiselle vuodelle. Kaikista t\u00f6ist\u00e4 tulee hyvin erilaisia vaikka perusta onkin samaa.<\/p>\n<p>T\u00e4n\u00e4 vuonna Eevert on saanut valmiiksi my\u00f6s oman uusitun kokoelmansa ja ty\u00f6sti viimeiseksi kolme viisasta mukaan seimiasetelmaan. Hahmojen maalaamiseen Eevert on k\u00e4rsiv\u00e4llisen\u00e4 miehen\u00e4 k\u00e4ytt\u00e4nyt kolme vuotta. Joka jouluaika on seimeen maalattu muutama keskeinen henkil\u00f6 tai el\u00e4in. Tarkkaa ty\u00f6t\u00e4 ja selv\u00e4sti harrasta keskittymist\u00e4 osoittaen h\u00e4n on ty\u00f6ns\u00e4 tehnyt.\u00a0 Tallin Eevert on tehnyt kelopuusta, jota reppuun on l\u00f6ytynyt lapin vaellukselta jo kauan sitten.<\/p>\n<figure id=\"attachment_2062\" aria-describedby=\"caption-attachment-2062\" style=\"width: 500px\" class=\"wp-caption aligncenter\"><a href=\"http:\/\/kinanen.fi\/wordpress\/wp-content\/uploads\/2010\/11\/seimi2010.jpg\"><img fetchpriority=\"high\" decoding=\"async\" class=\"size-full wp-image-2062\" title=\"seimi2010\" src=\"http:\/\/kinanen.fi\/wordpress\/wp-content\/uploads\/2010\/11\/seimi2010.jpg\" alt=\"Seimi\" width=\"500\" height=\"356\" \/><\/a><figcaption id=\"caption-attachment-2062\" class=\"wp-caption-text\">Kipsinen seimi<\/figcaption><\/figure>\n<p>Jouluseimi on etenkin keski-Euroopassa yksi suosituimmista joulukoristeista. Seimiperinne on saanut alkunsa jouluevankeliumin kertomuksesta Jeesuksen syntym\u00e4st\u00e4. Seimi tarkoittaa el\u00e4inten ruokakaukaloa, joka tehtiin savesta, kivest\u00e4 tai puusta. Seimi toimi Jeesuksen ensimm\u00e4isen\u00e4 vuoteena. Nyky\u00e4\u00e4n seimi-sana tarkoittaa koko kokonaisuuta, eik\u00e4 vain ruoka-astiaa.<\/p>\n<p>Eeverttil\u00e4n seimi tuodaan saliin ja kootaan siell\u00e4 yhdess\u00e4 koko talonv\u00e4en voimin. Ja pian onkin Eevertin apuna sekalainen joukko talon v\u00e4ke\u00e4; kissa ja koira etunen\u00e4ss\u00e4. Alkuun ne tyytyv\u00e4t tarkkailemaan varovaisesti matkan p\u00e4\u00e4st\u00e4.<\/p>\n<figure id=\"attachment_2063\" aria-describedby=\"caption-attachment-2063\" style=\"width: 500px\" class=\"wp-caption aligncenter\"><a href=\"http:\/\/kinanen.fi\/wordpress\/wp-content\/uploads\/2010\/11\/jouluseimi2010_pieni_001.jpg\"><img decoding=\"async\" class=\"size-full wp-image-2063\" title=\"jouluseimi2010_pieni_001\" src=\"http:\/\/kinanen.fi\/wordpress\/wp-content\/uploads\/2010\/11\/jouluseimi2010_pieni_001.jpg\" alt=\"Jouluseimi\" width=\"500\" height=\"748\" \/><\/a><figcaption id=\"caption-attachment-2063\" class=\"wp-caption-text\">Jouluseimi<\/figcaption><\/figure>\n<p>Asetteleminen on tarkkaa puuhaa sekin. Olisiko hyv\u00e4 n\u00e4in, vai ehk\u00e4 sittenkin noin&#8230; no, viimein siell\u00e4 Maria on polvistuneena pienen vauvansa puoleen juuri oikeassa j\u00e4rjestyksess\u00e4. Kaksi pient\u00e4 lammasta uteliaana seuraa tallin tapahtumia. Tallin lattialla on pehmoista villaa. Hell\u00e4sti Eevert asettelee viel\u00e4 villat paikoilleen ja ajattelee, ett\u00e4 niin on hyv\u00e4. Ei pikkuinen p\u00e4\u00e4se palelemaan, vaikka ulkona olisi kuinka kylm\u00e4.<\/p>\n<p>V\u00e4hitellen kissa ja koirakin rohkaistuvat tallin l\u00e4helle. Kissa ensin ik\u00e4\u00e4nkuin venytellen ojentaa ihan vaan huomaamatta tassuaan villoja kohden. Pikku tassu ihan vaan v\u00e4h\u00e4n tunnustelee karheaa lampaanvillaa. Ihan vaan &#8221;muina miehin\u00e4&#8221;.<\/p>\n<p>Vallaton Tenho-koira ei sek\u00e4\u00e4n mill\u00e4\u00e4n malttaisi antaa seimen olla paikoillaan. Taitaa lampaanvillan tuoksu olla kiinnostavaa sis\u00e4ll\u00e4 useammassakin nen\u00e4ss\u00e4.<\/p>\n<p>Eevert on joitakin vuosia sitten saanut olla mukana lampaiden keritsemisess\u00e4. Se vasta olikin j\u00e4nnitt\u00e4v\u00e4\u00e4 puuhaa. Ensin piti paksuvillainen lammas saada kinni ja asettaa tukevasti jalkojen v\u00e4liin. Keritsimet k\u00e4teen ja villa leikataan irti. Parturointia, sit\u00e4h\u00e4n se oikeastaan oli. Melkoinen kasa niist\u00e4 villoista tulikin! Eevert sai omansa ja ne ovat olleetkin hyv\u00e4ss\u00e4 tallessa.<\/p>\n<p>Villoja on k\u00e4ytetty moneen paikkaan vaikka ei niist\u00e4 lankaa ole valmistunutkaan. Monenlaista l\u00e4mmikett\u00e4 senkin edest\u00e4. Laittoipa Eevert niit\u00e4 kerran kenkiins\u00e4kin ja hyvin tarkeni paukku pakkasilla.<\/p>\n<figure id=\"attachment_2065\" aria-describedby=\"caption-attachment-2065\" style=\"width: 501px\" class=\"wp-caption aligncenter\"><a href=\"http:\/\/kinanen.fi\/wordpress\/wp-content\/uploads\/2010\/11\/seimi31.jpg\"><img decoding=\"async\" class=\"size-full wp-image-2065\" title=\"seimi3\" src=\"http:\/\/kinanen.fi\/wordpress\/wp-content\/uploads\/2010\/11\/seimi31.jpg\" alt=\"Seimi lattialla\" width=\"501\" height=\"429\" \/><\/a><figcaption id=\"caption-attachment-2065\" class=\"wp-caption-text\">Seimi lattialla<\/figcaption><\/figure>\n<p>No, niinh\u00e4n siin\u00e4 k\u00e4vi, ett\u00e4 Tenho riehaantui t\u00e4ysin uusista tuoksuista ja retuutti villoja ymp\u00e4ri taloa. Seimeen saakka niit\u00e4 ei liiemmin en\u00e4\u00e4 riitt\u00e4nyt, mutta l\u00e4mpim\u00e4ss\u00e4 on tallin v\u00e4ki siit\u00e4 huolimatta.<\/p>\n<p>Mit\u00e4 Tenho mahtaa tehd\u00e4 villa-aarteellaan? Mit\u00e4 pienell\u00e4 koiralla on oikein mieless\u00e4\u00e4n? Vai pit\u00e4\u00e4k\u00f6 se muuten vain kovasti lampaista?<\/p>\n<p>\u2606<\/p>\n<p>Eevertin joulukalenteriin ja sen kulkuun voit osallistua. Kirjoita       kommenttiosioon arvelusi kysymyksest\u00e4 tai ajatuksiasi siit\u00e4 miten       Eevertin joulupuuhat jatkuisivat t\u00e4st\u00e4 eteenp\u00e4in. Jouluna, 25.12.2010       kaikkien tarinanjatkajien kesken arvotaan Eevertin huolella  valmistama      joulupaketti.<\/p>\n<p>\u2606<\/p>\n<p>Isomman seimen hahmot ovat max 10cm korkeita ja pienen vastaavan Maria on n. 2 cm.<\/p>\n","protected":false},"excerpt":{"rendered":"<p>T\u00e4n\u00e4\u00e4n on aika koota seimi ja asettaa se paikoilleen. Seimen hahmoja on hartaasti tehty ja maalattu. Kipsiset hahmot on aikaa my\u00f6ten uusittu useamman kerran. Aika tekee teht\u00e4v\u00e4ns\u00e4 vaikka niit\u00e4 kuinka hell\u00e4sti pitelisi. Kipsihahmojen valaminen taitaa olla Eevertin vakiopuuhia kukkaistutusten lis\u00e4ksi joulunaikaan. Hahmoja valmistettaessa Eevertin pieni keitti\u00f6 peittyy hentoiseen kipsip\u00f6lyyn ja valkoisia laimareita l\u00f6ytyy tiskip\u00f6yd\u00e4lt\u00e4 ja [&hellip;]<\/p>\n","protected":false},"author":1,"featured_media":0,"comment_status":"open","ping_status":"open","sticky":false,"template":"","format":"standard","meta":{"footnotes":""},"categories":[],"tags":[],"class_list":["post-1872","post","type-post","status-publish","format-standard","hentry"],"_links":{"self":[{"href":"https:\/\/www.kinanen.fi\/nukkekoti\/wp-json\/wp\/v2\/posts\/1872","targetHints":{"allow":["GET"]}}],"collection":[{"href":"https:\/\/www.kinanen.fi\/nukkekoti\/wp-json\/wp\/v2\/posts"}],"about":[{"href":"https:\/\/www.kinanen.fi\/nukkekoti\/wp-json\/wp\/v2\/types\/post"}],"author":[{"embeddable":true,"href":"https:\/\/www.kinanen.fi\/nukkekoti\/wp-json\/wp\/v2\/users\/1"}],"replies":[{"embeddable":true,"href":"https:\/\/www.kinanen.fi\/nukkekoti\/wp-json\/wp\/v2\/comments?post=1872"}],"version-history":[{"count":5,"href":"https:\/\/www.kinanen.fi\/nukkekoti\/wp-json\/wp\/v2\/posts\/1872\/revisions"}],"predecessor-version":[{"id":2067,"href":"https:\/\/www.kinanen.fi\/nukkekoti\/wp-json\/wp\/v2\/posts\/1872\/revisions\/2067"}],"wp:attachment":[{"href":"https:\/\/www.kinanen.fi\/nukkekoti\/wp-json\/wp\/v2\/media?parent=1872"}],"wp:term":[{"taxonomy":"category","embeddable":true,"href":"https:\/\/www.kinanen.fi\/nukkekoti\/wp-json\/wp\/v2\/categories?post=1872"},{"taxonomy":"post_tag","embeddable":true,"href":"https:\/\/www.kinanen.fi\/nukkekoti\/wp-json\/wp\/v2\/tags?post=1872"}],"curies":[{"name":"wp","href":"https:\/\/api.w.org\/{rel}","templated":true}]}}