{"id":1874,"date":"2010-12-22T06:00:55","date_gmt":"2010-12-22T04:00:55","guid":{"rendered":"http:\/\/kinanen.fi\/wordpress\/?p=1874"},"modified":"2010-12-19T18:53:54","modified_gmt":"2010-12-19T16:53:54","slug":"22-12-kurkistelua","status":"publish","type":"post","link":"https:\/\/www.kinanen.fi\/nukkekoti\/22-12-kurkistelua\/","title":{"rendered":"22.12. Kurkistelua"},"content":{"rendered":"<p>Joulunaikaan tontut kurkistelevat ikkunoista ja merkitsev\u00e4t muistiin ovatko lapset kilttej\u00e4. Miksih\u00e4n ne eiv\u00e4t aikuisia seuraa niin tarkasti? Eiv\u00e4t aikuisetkaan aina ole niin kilttej\u00e4.<\/p>\n<p>T\u00e4n\u00e4\u00e4n Eevert on itse hieman kurkistelutuulella. Aamuh\u00e4m\u00e4r\u00e4ss\u00e4 h\u00e4n pisti punaisen lakin p\u00e4\u00e4h\u00e4n ja l\u00e4hti naapuriin viem\u00e4\u00e4n joulutervehdyst\u00e4. Mahtaa siin\u00e4 ollakin hauska tilanne kun punanuttuinen vanha mies koputtelee ikkunaan. Mieless\u00e4\u00e4n hykerrellen Eevert l\u00e4htee matkaan. Aamun sininen hetki on parhaimmillaan ja kyyryss\u00e4 kulkeva hahmo, kielt\u00e4m\u00e4tt\u00e4, antaa kuvan siit\u00e4 ett\u00e4 tonttuhan siell\u00e4 kulkee kyl\u00e4nraittia.<\/p>\n<figure id=\"attachment_2202\" aria-describedby=\"caption-attachment-2202\" style=\"width: 500px\" class=\"wp-caption aligncenter\"><a href=\"http:\/\/kinanen.fi\/wordpress\/wp-content\/uploads\/2010\/12\/aamusininen.jpg\"><img fetchpriority=\"high\" decoding=\"async\" class=\"size-full wp-image-2202\" title=\"aamusininen\" src=\"http:\/\/kinanen.fi\/wordpress\/wp-content\/uploads\/2010\/12\/aamusininen.jpg\" alt=\"Aamusininen\" width=\"500\" height=\"334\" \/><\/a><figcaption id=\"caption-attachment-2202\" class=\"wp-caption-text\">Aamusininen<\/figcaption><\/figure>\n<p>Naapurissa n\u00e4kyykin olevan valot jo keitti\u00f6ss\u00e4. Hyv\u00e4 niin, niin aikainen kulkija ei varsin s\u00e4ikyt\u00e4 talonv\u00e4ke\u00e4. Siit\u00e4 sitten vaan kinosten yli ikkunan taakse ja muutama koputus&#8230; ensin oli hiljaista&#8230; uusi koputus&#8230; ja pieni kurkistus ikkunasta.<\/p>\n<figure id=\"attachment_2203\" aria-describedby=\"caption-attachment-2203\" style=\"width: 499px\" class=\"wp-caption aligncenter\"><a href=\"http:\/\/kinanen.fi\/wordpress\/wp-content\/uploads\/2010\/12\/kurkistus.jpg\"><img decoding=\"async\" class=\"size-full wp-image-2203\" title=\"kurkistus\" src=\"http:\/\/kinanen.fi\/wordpress\/wp-content\/uploads\/2010\/12\/kurkistus.jpg\" alt=\"Kurkistus\" width=\"499\" height=\"428\" \/><\/a><figcaption id=\"caption-attachment-2203\" class=\"wp-caption-text\">Kurkistus ikkunasta<\/figcaption><\/figure>\n<p>Sis\u00e4ll\u00e4 oleva v\u00e4ki katsoi ensin silm\u00e4t sel\u00e4ll\u00e4\u00e4n ikkunaa ja sen per\u00e4st\u00e4 alkoi armoton huuto ja luuta oli pikaisesti em\u00e4nn\u00e4n k\u00e4dess\u00e4. Topakka em\u00e4nt\u00e4 s\u00e4nt\u00e4si pihalle luuta turvanaan ja suoraan kohti Eeverti\u00e4! Siin\u00e4 meinasi Eevertille tulla huonot housuun kun taisi itse s\u00e4ik\u00e4ht\u00e4\u00e4 v\u00e4hint\u00e4\u00e4nkin yht\u00e4 paljon kuin naapurin em\u00e4nt\u00e4.<\/p>\n<p>Sen verran Eevert sai toppuuteluta hurjaa vastaanottoa, ett\u00e4 em\u00e4nt\u00e4 vihdoin huomasi ett\u00e4 vaaraton kurkistelijahan t\u00e4m\u00e4 oli. Is\u00e4nt\u00e4 sensijaan Eevertin tuntien arvasi jo heti mist\u00e4 on kysymys ja nauraa retkotti portailla tulista em\u00e4nt\u00e4\u00e4ns\u00e4.<\/p>\n<p>Kahvit Eevert sai reissullaan vaikka s\u00e4ik\u00e4yttikin em\u00e4nn\u00e4n. Joulutervehdys tuli toimitettua ja asiatkin hoidettua naapurin kanssa.<\/p>\n<figure id=\"attachment_2204\" aria-describedby=\"caption-attachment-2204\" style=\"width: 500px\" class=\"wp-caption aligncenter\"><a href=\"http:\/\/kinanen.fi\/wordpress\/wp-content\/uploads\/2010\/12\/aamusininen2.jpg\"><img decoding=\"async\" class=\"size-full wp-image-2204\" title=\"SONY DSC\" src=\"http:\/\/kinanen.fi\/wordpress\/wp-content\/uploads\/2010\/12\/aamusininen2.jpg\" alt=\"Aamun syv\u00e4 sini\" width=\"500\" height=\"334\" \/><\/a><figcaption id=\"caption-attachment-2204\" class=\"wp-caption-text\">Aamun syv\u00e4 sini jatkuu<\/figcaption><\/figure>\n<p>Eevert palasi kotiinsa viel\u00e4 saman aamuh\u00e4m\u00e4r\u00e4n turvin kyl\u00e4tiet\u00e4 pitkin, tervehti yst\u00e4v\u00e4llisesti varhaisia kulkijoita ja tuumaili kyl\u00e4reissuaan jo hymyss\u00e4 suin.<\/p>\n<p>Sen koomin ei Eevert kuitenkaan ole ikkunoiden takana kurkistellut.<\/p>\n<figure id=\"attachment_2254\" aria-describedby=\"caption-attachment-2254\" style=\"width: 500px\" class=\"wp-caption aligncenter\"><a href=\"http:\/\/kinanen.fi\/wordpress\/wp-content\/uploads\/2010\/12\/lumiukko.jpg\"><img loading=\"lazy\" decoding=\"async\" class=\"size-full wp-image-2254\" title=\"lumiukko\" src=\"http:\/\/kinanen.fi\/wordpress\/wp-content\/uploads\/2010\/12\/lumiukko.jpg\" alt=\"Lumiukko\" width=\"500\" height=\"391\" \/><\/a><figcaption id=\"caption-attachment-2254\" class=\"wp-caption-text\">Lumiukko vartiossa<\/figcaption><\/figure>\n<p>Pihan ja kyl\u00e4nraitin vartioinnista ja tarkkailusta saa t\u00e4st\u00e4 edes huolehtia lumiukko. Sen Eevert innoissaan rakensi pihalleen heti kun sopivaa lunta oli saatavilla. Hyvin se on ty\u00f6ns\u00e4 hoitanut. Tanakasti seisoo paikoillaan vaikka Tenho k\u00e4y sille aika ajoin r\u00e4hisem\u00e4ss\u00e4 koko koiran arvovallallaan.<\/p>\n<p>Eevert on viihtynyt sensijaan jo jonkin aikaa kurkistelemassa mit\u00e4 joulupukki puuhailee n\u00e4in joulun alla. Kovasti tuntuu pukilla olevan kiirett\u00e4 ja paljon lapsia viel\u00e4 tavattavana.<\/p>\n<p>Voi sent\u00e4\u00e4n, tuossahan on ihan varmasti se sukulaistytt\u00f6, joka on hyv\u00e4\u00e4 pataa joulupukin kanssa! Ja kovin tutuilta n\u00e4ytt\u00e4\u00e4 muukin vierasjoukko. Mit\u00e4h\u00e4n muuta siell\u00e4 t\u00e4n\u00e4\u00e4n tapahtuu?<\/p>\n<figure id=\"attachment_2205\" aria-describedby=\"caption-attachment-2205\" style=\"width: 500px\" class=\"wp-caption aligncenter\"><a href=\"http:\/\/www.santaclauslive.com\/main.php?link=santa_claus_live&amp;kieli=fin&amp;pid=2\" target=\"_blank\"><img loading=\"lazy\" decoding=\"async\" class=\"size-full wp-image-2205\" title=\"pukki\" src=\"http:\/\/kinanen.fi\/wordpress\/wp-content\/uploads\/2010\/12\/pukki.jpg\" alt=\"Pukin kammari\" width=\"500\" height=\"332\" \/><\/a><figcaption id=\"caption-attachment-2205\" class=\"wp-caption-text\">Joulupukin kammarissa<\/figcaption><\/figure>\n<p>Kuvaa klikkaamalla voikin kurkata mit\u00e4 Joulupukin kammarissa nyt tapahtuu.<\/p>\n<p>N\u00e4ytt\u00e4\u00e4 Pukilla olevan kiire t\u00e4n\u00e4\u00e4nkin. Noin paljon lapsia ja aikuisia k\u00e4y h\u00e4nt\u00e4 tervehtim\u00e4ss\u00e4. Joulupukin Kammari l\u00f6ytyy Napapiirilt\u00e4 ja se onkin sellainen paikka miss\u00e4 on joulu jokap\u00e4iv\u00e4!<\/p>\n<p>Kovin tunnelmallista siell\u00e4 n\u00e4ytt\u00e4\u00e4 olevankin.<\/p>\n<figure id=\"attachment_2208\" aria-describedby=\"caption-attachment-2208\" style=\"width: 428px\" class=\"wp-caption aligncenter\"><a href=\"http:\/\/www.santaclauslive.com\/main.php?link=santa_claus_live&amp;kieli=fin&amp;pid=3\" target=\"_blank\"><img loading=\"lazy\" decoding=\"async\" class=\"size-full wp-image-2208\" title=\"joulupukinmaa\" src=\"http:\/\/kinanen.fi\/wordpress\/wp-content\/uploads\/2010\/12\/joulupukinmaa.jpg\" alt=\"Joulumaa\" width=\"428\" height=\"640\" \/><\/a><figcaption id=\"caption-attachment-2208\" class=\"wp-caption-text\">Joulumaa<\/figcaption><\/figure>\n<p>Kuvaa klikkaamalla n\u00e4kyy mit\u00e4 pihalla tapahtuu.<\/p>\n<p>Iloisia ihmisi\u00e4 ja odottavia katseita Eevert huomaa jokapuolella. On t\u00e4m\u00e4 j\u00e4nnitt\u00e4v\u00e4\u00e4 aikaa.<\/p>\n<p>Mit\u00e4 mahtaakaan tuo vanha mies odottaa kaikkein eniten?<\/p>\n<p>\u2606<\/p>\n<p>Eevertin joulukalenteriin ja sen kulkuun voit osallistua. Kirjoita        kommenttiosioon arvelusi kysymyksest\u00e4 tai ajatuksiasi siit\u00e4 miten        Eevertin joulupuuhat jatkuisivat t\u00e4st\u00e4 eteenp\u00e4in. Jouluna,  25.12.2010       kaikkien tarinanjatkajien kesken arvotaan Eevertin  huolella  valmistama      joulupaketti.<\/p>\n<p>\u2606<\/p>\n<p>Sinisenhetken kuvat ovat Siipan ottamia <a href=\"http:\/\/www.tievatupa.fi\" target=\"_blank\">Tievatuvalta<\/a> ja Napapiirilt\u00e4.<\/p>\n","protected":false},"excerpt":{"rendered":"<p>Joulunaikaan tontut kurkistelevat ikkunoista ja merkitsev\u00e4t muistiin ovatko lapset kilttej\u00e4. Miksih\u00e4n ne eiv\u00e4t aikuisia seuraa niin tarkasti? Eiv\u00e4t aikuisetkaan aina ole niin kilttej\u00e4. T\u00e4n\u00e4\u00e4n Eevert on itse hieman kurkistelutuulella. Aamuh\u00e4m\u00e4r\u00e4ss\u00e4 h\u00e4n pisti punaisen lakin p\u00e4\u00e4h\u00e4n ja l\u00e4hti naapuriin viem\u00e4\u00e4n joulutervehdyst\u00e4. Mahtaa siin\u00e4 ollakin hauska tilanne kun punanuttuinen vanha mies koputtelee ikkunaan. Mieless\u00e4\u00e4n hykerrellen Eevert l\u00e4htee [&hellip;]<\/p>\n","protected":false},"author":1,"featured_media":0,"comment_status":"open","ping_status":"open","sticky":false,"template":"","format":"standard","meta":{"footnotes":""},"categories":[],"tags":[],"class_list":["post-1874","post","type-post","status-publish","format-standard","hentry"],"_links":{"self":[{"href":"https:\/\/www.kinanen.fi\/nukkekoti\/wp-json\/wp\/v2\/posts\/1874","targetHints":{"allow":["GET"]}}],"collection":[{"href":"https:\/\/www.kinanen.fi\/nukkekoti\/wp-json\/wp\/v2\/posts"}],"about":[{"href":"https:\/\/www.kinanen.fi\/nukkekoti\/wp-json\/wp\/v2\/types\/post"}],"author":[{"embeddable":true,"href":"https:\/\/www.kinanen.fi\/nukkekoti\/wp-json\/wp\/v2\/users\/1"}],"replies":[{"embeddable":true,"href":"https:\/\/www.kinanen.fi\/nukkekoti\/wp-json\/wp\/v2\/comments?post=1874"}],"version-history":[{"count":13,"href":"https:\/\/www.kinanen.fi\/nukkekoti\/wp-json\/wp\/v2\/posts\/1874\/revisions"}],"predecessor-version":[{"id":2211,"href":"https:\/\/www.kinanen.fi\/nukkekoti\/wp-json\/wp\/v2\/posts\/1874\/revisions\/2211"}],"wp:attachment":[{"href":"https:\/\/www.kinanen.fi\/nukkekoti\/wp-json\/wp\/v2\/media?parent=1874"}],"wp:term":[{"taxonomy":"category","embeddable":true,"href":"https:\/\/www.kinanen.fi\/nukkekoti\/wp-json\/wp\/v2\/categories?post=1874"},{"taxonomy":"post_tag","embeddable":true,"href":"https:\/\/www.kinanen.fi\/nukkekoti\/wp-json\/wp\/v2\/tags?post=1874"}],"curies":[{"name":"wp","href":"https:\/\/api.w.org\/{rel}","templated":true}]}}