{"id":2303,"date":"2010-12-29T09:42:34","date_gmt":"2010-12-29T07:42:34","guid":{"rendered":"http:\/\/kinanen.fi\/wordpress\/?p=2303"},"modified":"2010-12-29T09:42:54","modified_gmt":"2010-12-29T07:42:54","slug":"kukkalahetykset","status":"publish","type":"post","link":"https:\/\/www.kinanen.fi\/nukkekoti\/kukkalahetykset\/","title":{"rendered":"Kukkal\u00e4hetykset"},"content":{"rendered":"<p>Eevertin &#8221;kukkal\u00e4hetykset&#8221; ovat l\u00e4hteneet ja toivottavasti p\u00e4\u00e4sev\u00e4t onnistuneesti perille.<\/p>\n<p>Kiitollisin mielin uuteen vuoteen ja uusiin seikkailuihin.<\/p>\n<figure id=\"attachment_2304\" aria-describedby=\"caption-attachment-2304\" style=\"width: 433px\" class=\"wp-caption aligncenter\"><a href=\"http:\/\/kinanen.fi\/wordpress\/wp-content\/uploads\/2010\/12\/myrskylyhty.jpg\"><img fetchpriority=\"high\" decoding=\"async\" class=\"size-full wp-image-2304\" title=\"myrskylyhty\" src=\"http:\/\/kinanen.fi\/wordpress\/wp-content\/uploads\/2010\/12\/myrskylyhty.jpg\" alt=\"Lyhty\" width=\"433\" height=\"640\" \/><\/a><figcaption id=\"caption-attachment-2304\" class=\"wp-caption-text\">Lyhty<\/figcaption><\/figure>\n<p>Vaikka p\u00e4iv\u00e4 jo piteneekin niin viel\u00e4 saa Eevert aamuisin ja iltaisin turvautua pihamaalla lyhtyyn. Komean myrskylyhdyn Eevert sai l\u00e4heisilt\u00e4 yst\u00e4vilt\u00e4\u00e4n turvaksi liukkaille keleille. Olisi se harmi jos vanha mies vaikka kaatuisi ja l\u00f6isi silm\u00e4kulmansa rappusiin. Ties vaikka kuinka mustan silm\u00e4n siit\u00e4 saisi. Kovasti on paikoitellen tullutkin j\u00e4\u00e4peitett\u00e4 rapulle. T\u00e4ytyy varmaan etsi\u00e4 hakka ja irroitella moiset harmit pois ettei vahinkoa synny.<\/p>\n","protected":false},"excerpt":{"rendered":"<p>Eevertin &#8221;kukkal\u00e4hetykset&#8221; ovat l\u00e4hteneet ja toivottavasti p\u00e4\u00e4sev\u00e4t onnistuneesti perille. Kiitollisin mielin uuteen vuoteen ja uusiin seikkailuihin. Vaikka p\u00e4iv\u00e4 jo piteneekin niin viel\u00e4 saa Eevert aamuisin ja iltaisin turvautua pihamaalla lyhtyyn. Komean myrskylyhdyn Eevert sai l\u00e4heisilt\u00e4 yst\u00e4vilt\u00e4\u00e4n turvaksi liukkaille keleille. Olisi se harmi jos vanha mies vaikka kaatuisi ja l\u00f6isi silm\u00e4kulmansa rappusiin. Ties vaikka kuinka mustan [&hellip;]<\/p>\n","protected":false},"author":1,"featured_media":0,"comment_status":"open","ping_status":"open","sticky":false,"template":"","format":"standard","meta":{"footnotes":""},"categories":[],"tags":[],"class_list":["post-2303","post","type-post","status-publish","format-standard","hentry"],"_links":{"self":[{"href":"https:\/\/www.kinanen.fi\/nukkekoti\/wp-json\/wp\/v2\/posts\/2303","targetHints":{"allow":["GET"]}}],"collection":[{"href":"https:\/\/www.kinanen.fi\/nukkekoti\/wp-json\/wp\/v2\/posts"}],"about":[{"href":"https:\/\/www.kinanen.fi\/nukkekoti\/wp-json\/wp\/v2\/types\/post"}],"author":[{"embeddable":true,"href":"https:\/\/www.kinanen.fi\/nukkekoti\/wp-json\/wp\/v2\/users\/1"}],"replies":[{"embeddable":true,"href":"https:\/\/www.kinanen.fi\/nukkekoti\/wp-json\/wp\/v2\/comments?post=2303"}],"version-history":[{"count":2,"href":"https:\/\/www.kinanen.fi\/nukkekoti\/wp-json\/wp\/v2\/posts\/2303\/revisions"}],"predecessor-version":[{"id":2306,"href":"https:\/\/www.kinanen.fi\/nukkekoti\/wp-json\/wp\/v2\/posts\/2303\/revisions\/2306"}],"wp:attachment":[{"href":"https:\/\/www.kinanen.fi\/nukkekoti\/wp-json\/wp\/v2\/media?parent=2303"}],"wp:term":[{"taxonomy":"category","embeddable":true,"href":"https:\/\/www.kinanen.fi\/nukkekoti\/wp-json\/wp\/v2\/categories?post=2303"},{"taxonomy":"post_tag","embeddable":true,"href":"https:\/\/www.kinanen.fi\/nukkekoti\/wp-json\/wp\/v2\/tags?post=2303"}],"curies":[{"name":"wp","href":"https:\/\/api.w.org\/{rel}","templated":true}]}}