{"id":2307,"date":"2010-12-29T17:43:48","date_gmt":"2010-12-29T15:43:48","guid":{"rendered":"http:\/\/kinanen.fi\/wordpress\/?p=2307"},"modified":"2012-01-02T18:43:12","modified_gmt":"2012-01-02T16:43:12","slug":"siipan-katko","status":"publish","type":"post","link":"https:\/\/www.kinanen.fi\/nukkekoti\/siipan-katko\/","title":{"rendered":"Siipan k\u00e4tk\u00f6"},"content":{"rendered":"<p>Siipan k\u00e4tk\u00f6ist\u00e4 l\u00f6ytyi talo. Hirsinen (?) rakennelma, jonka hell\u00e4sti puhdistin p\u00f6lyst\u00e4. Eevert ilmeisesti tarvitsee jotakin oman talonsa lis\u00e4ksi. Vaan mik\u00e4h\u00e4n se mahtaisi olla?<\/p>\n<figure id=\"attachment_2308\" aria-describedby=\"caption-attachment-2308\" style=\"width: 500px\" class=\"wp-caption aligncenter\"><a href=\"http:\/\/kinanen.fi\/wordpress\/wp-content\/uploads\/2010\/12\/IMG_1835.jpg\"><img fetchpriority=\"high\" decoding=\"async\" class=\"size-full wp-image-2308\" title=\"IMG_1835\" src=\"http:\/\/kinanen.fi\/wordpress\/wp-content\/uploads\/2010\/12\/IMG_1835.jpg\" alt=\"Rakennus edest\u00e4\" width=\"500\" height=\"311\" \/><\/a><figcaption id=\"caption-attachment-2308\" class=\"wp-caption-text\">Rakennus edest\u00e4<\/figcaption><\/figure>\n<p>Edest\u00e4 se n\u00e4ytt\u00e4\u00e4 t\u00e4lt\u00e4. Ik\u00e4\u00e4nkuin kaksi tilaa viistokattoisessa majassa.<\/p>\n<figure id=\"attachment_2309\" aria-describedby=\"caption-attachment-2309\" style=\"width: 500px\" class=\"wp-caption aligncenter\"><a href=\"http:\/\/kinanen.fi\/wordpress\/wp-content\/uploads\/2010\/12\/IMG_1837.jpg\"><img decoding=\"async\" class=\"size-full wp-image-2309\" title=\"IMG_1837\" src=\"http:\/\/kinanen.fi\/wordpress\/wp-content\/uploads\/2010\/12\/IMG_1837.jpg\" alt=\"Rakennus takaa\" width=\"500\" height=\"333\" \/><\/a><figcaption id=\"caption-attachment-2309\" class=\"wp-caption-text\">Rakennus takaa<\/figcaption><\/figure>\n<p>Takapuolelta se on umpinainen. Katolla n\u00e4ytt\u00e4\u00e4 olevan irtolautoja v\u00e4h\u00e4n siell\u00e4 t\u00e4\u00e4ll\u00e4. Tainnut timpurilta unohtua joukko eritt\u00e4in hyvin liimattuja lautoja katolle.<\/p>\n<figure id=\"attachment_2310\" aria-describedby=\"caption-attachment-2310\" style=\"width: 497px\" class=\"wp-caption aligncenter\"><a href=\"http:\/\/kinanen.fi\/wordpress\/wp-content\/uploads\/2010\/12\/IMG_1836.jpg\"><img decoding=\"async\" class=\"size-full wp-image-2310\" title=\"IMG_1836\" src=\"http:\/\/kinanen.fi\/wordpress\/wp-content\/uploads\/2010\/12\/IMG_1836.jpg\" alt=\"Huonetilat\" width=\"497\" height=\"331\" \/><\/a><figcaption id=\"caption-attachment-2310\" class=\"wp-caption-text\">Huonetilat<\/figcaption><\/figure>\n<p>Sis\u00e4tilat ovat kohtalaisen avoimet ja v\u00e4lisein\u00e4\u00e4kin kuvaa vain ala- ja yl\u00e4lauta. Lattia on jonkin sortin levy\u00e4.<\/p>\n<figure id=\"attachment_2311\" aria-describedby=\"caption-attachment-2311\" style=\"width: 500px\" class=\"wp-caption aligncenter\"><a href=\"http:\/\/kinanen.fi\/wordpress\/wp-content\/uploads\/2010\/12\/IMG_1841.jpg\"><img loading=\"lazy\" decoding=\"async\" class=\"size-full wp-image-2311\" title=\"IMG_1841\" src=\"http:\/\/kinanen.fi\/wordpress\/wp-content\/uploads\/2010\/12\/IMG_1841.jpg\" alt=\"Is\u00e4nt\u00e4 ja maja\" width=\"500\" height=\"333\" \/><\/a><figcaption id=\"caption-attachment-2311\" class=\"wp-caption-text\">Is\u00e4nt\u00e4 ja maja<\/figcaption><\/figure>\n<p>Korkeutta on juuri ja juuri miehen mitan verran.<\/p>\n<p>Eevert tulikin itse tarkistamaan majaa ja sen kuntoisuutta ihan paikan p\u00e4\u00e4lle. Taitaa mies jo mietti\u00e4 mit\u00e4 ty\u00f6kaluja olisi syyt\u00e4 ottaa esille kunnostusty\u00f6h\u00f6n ja kuinka edet\u00e4 uuden haasteen kanssa.<\/p>\n<p>Jotakin t\u00e4st\u00e4 varmaan muotoutuu, vaan mit\u00e4?<\/p>\n","protected":false},"excerpt":{"rendered":"<p>Siipan k\u00e4tk\u00f6ist\u00e4 l\u00f6ytyi talo. Hirsinen (?) rakennelma, jonka hell\u00e4sti puhdistin p\u00f6lyst\u00e4. Eevert ilmeisesti tarvitsee jotakin oman talonsa lis\u00e4ksi. Vaan mik\u00e4h\u00e4n se mahtaisi olla? Edest\u00e4 se n\u00e4ytt\u00e4\u00e4 t\u00e4lt\u00e4. Ik\u00e4\u00e4nkuin kaksi tilaa viistokattoisessa majassa. Takapuolelta se on umpinainen. Katolla n\u00e4ytt\u00e4\u00e4 olevan irtolautoja v\u00e4h\u00e4n siell\u00e4 t\u00e4\u00e4ll\u00e4. Tainnut timpurilta unohtua joukko eritt\u00e4in hyvin liimattuja lautoja katolle. Sis\u00e4tilat ovat kohtalaisen [&hellip;]<\/p>\n","protected":false},"author":1,"featured_media":0,"comment_status":"open","ping_status":"open","sticky":false,"template":"","format":"standard","meta":{"footnotes":""},"categories":[],"tags":[],"class_list":["post-2307","post","type-post","status-publish","format-standard","hentry"],"_links":{"self":[{"href":"https:\/\/www.kinanen.fi\/nukkekoti\/wp-json\/wp\/v2\/posts\/2307","targetHints":{"allow":["GET"]}}],"collection":[{"href":"https:\/\/www.kinanen.fi\/nukkekoti\/wp-json\/wp\/v2\/posts"}],"about":[{"href":"https:\/\/www.kinanen.fi\/nukkekoti\/wp-json\/wp\/v2\/types\/post"}],"author":[{"embeddable":true,"href":"https:\/\/www.kinanen.fi\/nukkekoti\/wp-json\/wp\/v2\/users\/1"}],"replies":[{"embeddable":true,"href":"https:\/\/www.kinanen.fi\/nukkekoti\/wp-json\/wp\/v2\/comments?post=2307"}],"version-history":[{"count":7,"href":"https:\/\/www.kinanen.fi\/nukkekoti\/wp-json\/wp\/v2\/posts\/2307\/revisions"}],"predecessor-version":[{"id":4352,"href":"https:\/\/www.kinanen.fi\/nukkekoti\/wp-json\/wp\/v2\/posts\/2307\/revisions\/4352"}],"wp:attachment":[{"href":"https:\/\/www.kinanen.fi\/nukkekoti\/wp-json\/wp\/v2\/media?parent=2307"}],"wp:term":[{"taxonomy":"category","embeddable":true,"href":"https:\/\/www.kinanen.fi\/nukkekoti\/wp-json\/wp\/v2\/categories?post=2307"},{"taxonomy":"post_tag","embeddable":true,"href":"https:\/\/www.kinanen.fi\/nukkekoti\/wp-json\/wp\/v2\/tags?post=2307"}],"curies":[{"name":"wp","href":"https:\/\/api.w.org\/{rel}","templated":true}]}}