{"id":2317,"date":"2010-12-31T11:55:49","date_gmt":"2010-12-31T09:55:49","guid":{"rendered":"http:\/\/kinanen.fi\/wordpress\/?p=2317"},"modified":"2010-12-31T17:26:36","modified_gmt":"2010-12-31T15:26:36","slug":"juhlaa-ilmassa","status":"publish","type":"post","link":"https:\/\/www.kinanen.fi\/nukkekoti\/juhlaa-ilmassa\/","title":{"rendered":"Juhlan tuntua"},"content":{"rendered":"<p>Eeverttil\u00e4ss\u00e4 n\u00e4ytt\u00e4\u00e4 olevan vieraita. Taitaa olla ihan paikallisen rautatiel\u00e4isten mieskuoron edustajia laulamassa ja puhumassa juhlapuheita Eevertille. Ilmassa on selv\u00e4sti juhlan tuntua! Taitaa olla merkkip\u00e4iv\u00e4n vietto meneill\u00e4\u00e4n n\u00e4in vuoden vaihtuessa. Taitaa ihan py\u00f6re\u00e4t vuodet olla menossa kun noin t\u00f6rsti\u00e4 v\u00e4ke\u00e4 on saapunut paikalle.<\/p>\n<figure id=\"attachment_2318\" aria-describedby=\"caption-attachment-2318\" style=\"width: 499px\" class=\"wp-caption aligncenter\"><a href=\"http:\/\/kinanen.fi\/wordpress\/wp-content\/uploads\/2010\/12\/Juhla1.jpg\"><img fetchpriority=\"high\" decoding=\"async\" class=\"size-full wp-image-2318\" title=\"Juhla1\" src=\"http:\/\/kinanen.fi\/wordpress\/wp-content\/uploads\/2010\/12\/Juhla1.jpg\" alt=\"Puhujat\" width=\"499\" height=\"417\" \/><\/a><figcaption id=\"caption-attachment-2318\" class=\"wp-caption-text\">Kolme charmanttia herraa<\/figcaption><\/figure>\n<p>Juhlap\u00f6yt\u00e4kin on katettu kaikille vieraille valmiiksi. Olkaa hyv\u00e4 ja k\u00e4yk\u00e4\u00e4 p\u00f6yt\u00e4\u00e4n ja nauttikaa talon antimista. Alakertaan on katettu suolapalaa ja salaatteja nakeilla &#8211; ihan perinteiseenkin tapaan. T\u00e4\u00e4ll\u00e4 salissa on sitten makeampaa tarjottavaa ja asianmukaiset juomat tarjolla. Viihtyk\u00e4\u00e4 hyvin!<\/p>\n<p style=\"text-align: center;\">\n<figure id=\"attachment_2319\" aria-describedby=\"caption-attachment-2319\" style=\"width: 499px\" class=\"wp-caption aligncenter\"><a href=\"http:\/\/kinanen.fi\/wordpress\/wp-content\/uploads\/2010\/12\/juhla.jpg\"><img decoding=\"async\" class=\"size-full wp-image-2319\" title=\"juhla\" src=\"http:\/\/kinanen.fi\/wordpress\/wp-content\/uploads\/2010\/12\/juhla.jpg\" alt=\"Kattaus\" width=\"499\" height=\"346\" \/><\/a><figcaption id=\"caption-attachment-2319\" class=\"wp-caption-text\">Juhlakattaus<\/figcaption><\/figure>\n<p style=\"text-align: left;\">On tainnut juhlakalu ihan olla ahkerana keitti\u00f6ss\u00e4, kun on komea lautanen pieni\u00e4 suolapalojakin syntynyt illan iloksi.<\/p>\n<p style=\"text-align: left;\">\n<figure id=\"attachment_2331\" aria-describedby=\"caption-attachment-2331\" style=\"width: 478px\" class=\"wp-caption aligncenter\"><a href=\"http:\/\/kinanen.fi\/wordpress\/wp-content\/uploads\/2010\/12\/suolapala.jpg\"><img decoding=\"async\" class=\"size-full wp-image-2331\" title=\"suolapala\" src=\"http:\/\/kinanen.fi\/wordpress\/wp-content\/uploads\/2010\/12\/suolapala.jpg\" alt=\"Suolapala\" width=\"478\" height=\"640\" \/><\/a><figcaption id=\"caption-attachment-2331\" class=\"wp-caption-text\">Suolapala<\/figcaption><\/figure>\n<p style=\"text-align: left;\">\n<p style=\"text-align: center;\">\n<p style=\"text-align: center;\">S\u00e4ilytt\u00e4k\u00f6\u00f6n t\u00e4m\u00e4 vuosi sen mit\u00e4 rakastat.<br \/>\nTuokoon uusi sen mit\u00e4 kaipaat ja<br \/>\nviek\u00f6\u00f6n menness\u00e4\u00e4n sen mit\u00e4 taakkana kannat.<\/p>\n<p style=\"text-align: center;\">\n<p style=\"text-align: center;\"><em><strong>Eevert toivottaa kaikille lukijoilleen hyv\u00e4\u00e4 vuotta 2011!<\/strong><\/em><\/p>\n<p style=\"text-align: center;\">\n","protected":false},"excerpt":{"rendered":"<p>Eeverttil\u00e4ss\u00e4 n\u00e4ytt\u00e4\u00e4 olevan vieraita. Taitaa olla ihan paikallisen rautatiel\u00e4isten mieskuoron edustajia laulamassa ja puhumassa juhlapuheita Eevertille. Ilmassa on selv\u00e4sti juhlan tuntua! Taitaa olla merkkip\u00e4iv\u00e4n vietto meneill\u00e4\u00e4n n\u00e4in vuoden vaihtuessa. Taitaa ihan py\u00f6re\u00e4t vuodet olla menossa kun noin t\u00f6rsti\u00e4 v\u00e4ke\u00e4 on saapunut paikalle. Juhlap\u00f6yt\u00e4kin on katettu kaikille vieraille valmiiksi. Olkaa hyv\u00e4 ja k\u00e4yk\u00e4\u00e4 p\u00f6yt\u00e4\u00e4n ja nauttikaa [&hellip;]<\/p>\n","protected":false},"author":1,"featured_media":0,"comment_status":"open","ping_status":"open","sticky":false,"template":"","format":"standard","meta":{"footnotes":""},"categories":[],"tags":[],"class_list":["post-2317","post","type-post","status-publish","format-standard","hentry"],"_links":{"self":[{"href":"https:\/\/www.kinanen.fi\/nukkekoti\/wp-json\/wp\/v2\/posts\/2317","targetHints":{"allow":["GET"]}}],"collection":[{"href":"https:\/\/www.kinanen.fi\/nukkekoti\/wp-json\/wp\/v2\/posts"}],"about":[{"href":"https:\/\/www.kinanen.fi\/nukkekoti\/wp-json\/wp\/v2\/types\/post"}],"author":[{"embeddable":true,"href":"https:\/\/www.kinanen.fi\/nukkekoti\/wp-json\/wp\/v2\/users\/1"}],"replies":[{"embeddable":true,"href":"https:\/\/www.kinanen.fi\/nukkekoti\/wp-json\/wp\/v2\/comments?post=2317"}],"version-history":[{"count":9,"href":"https:\/\/www.kinanen.fi\/nukkekoti\/wp-json\/wp\/v2\/posts\/2317\/revisions"}],"predecessor-version":[{"id":2325,"href":"https:\/\/www.kinanen.fi\/nukkekoti\/wp-json\/wp\/v2\/posts\/2317\/revisions\/2325"}],"wp:attachment":[{"href":"https:\/\/www.kinanen.fi\/nukkekoti\/wp-json\/wp\/v2\/media?parent=2317"}],"wp:term":[{"taxonomy":"category","embeddable":true,"href":"https:\/\/www.kinanen.fi\/nukkekoti\/wp-json\/wp\/v2\/categories?post=2317"},{"taxonomy":"post_tag","embeddable":true,"href":"https:\/\/www.kinanen.fi\/nukkekoti\/wp-json\/wp\/v2\/tags?post=2317"}],"curies":[{"name":"wp","href":"https:\/\/api.w.org\/{rel}","templated":true}]}}