{"id":2333,"date":"2011-01-02T11:07:21","date_gmt":"2011-01-02T09:07:21","guid":{"rendered":"http:\/\/kinanen.fi\/wordpress\/?p=2333"},"modified":"2011-01-02T17:21:46","modified_gmt":"2011-01-02T15:21:46","slug":"sormet-syyhyavat","status":"publish","type":"post","link":"https:\/\/www.kinanen.fi\/nukkekoti\/sormet-syyhyavat\/","title":{"rendered":"Sittenkin alkuun"},"content":{"rendered":"<p>Siipan k\u00e4tk\u00f6ist\u00e4 taltioimani maja on hieman alkanut el\u00e4m\u00e4\u00e4n vuodenvaihteen aikana. En sitten saanut sormiani pysym\u00e4\u00e4n irti siit\u00e4, vaikka varsinainen ajatus onkin viel\u00e4 syttym\u00e4tt\u00e4.<\/p>\n<p>Sein\u00e4t saivat alustavan pinnan. Sis\u00e4ll\u00e4 rusahtava petsi ja p\u00e4\u00e4ll\u00e4 punertava. Monin paikoin vaatii viel\u00e4 jatkok\u00e4sittely\u00e4 sill\u00e4 puhdistuksesta huolimatta alle on j\u00e4\u00e4nyt liimaj\u00e4\u00e4mi\u00e4, jotka n\u00e4kyv\u00e4t alta selvemmin kuin k\u00e4sittelem\u00e4tt\u00f6m\u00e4n\u00e4.<\/p>\n<figure id=\"attachment_2334\" aria-describedby=\"caption-attachment-2334\" style=\"width: 500px\" class=\"wp-caption aligncenter\"><a href=\"http:\/\/kinanen.fi\/wordpress\/wp-content\/uploads\/2011\/01\/vaja3.jpg\"><img fetchpriority=\"high\" decoding=\"async\" class=\"size-full wp-image-2334\" title=\"vaja3\" src=\"http:\/\/kinanen.fi\/wordpress\/wp-content\/uploads\/2011\/01\/vaja3.jpg\" alt=\"Ulkosein\u00e4\" width=\"500\" height=\"354\" \/><\/a><figcaption id=\"caption-attachment-2334\" class=\"wp-caption-text\">Ulkosein\u00e4\u00e4<\/figcaption><\/figure>\n<p>Hirsinen rakennus my\u00f6s tilkittiin asianmukaisesti. Huono juttuhan se olisi jos hirsien v\u00e4list\u00e4 pilkottaisi p\u00e4iv\u00e4nvalo, vilu siell\u00e4 sis\u00e4ll\u00e4 tulisi l\u00e4mpim\u00e4mm\u00e4ll\u00e4kin kelill\u00e4. K\u00e4sittelem\u00e4t\u00f6n lampaanvilla sopi t\u00e4h\u00e4nkin tarkoitukseen oikein hyvin. Villapussin ker\u00e4sin talteen joku vuosi sitten Messukeskuksesta maatalousn\u00e4yttelyst\u00e4 keritsemisesityksen j\u00e4lkeen. Vankka lampaan tuoksu siit\u00e4 l\u00e4htee edelleen \ud83d\ude09<\/p>\n<figure id=\"attachment_2335\" aria-describedby=\"caption-attachment-2335\" style=\"width: 500px\" class=\"wp-caption aligncenter\"><a href=\"http:\/\/kinanen.fi\/wordpress\/wp-content\/uploads\/2011\/01\/vaja2.jpg\"><img decoding=\"async\" class=\"size-full wp-image-2335\" title=\"vaja2\" src=\"http:\/\/kinanen.fi\/wordpress\/wp-content\/uploads\/2011\/01\/vaja2.jpg\" alt=\"Katto\" width=\"500\" height=\"333\" \/><\/a><figcaption id=\"caption-attachment-2335\" class=\"wp-caption-text\">Katto<\/figcaption><\/figure>\n<p>Katolta irroittelin alkuper\u00e4isen kirvesmiehen kiinnitt\u00e4m\u00e4t &#8221;laudat&#8221;. Pystyss\u00e4 olleen laudan j\u00e4tin paikoilleen, samoin kuin toisenp\u00e4\u00e4n kaksinkertaisen kattovuorauksen. Onkohan aikanaan ollut liikaa osia t\u00e4ss\u00e4 koottavassa ja ne on sitten vain laitettu jonnekin. Mene ja tied\u00e4.<\/p>\n<p>Katon p\u00e4\u00e4llystin pikasilotteella, johon lis\u00e4sin vett\u00e4 sek\u00e4 vihre\u00e4\u00e4 hienohkoa koristehiekkaa. Pakkelikerros on kohtalaisen paksu ja pyrkii peitt\u00e4m\u00e4\u00e4n lankkujen raotkin. P\u00e4\u00e4lle maalasin sen viel\u00e4 hieman tummemmaksi vihre\u00e4n ja ruskean v\u00e4rin sekoituksella. Lopputulokseen olen tyytyv\u00e4inen. Hieman tummempi on kuin mit\u00e4 kuviin sain taltioitua. T\u00e4n\u00e4\u00e4n oli vaikea kuvata.<\/p>\n<figure id=\"attachment_2336\" aria-describedby=\"caption-attachment-2336\" style=\"width: 500px\" class=\"wp-caption aligncenter\"><a href=\"http:\/\/kinanen.fi\/wordpress\/wp-content\/uploads\/2011\/01\/vaja.jpg\"><img decoding=\"async\" class=\"size-full wp-image-2336\" title=\"vaja\" src=\"http:\/\/kinanen.fi\/wordpress\/wp-content\/uploads\/2011\/01\/vaja.jpg\" alt=\"Vajan asukit\" width=\"500\" height=\"333\" \/><\/a><figcaption id=\"caption-attachment-2336\" class=\"wp-caption-text\">Tutkimusmatkalaiset<\/figcaption><\/figure>\n<p>Rakennus sai my\u00f6s uuden lattian. Bauhausin laminaattiosastolta puuj\u00e4ljitelm\u00e4n\u00e4ytepalasta &#8211; vanhaa puuta. Se asettui hyvin paikoilleen ja luovuin kokonaan lautalattian tekemisest\u00e4. J\u00e4tin sen kuitenkin irralleen joten jos lankut rupeavat houkuttamaan, niin on helppo vaihtaa.<\/p>\n<p>Vajassa on tutkimusmatkalla my\u00f6s el\u00e4imi\u00e4. Niit\u00e4h\u00e4n moni ehdotteli sinne. Pikkuinen lammas saapui taloon joulukuussa Savonmaan yst\u00e4v\u00e4n l\u00e4hett\u00e4m\u00e4n\u00e4 ja asettui silloin oitis kuusen juurelle, l\u00e4mpim\u00e4n takan l\u00e4heisyyteen jatkaakseen sielt\u00e4 sitten jouluseimiasetelman eteen. Jouluseimeen se taitaa j\u00e4\u00e4d\u00e4kin lammaslauman sekaan k\u00f6ll\u00f6ttelem\u00e4\u00e4n.<\/p>\n<p>Kissan Eevert sai joulupaketista. Pikkuinen kissanpentu talossa on ollutkin, mutta nyt taisi tulla oikein em\u00e4nt\u00e4kissa paikalle. Laittaa varmasti Tenhonkin j\u00e4rjestykseen m\u00e4\u00e4r\u00e4tietoisuudellaan. Hyvin huomaa kun vaihtaa kissalle paikkaa talossa\u00a0 niin heti tuntuu silt\u00e4 kuin se hallitsisi tilaa vain olemalla siell\u00e4. Itse olen kissaihmisi\u00e4 ja kyll\u00e4h\u00e4n aikanaan kotikissat taisivat pit\u00e4\u00e4 muuta perhett\u00e4 palveluskuntanaan ja hovinaan. Mahtavia olentoja.<\/p>\n<figure id=\"attachment_2337\" aria-describedby=\"caption-attachment-2337\" style=\"width: 500px\" class=\"wp-caption aligncenter\"><a href=\"http:\/\/kinanen.fi\/wordpress\/wp-content\/uploads\/2011\/01\/vaja4.jpg\"><img loading=\"lazy\" decoding=\"async\" class=\"size-full wp-image-2337\" title=\"vaja4\" src=\"http:\/\/kinanen.fi\/wordpress\/wp-content\/uploads\/2011\/01\/vaja4.jpg\" alt=\"Etupuoli\" width=\"500\" height=\"389\" \/><\/a><figcaption id=\"caption-attachment-2337\" class=\"wp-caption-text\">Vajan etupuoli<\/figcaption><\/figure>\n<p>Edest\u00e4p\u00e4in rakennus n\u00e4ytt\u00e4\u00e4 nyt t\u00e4lt\u00e4. Valmis se ei ole viel\u00e4 pitk\u00e4\u00e4n aikaan, mutta alkuun on p\u00e4\u00e4sty. Voi olla, ett\u00e4 se vaatii joitakin lis\u00e4ratkaisuja ja rakenteluja v\u00e4lisein\u00e4n osalta. Kokonaan umpeen sit\u00e4 tuskin laitan, mutta viitteit\u00e4 sein\u00e4st\u00e4 tai muurista ehk\u00e4.<\/p>\n<figure id=\"attachment_2338\" aria-describedby=\"caption-attachment-2338\" style=\"width: 500px\" class=\"wp-caption aligncenter\"><a href=\"http:\/\/kinanen.fi\/wordpress\/wp-content\/uploads\/2011\/01\/vaja5.jpg\"><img loading=\"lazy\" decoding=\"async\" class=\"size-full wp-image-2338\" title=\"vaja5\" src=\"http:\/\/kinanen.fi\/wordpress\/wp-content\/uploads\/2011\/01\/vaja5.jpg\" alt=\"Kiinnostavaa puuhaa\" width=\"500\" height=\"378\" \/><\/a><figcaption id=\"caption-attachment-2338\" class=\"wp-caption-text\">Kiinnostavaa puuhaa<\/figcaption><\/figure>\n<p>Joillekin intensiivisten puuhieni seuraaminen n\u00e4ytt\u00e4\u00e4 tuottavan jatkuvaa huvia ja iloa, ja niit\u00e4 on my\u00f6s taltioitu ahkerasti. Kuvaaminen oli t\u00e4n\u00e4\u00e4n hankalaa omituisten valo-olosuhteisen tai vaan muuten taitamattomuuden takia ja juttelin ilmeisesti itsekseni joko toimituksen ajan. Ja toimituskin kesti koko kahvipannullisen ajan.<\/p>\n<p>Edellisen\u00e4 p\u00e4iv\u00e4n\u00e4 blogin lukeminen s\u00e4ngyn vierell\u00e4 lattialla polvillani ja kone s\u00e4ngyll\u00e4 oli p\u00e4iv\u00e4n hupailun aihe. Samoin kuin tapanani lukea &#8221;uutiset&#8221; koneelta s\u00e4ngyss\u00e4 maaten, kaksi tyyny\u00e4 p\u00e4\u00e4n alla,\u00a0 kone koukussa olevien jalkoihini tukeutuen. Ja sitten valitan niska-hartia s\u00e4rky\u00e4, joka ilmaantuu vaan jostakin, ihan yht\u00e4kki\u00e4 ja syytt\u00e4.<\/p>\n<figure id=\"attachment_2339\" aria-describedby=\"caption-attachment-2339\" style=\"width: 500px\" class=\"wp-caption aligncenter\"><a href=\"http:\/\/kinanen.fi\/wordpress\/wp-content\/uploads\/2011\/01\/mare.jpg\"><img loading=\"lazy\" decoding=\"async\" class=\"size-full wp-image-2339\" title=\"mare\" src=\"http:\/\/kinanen.fi\/wordpress\/wp-content\/uploads\/2011\/01\/mare.jpg\" alt=\"Kuvaus\" width=\"500\" height=\"666\" \/><\/a><figcaption id=\"caption-attachment-2339\" class=\"wp-caption-text\">Tarkkaa hommaa<\/figcaption><\/figure>\n<p>Ehk\u00e4 joku toinen p\u00e4iv\u00e4, kun ty\u00f6 on edistynyt, saan otettua kuvia, jotka tuottavat itsellenikin tyydytyst\u00e4 \ud83d\ude09 Nyt oli valo huono ja taustalta n\u00e4kyi aina jotakin roinaa, kameran s\u00e4\u00e4d\u00f6t hukassa ja jalustallakin tuli ep\u00e4tarkkoja otoksia ja ties mit\u00e4. Kaikista sadasta yrityksest\u00e4ni kelvollisimmat sain t\u00e4h\u00e4n talteen ja n\u00e4kyville. V\u00e4h\u00e4n samaa tuntua kuin vaatekaupassa: t\u00e4n\u00e4\u00e4n mik\u00e4\u00e4n ei sovi p\u00e4\u00e4lle ja vaatekaapissa: mulla ei ole mit\u00e4\u00e4n p\u00e4\u00e4llepantavaa jne. Huoh. L\u00e4hden lenkille.<\/p>\n<p>Ai niin, ja Eevertin sukulaispoika tarkasti opasti, ett\u00e4 kahdella eris\u00e4vyisell\u00e4 valolla ei saa kunnon kuvia aikaiseksi. Sekin viel\u00e4. \ud83d\ude00<\/p>\n<p>\u263a<\/p>\n<p>Kuvat yht\u00e4 vaille omiani. Sen yhden Siippa antoi Mare harrastaa &#8211; galleriastaan \ud83d\ude09<\/p>\n","protected":false},"excerpt":{"rendered":"<p>Siipan k\u00e4tk\u00f6ist\u00e4 taltioimani maja on hieman alkanut el\u00e4m\u00e4\u00e4n vuodenvaihteen aikana. En sitten saanut sormiani pysym\u00e4\u00e4n irti siit\u00e4, vaikka varsinainen ajatus onkin viel\u00e4 syttym\u00e4tt\u00e4. Sein\u00e4t saivat alustavan pinnan. Sis\u00e4ll\u00e4 rusahtava petsi ja p\u00e4\u00e4ll\u00e4 punertava. Monin paikoin vaatii viel\u00e4 jatkok\u00e4sittely\u00e4 sill\u00e4 puhdistuksesta huolimatta alle on j\u00e4\u00e4nyt liimaj\u00e4\u00e4mi\u00e4, jotka n\u00e4kyv\u00e4t alta selvemmin kuin k\u00e4sittelem\u00e4tt\u00f6m\u00e4n\u00e4. Hirsinen rakennus my\u00f6s tilkittiin [&hellip;]<\/p>\n","protected":false},"author":1,"featured_media":0,"comment_status":"open","ping_status":"open","sticky":false,"template":"","format":"standard","meta":{"footnotes":""},"categories":[],"tags":[],"class_list":["post-2333","post","type-post","status-publish","format-standard","hentry"],"_links":{"self":[{"href":"https:\/\/www.kinanen.fi\/nukkekoti\/wp-json\/wp\/v2\/posts\/2333","targetHints":{"allow":["GET"]}}],"collection":[{"href":"https:\/\/www.kinanen.fi\/nukkekoti\/wp-json\/wp\/v2\/posts"}],"about":[{"href":"https:\/\/www.kinanen.fi\/nukkekoti\/wp-json\/wp\/v2\/types\/post"}],"author":[{"embeddable":true,"href":"https:\/\/www.kinanen.fi\/nukkekoti\/wp-json\/wp\/v2\/users\/1"}],"replies":[{"embeddable":true,"href":"https:\/\/www.kinanen.fi\/nukkekoti\/wp-json\/wp\/v2\/comments?post=2333"}],"version-history":[{"count":12,"href":"https:\/\/www.kinanen.fi\/nukkekoti\/wp-json\/wp\/v2\/posts\/2333\/revisions"}],"predecessor-version":[{"id":2342,"href":"https:\/\/www.kinanen.fi\/nukkekoti\/wp-json\/wp\/v2\/posts\/2333\/revisions\/2342"}],"wp:attachment":[{"href":"https:\/\/www.kinanen.fi\/nukkekoti\/wp-json\/wp\/v2\/media?parent=2333"}],"wp:term":[{"taxonomy":"category","embeddable":true,"href":"https:\/\/www.kinanen.fi\/nukkekoti\/wp-json\/wp\/v2\/categories?post=2333"},{"taxonomy":"post_tag","embeddable":true,"href":"https:\/\/www.kinanen.fi\/nukkekoti\/wp-json\/wp\/v2\/tags?post=2333"}],"curies":[{"name":"wp","href":"https:\/\/api.w.org\/{rel}","templated":true}]}}