{"id":2352,"date":"2011-01-06T13:26:53","date_gmt":"2011-01-06T11:26:53","guid":{"rendered":"http:\/\/kinanen.fi\/wordpress\/?p=2352"},"modified":"2011-01-06T17:04:48","modified_gmt":"2011-01-06T15:04:48","slug":"kodin-kohennusta","status":"publish","type":"post","link":"https:\/\/www.kinanen.fi\/nukkekoti\/kodin-kohennusta\/","title":{"rendered":"Kodin kohennusta"},"content":{"rendered":"<p>Eevertin talossa on s\u00e4hk\u00f6istys edelleen vaiheessa. Kaikissa huoneissa ei ole viel\u00e4 valoa lainkaan. Hyvin hissuksiin niit\u00e4 on syntynyt, vaikka juuri valo tuo tunnelmaa taloon ja touhuihin.<\/p>\n<p>Joulukuusi kun n\u00e4in Loppiaisena l\u00e4hti Eeverttil\u00e4st\u00e4 (1:1 kodissa se viel\u00e4 on tallella viikonloppuun \ud83d\ude09 ) niin p\u00e4\u00e4tin viimein asentaa edes yhden t\u00f6pselin olohuoneeseen vaihtuvien valojen tarpeeseen. Nyt on aina piuha vedetty valaisimesta suoraan talon taakse &#8221;s\u00e4hk\u00f6p\u00e4\u00e4keskukseen&#8221;. Operaatio on sen verran tuskallinen n\u00e4perryksineen ja aina uudelleen asennuksineen, ett\u00e4 kaipasin siihen helpotusta. Nyt kun t\u00f6pselit on olemassa, niin ehk\u00e4 on helmompaa vaihtaa tarpeen mukaan valaisuksia ja lamppuja. Niiden pienten tappien edestakaisin t\u00f6kkiminen vie voimia. Huh huh.<\/p>\n<p><a href=\"http:\/\/kinanen.fi\/wordpress\/wp-content\/uploads\/2011\/01\/lamppu.jpg\"><img fetchpriority=\"high\" decoding=\"async\" class=\"aligncenter size-full wp-image-2353\" title=\"lamppu\" src=\"http:\/\/kinanen.fi\/wordpress\/wp-content\/uploads\/2011\/01\/lamppu.jpg\" alt=\"Lamppu valaistuna\" width=\"500\" height=\"439\" \/><\/a><\/p>\n<p>Valaisin asettui hyvin ty\u00f6p\u00f6yd\u00e4lle ja on aivan kuin luotu siihen. Valo taittuu mukavasti ja on juuri sellainen l\u00e4mmin valo mist\u00e4 pid\u00e4nkin. Oikein on onnistuneesti mineilty \ud83d\ude09 Ehk\u00e4 hieman t\u00e4ytyy s\u00e4\u00e4t\u00e4\u00e4 johdon kanssa jokin pieni kolo, niin ei j\u00e4\u00e4 ilmaan p\u00f6yd\u00e4n pinnalla.<\/p>\n<figure id=\"attachment_2354\" aria-describedby=\"caption-attachment-2354\" style=\"width: 480px\" class=\"wp-caption aligncenter\"><a href=\"http:\/\/kinanen.fi\/wordpress\/wp-content\/uploads\/2011\/01\/lamppu1.jpg\"><img decoding=\"async\" class=\"size-full wp-image-2354\" title=\"lamppu1\" src=\"http:\/\/kinanen.fi\/wordpress\/wp-content\/uploads\/2011\/01\/lamppu1.jpg\" alt=\"Ty\u00f6p\u00f6yd\u00e4n valo\" width=\"480\" height=\"640\" \/><\/a><figcaption id=\"caption-attachment-2354\" class=\"wp-caption-text\">Ty\u00f6p\u00f6yd\u00e4n valo<\/figcaption><\/figure>\n<p>Valaisin valaisee my\u00f6s p\u00e4\u00e4lt\u00e4 p\u00e4in. N\u00e4ytt\u00e4\u00e4 Eevertkin olevan hyvin tyytyv\u00e4inen uuteen hankintaansa.<\/p>\n<p>Joko arvasit mist\u00e4 lamppu on valmistettu? Siihen ei ole tehty mit\u00e4\u00e4n, ei ole yhdistetty mit\u00e4\u00e4n, kunhan vain laitettu polttimo sis\u00e4lle, sit\u00e4k\u00e4\u00e4n erityisemmin kiinnitt\u00e4m\u00e4tt\u00e4.<\/p>\n<figure id=\"attachment_2355\" aria-describedby=\"caption-attachment-2355\" style=\"width: 500px\" class=\"wp-caption aligncenter\"><a href=\"http:\/\/kinanen.fi\/wordpress\/wp-content\/uploads\/2011\/01\/taulu.jpg\"><img decoding=\"async\" class=\"size-full wp-image-2355\" title=\"taulu\" src=\"http:\/\/kinanen.fi\/wordpress\/wp-content\/uploads\/2011\/01\/taulu.jpg\" alt=\"Simpukkataulu\" width=\"500\" height=\"529\" \/><\/a><figcaption id=\"caption-attachment-2355\" class=\"wp-caption-text\">Simpukkataulu<\/figcaption><\/figure>\n<p>Makuuhuoneeseen Eevert on my\u00f6s saanut uutta n\u00e4in joulun aikaan. Kaunis simpukkataulu on ilmestynyt taloon. Sen toi tullessaan nuori sukulaispoika joka k\u00e4vi uuden vuoden brunssilla Eeverttil\u00e4ss\u00e4. Siit\u00e4k\u00f6s vanha mies ilahtui ja mieluusti vietti aikaa nuoren opiskelijan kanssa turinoiden.<\/p>\n<p>Simpukat muistuttavat Eevertti\u00e4 monista matkoista maailman merill\u00e4. Niist\u00e4 h\u00e4n on kirjoittanut <a href=\"http:\/\/thaivas.blogspot.com\/\" target=\"_blank\">Muistojen kirjaansa<\/a>, joka n\u00e4kyy j\u00e4\u00e4neen s\u00e4ngynp\u00e4\u00e4lle. L\u00f6ytyy sielt\u00e4 kuviakin. Eevert on taas tainnut uppoutua muistojen pariin ja heitt\u00e4ytynyt s\u00e4ngylle selailemaan simpukkaretken tunnelmia.<\/p>\n<figure id=\"attachment_2356\" aria-describedby=\"caption-attachment-2356\" style=\"width: 500px\" class=\"wp-caption aligncenter\"><a href=\"http:\/\/kinanen.fi\/wordpress\/wp-content\/uploads\/2011\/01\/thaivas-1325.jpg\"><img loading=\"lazy\" decoding=\"async\" class=\"size-full wp-image-2356\" title=\"SONY DSC\" src=\"http:\/\/kinanen.fi\/wordpress\/wp-content\/uploads\/2011\/01\/thaivas-1325.jpg\" alt=\"Simpukkarannalla\" width=\"500\" height=\"348\" \/><\/a><figcaption id=\"caption-attachment-2356\" class=\"wp-caption-text\">Simpukkarannalla<\/figcaption><\/figure>\n<p>Kirjassa kerrotaan retkest\u00e4 er\u00e4\u00e4n\u00e4 kuumana p\u00e4iv\u00e4n\u00e4 rannalle. Rannalla oli mielin m\u00e4\u00e4rin pieni\u00e4 simpukankuoria, joita jokainen seurueen j\u00e4sen ker\u00e4si taskuihinsa ja laukujen pohjille muistoksi mukavasta matkasta. Rantaa k\u00e4veltiin edestakaisin ja nautittiin auringon l\u00e4mm\u00f6st\u00e4 ja joutilaasta olosta. Mik\u00e4 oli Eevertin siell\u00e4 palmun alla istuskellessa ja katsellessa horisonttiin. Nuoriv\u00e4ki nautti auringon paisteesta, mutta vanhempi seurue viihtyi paremmin lehvist\u00f6n alla kauempana rannasta.<\/p>\n<p>Rantaretki jatkui veneajelulla paikallisten kalastajien satamapaikkaan. Pieni vene ja sen vaaleat nuoret matkustajat her\u00e4ttiv\u00e4t paikallisten merimiesten ja kalastajien huomion. Iloisia vilkutuksia ja hehkeit\u00e4 hymyj\u00e4 saikin Eevertin pieni venekunta osakseen koko merimatkan ajan.<\/p>\n<figure id=\"attachment_2357\" aria-describedby=\"caption-attachment-2357\" style=\"width: 500px\" class=\"wp-caption aligncenter\"><a href=\"http:\/\/kinanen.fi\/wordpress\/wp-content\/uploads\/2011\/01\/kalastajat.jpg\"><img loading=\"lazy\" decoding=\"async\" class=\"size-full wp-image-2357\" title=\"kalastajat\" src=\"http:\/\/kinanen.fi\/wordpress\/wp-content\/uploads\/2011\/01\/kalastajat.jpg\" alt=\"Kalastajat\" width=\"500\" height=\"334\" \/><\/a><figcaption id=\"caption-attachment-2357\" class=\"wp-caption-text\">Kalastajat<\/figcaption><\/figure>\n<p>Satamaretki ja simpukkaranta j\u00e4ttiv\u00e4t l\u00e4htem\u00e4tt\u00f6m\u00e4n muiston koko seurueen mieliin. Niille vesille ja sellaiseen l\u00e4mp\u00f6\u00f6n Eevert mielell\u00e4\u00e4n vanhat luunsa veisi. Monet kolotukset ja vaivat helpottavat kun saa luonnonmukaista l\u00e4mp\u00f6hoitoa hyv\u00e4ss\u00e4 seurassa l\u00e4heistens\u00e4 kanssa.<\/p>\n<figure id=\"attachment_2358\" aria-describedby=\"caption-attachment-2358\" style=\"width: 500px\" class=\"wp-caption aligncenter\"><a href=\"http:\/\/kinanen.fi\/wordpress\/wp-content\/uploads\/2011\/01\/thaivas-1406.jpg\"><img loading=\"lazy\" decoding=\"async\" class=\"size-full wp-image-2358\" title=\"SONY DSC\" src=\"http:\/\/kinanen.fi\/wordpress\/wp-content\/uploads\/2011\/01\/thaivas-1406.jpg\" alt=\"Merit\u00e4hti\" width=\"500\" height=\"334\" \/><\/a><figcaption id=\"caption-attachment-2358\" class=\"wp-caption-text\">Merit\u00e4hti ja merimakkara sulassa sovussa<\/figcaption><\/figure>\n<p>Maailma on ihmeellinen ja siell\u00e4 on niin paljon katsomista ja ihmettelemist\u00e4. Hyv\u00e4 on muistella kaikkea ja kirjoitella niit\u00e4 Muistokirjaankin varsinkin nyt kun on saatu hyv\u00e4 valo niin ettei vanhat silm\u00e4t rasitu h\u00e4m\u00e4s\u00e4ss\u00e4 tuvassa.<\/p>\n<p>\u2662<\/p>\n<p>Ai niin, se lamppu on parfyymipullon korkki.<\/p>\n<p>Muistokirja Eevertin s\u00e4ngyn p\u00e4\u00e4ll\u00e4 on <a href=\"http:\/\/malakoff.vuodatus.net\/\" target=\"_blank\">Annevelta<\/a> lahjaksi saatu ihanuus.<\/p>\n","protected":false},"excerpt":{"rendered":"<p>Eevertin talossa on s\u00e4hk\u00f6istys edelleen vaiheessa. Kaikissa huoneissa ei ole viel\u00e4 valoa lainkaan. Hyvin hissuksiin niit\u00e4 on syntynyt, vaikka juuri valo tuo tunnelmaa taloon ja touhuihin. Joulukuusi kun n\u00e4in Loppiaisena l\u00e4hti Eeverttil\u00e4st\u00e4 (1:1 kodissa se viel\u00e4 on tallella viikonloppuun \ud83d\ude09 ) niin p\u00e4\u00e4tin viimein asentaa edes yhden t\u00f6pselin olohuoneeseen vaihtuvien valojen tarpeeseen. Nyt on aina [&hellip;]<\/p>\n","protected":false},"author":1,"featured_media":0,"comment_status":"open","ping_status":"open","sticky":false,"template":"","format":"standard","meta":{"footnotes":""},"categories":[],"tags":[],"class_list":["post-2352","post","type-post","status-publish","format-standard","hentry"],"_links":{"self":[{"href":"https:\/\/www.kinanen.fi\/nukkekoti\/wp-json\/wp\/v2\/posts\/2352","targetHints":{"allow":["GET"]}}],"collection":[{"href":"https:\/\/www.kinanen.fi\/nukkekoti\/wp-json\/wp\/v2\/posts"}],"about":[{"href":"https:\/\/www.kinanen.fi\/nukkekoti\/wp-json\/wp\/v2\/types\/post"}],"author":[{"embeddable":true,"href":"https:\/\/www.kinanen.fi\/nukkekoti\/wp-json\/wp\/v2\/users\/1"}],"replies":[{"embeddable":true,"href":"https:\/\/www.kinanen.fi\/nukkekoti\/wp-json\/wp\/v2\/comments?post=2352"}],"version-history":[{"count":7,"href":"https:\/\/www.kinanen.fi\/nukkekoti\/wp-json\/wp\/v2\/posts\/2352\/revisions"}],"predecessor-version":[{"id":2365,"href":"https:\/\/www.kinanen.fi\/nukkekoti\/wp-json\/wp\/v2\/posts\/2352\/revisions\/2365"}],"wp:attachment":[{"href":"https:\/\/www.kinanen.fi\/nukkekoti\/wp-json\/wp\/v2\/media?parent=2352"}],"wp:term":[{"taxonomy":"category","embeddable":true,"href":"https:\/\/www.kinanen.fi\/nukkekoti\/wp-json\/wp\/v2\/categories?post=2352"},{"taxonomy":"post_tag","embeddable":true,"href":"https:\/\/www.kinanen.fi\/nukkekoti\/wp-json\/wp\/v2\/tags?post=2352"}],"curies":[{"name":"wp","href":"https:\/\/api.w.org\/{rel}","templated":true}]}}