{"id":2398,"date":"2011-01-16T09:46:44","date_gmt":"2011-01-16T07:46:44","guid":{"rendered":"http:\/\/kinanen.fi\/wordpress\/?p=2398"},"modified":"2011-01-16T12:05:09","modified_gmt":"2011-01-16T10:05:09","slug":"tein-sitten-hankinnan","status":"publish","type":"post","link":"https:\/\/www.kinanen.fi\/nukkekoti\/tein-sitten-hankinnan\/","title":{"rendered":"Tein sitten hankinnan"},"content":{"rendered":"<p>No niin, nyt on sitten tehty hankinta.<\/p>\n<p>Ostin sahan.<\/p>\n<figure id=\"attachment_2399\" aria-describedby=\"caption-attachment-2399\" style=\"width: 500px\" class=\"wp-caption aligncenter\"><a href=\"http:\/\/kinanen.fi\/wordpress\/wp-content\/uploads\/2011\/01\/IMG_2035.jpg\"><img fetchpriority=\"high\" decoding=\"async\" class=\"size-full wp-image-2399\" title=\"IMG_2035\" src=\"http:\/\/kinanen.fi\/wordpress\/wp-content\/uploads\/2011\/01\/IMG_2035.jpg\" alt=\"Sahalaatikko\" width=\"500\" height=\"333\" \/><\/a><figcaption id=\"caption-attachment-2399\" class=\"wp-caption-text\">Sahalaatikko<\/figcaption><\/figure>\n<p>Kun halvalla sain.<\/p>\n<p>Olin toki katsellut pieni\u00e4 p\u00f6yt\u00e4kuviosahoja, vaikka varsinaista k\u00e4ytt\u00f6\u00e4 olisikin v\u00e4h\u00e4n. Kauppaan ovat j\u00e4\u00e4neet kun j\u00e4rest\u00e4\u00e4n maksoivat p\u00e4\u00e4lle 200\u20ac. Se ehk\u00e4 se olisi ollutkin hieman yliampuvaa pikku v\u00e4kerrysteni suhteen.<\/p>\n<p>Nyt kaupassa eteen tuli huomattavasti edullisempi vaihtoehto joka naulitsi minut kesken lanttujen punnitsemisen. Menin kuitenkin ohi ja jatkoin ostoksia muina miehin\u00e4. Palasin ihan huomaamattani takaisin ja kiertelin laatikkoa. Jatkoin ostoksia. Unohdin jotakin ja ei kun takaisin k\u00e4yt\u00e4v\u00e4\u00e4 pitkin. Pys\u00e4hdyin sahan kohdalle ja kokeilin painoa. Ei mahdottomasti painanut. Laitoin takaisin ja hain ostoslistastani puuttuvan tuotteen. Jatkoin kohti kassoja j\u00e4lleen sahan kautta ja punnitsin sit\u00e4 k\u00e4siss\u00e4ni uudelleen. Jatkoin kassalle. Kassalta palasin takaisin ja vietin hiljaisen hetken sahan luona.<\/p>\n<p>Lastasin sahan k\u00e4rryyn ja nopein askelin kohti kassaa. Pikainen maksaminen ja autolle. Lastasin ostokset ja sahan autoon. Ja sitten vasta uskalsin hengitt\u00e4\u00e4. Syd\u00e4men sykkeen himan tasaannuttua k\u00e4ynnistin auton ja ajoin kotiin.<\/p>\n<p>Olin ostanut sahan.<\/p>\n<p>Mitenk\u00e4h\u00e4n t\u00e4m\u00e4n Siipalle kertoisin? Meill\u00e4h\u00e4n ei ole askarteluhuonetta tai tilaa miss\u00e4 voisi sahailla.<\/p>\n<p>Paitsi kes\u00e4ll\u00e4 pihalla.<\/p>\n<figure id=\"attachment_2400\" aria-describedby=\"caption-attachment-2400\" style=\"width: 500px\" class=\"wp-caption aligncenter\"><a href=\"http:\/\/kinanen.fi\/wordpress\/wp-content\/uploads\/2011\/01\/IMG_2036.jpg\"><img decoding=\"async\" class=\"size-full wp-image-2400\" title=\"IMG_2036\" src=\"http:\/\/kinanen.fi\/wordpress\/wp-content\/uploads\/2011\/01\/IMG_2036.jpg\" alt=\"Avattu laite\" width=\"500\" height=\"333\" \/><\/a><figcaption id=\"caption-attachment-2400\" class=\"wp-caption-text\">Avattu laite<\/figcaption><\/figure>\n<p>Tietenkin purin laitteen laatikosta ja asentelin sit\u00e4 ja t\u00e4t\u00e4 kiinni. Kiristelin ja ihmettelin. Onhan se iso kuitenkin, vaikka kyll\u00e4 paljon pienempi kuin paketissa.<\/p>\n<p>Kyljess\u00e4 mahdottomasti varoitusmerkkej\u00e4 ja ohjeita. Kun k\u00e4ytet\u00e4\u00e4n tarvitaan kuulosuojaimia, silm\u00e4suojaimia, hengityssuojaimia ja t\u00e4ytyy varoa ett\u00e4 saha ei poikkase sormia.<\/p>\n<p>Mit\u00e4 ihmett\u00e4 olen mennyt hankkimaan. Tokkopa uskaltaa edes kokeilla!?!<\/p>\n<p>Ehk\u00e4 sen voi myyd\u00e4 eteenp\u00e4in, jos joku uskaltaa k\u00e4ytt\u00e4\u00e4.<\/p>\n<figure id=\"attachment_2401\" aria-describedby=\"caption-attachment-2401\" style=\"width: 500px\" class=\"wp-caption aligncenter\"><a href=\"http:\/\/kinanen.fi\/wordpress\/wp-content\/uploads\/2011\/01\/IMG_2037.jpg\"><img decoding=\"async\" class=\"size-full wp-image-2401\" title=\"IMG_2037\" src=\"http:\/\/kinanen.fi\/wordpress\/wp-content\/uploads\/2011\/01\/IMG_2037.jpg\" alt=\"Liikkuva taso\" width=\"500\" height=\"333\" \/><\/a><figcaption id=\"caption-attachment-2401\" class=\"wp-caption-text\">Liikkuva taso<\/figcaption><\/figure>\n<p>Asentelin kuitenkin kaikki loppuun tarkasti ohjekirjan mukaan. Rohkeana naisena p\u00e4\u00e4tin kokeilla kuinka kauheeta \u00e4\u00e4nt\u00e4 se pit\u00e4\u00e4 ja laitoin t\u00f6pselin sein\u00e4\u00e4n. Etuosassa on kaksi nappia. Punainen ja vihre\u00e4. P\u00e4\u00e4ttelin, ett\u00e4 vihre\u00e4 k\u00e4ynnist\u00e4\u00e4 ja punainen pys\u00e4ytt\u00e4\u00e4.<\/p>\n<p>Painoin vihre\u00e4\u00e4 nappia.<\/p>\n<p>Laitteesta kuului herkk\u00e4 hyrin\u00e4. Kokeilin korviani. Ei, minulla ei ollut kuulosuojaimia. Kokeilin viel\u00e4 sahausta spaatelin verran. Hyvin toimi ja siisti leikkausj\u00e4lki tuli. Ehk\u00e4 min\u00e4 sittenkin voin aloittaa harjoittelut heti kev\u00e4\u00e4mm\u00e4ll\u00e4 lumien sulettua pihalla. \ud83d\ude00<\/p>\n<p>Nyt vain etsim\u00e4\u00e4n malleja ja ideoita. Vaneriahan minulla on pilvin pimein, sill\u00e4 vanhana lehtisahaajana sit\u00e4 on kyll\u00e4 varastossa yllinkyllin. Sit\u00e4 on vain tullut niin vanhaksi, ett\u00e4 ranteet eiv\u00e4t oikein tykk\u00e4\u00e4 nylkytt\u00e4misest\u00e4, joten koneellinen apu ehk\u00e4 hieman virkist\u00e4\u00e4 puuty\u00f6puolen osaa itsess\u00e4ni.<\/p>\n<p>Siipan ensimm\u00e4inen kysymys: Saako siihen varaosia?<\/p>\n<p>Min\u00e4: ???<\/p>\n<p>Siipan toinen kysymys: Mit\u00e4h\u00e4n min\u00e4 voisin sill\u00e4 tehd\u00e4?<\/p>\n<p>Min\u00e4: :D, ei huolta. Meill\u00e4 on uusi hyv\u00e4ksytty perheenj\u00e4sen.<\/p>\n<p>Tulispa jo kes\u00e4.<\/p>\n","protected":false},"excerpt":{"rendered":"<p>No niin, nyt on sitten tehty hankinta. Ostin sahan. Kun halvalla sain. Olin toki katsellut pieni\u00e4 p\u00f6yt\u00e4kuviosahoja, vaikka varsinaista k\u00e4ytt\u00f6\u00e4 olisikin v\u00e4h\u00e4n. Kauppaan ovat j\u00e4\u00e4neet kun j\u00e4rest\u00e4\u00e4n maksoivat p\u00e4\u00e4lle 200\u20ac. Se ehk\u00e4 se olisi ollutkin hieman yliampuvaa pikku v\u00e4kerrysteni suhteen. Nyt kaupassa eteen tuli huomattavasti edullisempi vaihtoehto joka naulitsi minut kesken lanttujen punnitsemisen. Menin kuitenkin [&hellip;]<\/p>\n","protected":false},"author":1,"featured_media":0,"comment_status":"open","ping_status":"open","sticky":false,"template":"","format":"standard","meta":{"footnotes":""},"categories":[],"tags":[],"class_list":["post-2398","post","type-post","status-publish","format-standard","hentry"],"_links":{"self":[{"href":"https:\/\/www.kinanen.fi\/nukkekoti\/wp-json\/wp\/v2\/posts\/2398","targetHints":{"allow":["GET"]}}],"collection":[{"href":"https:\/\/www.kinanen.fi\/nukkekoti\/wp-json\/wp\/v2\/posts"}],"about":[{"href":"https:\/\/www.kinanen.fi\/nukkekoti\/wp-json\/wp\/v2\/types\/post"}],"author":[{"embeddable":true,"href":"https:\/\/www.kinanen.fi\/nukkekoti\/wp-json\/wp\/v2\/users\/1"}],"replies":[{"embeddable":true,"href":"https:\/\/www.kinanen.fi\/nukkekoti\/wp-json\/wp\/v2\/comments?post=2398"}],"version-history":[{"count":13,"href":"https:\/\/www.kinanen.fi\/nukkekoti\/wp-json\/wp\/v2\/posts\/2398\/revisions"}],"predecessor-version":[{"id":2407,"href":"https:\/\/www.kinanen.fi\/nukkekoti\/wp-json\/wp\/v2\/posts\/2398\/revisions\/2407"}],"wp:attachment":[{"href":"https:\/\/www.kinanen.fi\/nukkekoti\/wp-json\/wp\/v2\/media?parent=2398"}],"wp:term":[{"taxonomy":"category","embeddable":true,"href":"https:\/\/www.kinanen.fi\/nukkekoti\/wp-json\/wp\/v2\/categories?post=2398"},{"taxonomy":"post_tag","embeddable":true,"href":"https:\/\/www.kinanen.fi\/nukkekoti\/wp-json\/wp\/v2\/tags?post=2398"}],"curies":[{"name":"wp","href":"https:\/\/api.w.org\/{rel}","templated":true}]}}