{"id":257,"date":"2010-01-23T10:43:06","date_gmt":"2010-01-23T08:43:06","guid":{"rendered":"http:\/\/kinanen.fi\/wordpress\/?p=257"},"modified":"2010-01-23T10:43:06","modified_gmt":"2010-01-23T08:43:06","slug":"valo-on-syttynyt","status":"publish","type":"post","link":"https:\/\/www.kinanen.fi\/nukkekoti\/valo-on-syttynyt\/","title":{"rendered":"Valo on syttynyt!"},"content":{"rendered":"<p>Huimaa! Suutarinlamppu-viritelm\u00e4 on asennettu. Valo riitt\u00e4\u00e4 hyvin eteiseen yleisvalona. Jonkin muun valaisimen olen sinne my\u00f6s suunnitellut lis\u00e4ksi.<\/p>\n<figure id=\"attachment_258\" aria-describedby=\"caption-attachment-258\" style=\"width: 225px\" class=\"wp-caption aligncenter\"><a href=\"http:\/\/kinanen.fi\/wordpress\/wp-content\/uploads\/2010\/01\/Valo_eteinen.jpg\"><img fetchpriority=\"high\" decoding=\"async\" class=\"size-medium wp-image-258\" title=\"Valo_eteinen\" src=\"http:\/\/kinanen.fi\/wordpress\/wp-content\/uploads\/2010\/01\/Valo_eteinen-225x300.jpg\" alt=\"Eteisen valaistus\" width=\"225\" height=\"300\" \/><\/a><figcaption id=\"caption-attachment-258\" class=\"wp-caption-text\">Se syttyi!<\/figcaption><\/figure>\n<p>Lampun ulkon\u00e4k\u00f6 on viel\u00e4 hieman rosoinen ja k\u00f6mpel\u00f6. Hyv\u00e4ksyn askarteluntuotoksen kyll\u00e4 t\u00e4ysill\u00e4 ja siihen liittyy my\u00f6hemmille ajoille vankkaa muistoarvoa ensimm\u00e4isen\u00e4 v\u00e4rkk\u00e4yksen\u00e4. Lampun varjostinosaan k\u00e4ytin askartelumassaa ja siit\u00e4 tuli hieman iso. Katossa oleva johtosuojus (?) l\u00f6ytyi takavuosien Japaninmatkalta taltioidusta minikokoisesta hammastahnatuubin p\u00e4\u00e4st\u00e4.\u00a0 Niit\u00e4 oli tarjolla jokap\u00e4iv\u00e4lle omansa majoitusliikkeiss\u00e4. Ja aina vaan tuotiin uusia, vaikka edellisi\u00e4 ei ehditty k\u00e4ytt\u00e4\u00e4 pois. Ai harmi! Niit\u00e4 ei varmaan en\u00e4\u00e4 monta l\u00f6ydy kuitenkaan n\u00e4in vuosien p\u00e4\u00e4st\u00e4. Eevert ottaa kyll\u00e4 japanintallaajilta vastaan lahjoituksia.<\/p>\n<figure id=\"attachment_259\" aria-describedby=\"caption-attachment-259\" style=\"width: 300px\" class=\"wp-caption aligncenter\"><a href=\"http:\/\/kinanen.fi\/wordpress\/wp-content\/uploads\/2010\/01\/Lampuntarvikkeet.jpg\"><img decoding=\"async\" class=\"size-medium wp-image-259\" title=\"Lampuntarvikkeet\" src=\"http:\/\/kinanen.fi\/wordpress\/wp-content\/uploads\/2010\/01\/Lampuntarvikkeet-300x291.jpg\" alt=\"Tarvikkeet\" width=\"300\" height=\"291\" \/><\/a><figcaption id=\"caption-attachment-259\" class=\"wp-caption-text\">Varjostimen osat l\u00f6ysiv\u00e4t paikkansa<\/figcaption><\/figure>\n","protected":false},"excerpt":{"rendered":"<p>Huimaa! Suutarinlamppu-viritelm\u00e4 on asennettu. Valo riitt\u00e4\u00e4 hyvin eteiseen yleisvalona. Jonkin muun valaisimen olen sinne my\u00f6s suunnitellut lis\u00e4ksi. Lampun ulkon\u00e4k\u00f6 on viel\u00e4 hieman rosoinen ja k\u00f6mpel\u00f6. Hyv\u00e4ksyn askarteluntuotoksen kyll\u00e4 t\u00e4ysill\u00e4 ja siihen liittyy my\u00f6hemmille ajoille vankkaa muistoarvoa ensimm\u00e4isen\u00e4 v\u00e4rkk\u00e4yksen\u00e4. Lampun varjostinosaan k\u00e4ytin askartelumassaa ja siit\u00e4 tuli hieman iso. Katossa oleva johtosuojus (?) l\u00f6ytyi takavuosien Japaninmatkalta taltioidusta [&hellip;]<\/p>\n","protected":false},"author":1,"featured_media":0,"comment_status":"open","ping_status":"open","sticky":false,"template":"","format":"standard","meta":{"footnotes":""},"categories":[],"tags":[],"class_list":["post-257","post","type-post","status-publish","format-standard","hentry"],"_links":{"self":[{"href":"https:\/\/www.kinanen.fi\/nukkekoti\/wp-json\/wp\/v2\/posts\/257","targetHints":{"allow":["GET"]}}],"collection":[{"href":"https:\/\/www.kinanen.fi\/nukkekoti\/wp-json\/wp\/v2\/posts"}],"about":[{"href":"https:\/\/www.kinanen.fi\/nukkekoti\/wp-json\/wp\/v2\/types\/post"}],"author":[{"embeddable":true,"href":"https:\/\/www.kinanen.fi\/nukkekoti\/wp-json\/wp\/v2\/users\/1"}],"replies":[{"embeddable":true,"href":"https:\/\/www.kinanen.fi\/nukkekoti\/wp-json\/wp\/v2\/comments?post=257"}],"version-history":[{"count":2,"href":"https:\/\/www.kinanen.fi\/nukkekoti\/wp-json\/wp\/v2\/posts\/257\/revisions"}],"predecessor-version":[{"id":261,"href":"https:\/\/www.kinanen.fi\/nukkekoti\/wp-json\/wp\/v2\/posts\/257\/revisions\/261"}],"wp:attachment":[{"href":"https:\/\/www.kinanen.fi\/nukkekoti\/wp-json\/wp\/v2\/media?parent=257"}],"wp:term":[{"taxonomy":"category","embeddable":true,"href":"https:\/\/www.kinanen.fi\/nukkekoti\/wp-json\/wp\/v2\/categories?post=257"},{"taxonomy":"post_tag","embeddable":true,"href":"https:\/\/www.kinanen.fi\/nukkekoti\/wp-json\/wp\/v2\/tags?post=257"}],"curies":[{"name":"wp","href":"https:\/\/api.w.org\/{rel}","templated":true}]}}