{"id":3052,"date":"2011-05-15T15:37:24","date_gmt":"2011-05-15T12:37:24","guid":{"rendered":"http:\/\/kinanen.fi\/wordpress\/?p=3052"},"modified":"2011-05-15T15:45:40","modified_gmt":"2011-05-15T12:45:40","slug":"aamupostilla","status":"publish","type":"post","link":"https:\/\/www.kinanen.fi\/nukkekoti\/aamupostilla\/","title":{"rendered":"Aamupostilla"},"content":{"rendered":"<p>Taas on koittanut sellainen vuodenaika , jolloin Eevert erityisesti nauttii aamuista. Jo varhaisista hetkist\u00e4 alkaen linnun laulavat pihapuissa ja meno \u00e4ityy v\u00e4lill\u00e4 niin riehakkaaksi, ett\u00e4 herkk\u00e4uninen Eevertkin her\u00e4\u00e4 rakastamaansa linnunlauluun. Niin t\u00e4n\u00e4kin aamuna.<\/p>\n<p>Aamukahvit keitetty\u00e4\u00e4n Eevert l\u00e4htee pihalle kurkistelemaan aamutunnelmia.<\/p>\n<p>&nbsp;<\/p>\n<figure id=\"attachment_3053\" aria-describedby=\"caption-attachment-3053\" style=\"width: 500px\" class=\"wp-caption aligncenter\"><a href=\"http:\/\/kinanen.fi\/wordpress\/wp-content\/uploads\/2011\/05\/Posti2.jpg\"><img fetchpriority=\"high\" decoding=\"async\" class=\"size-full wp-image-3053\" title=\"Posti2\" src=\"http:\/\/kinanen.fi\/wordpress\/wp-content\/uploads\/2011\/05\/Posti2.jpg\" alt=\"tervehtij\u00e4 vastassa\" width=\"500\" height=\"369\" \/><\/a><figcaption id=\"caption-attachment-3053\" class=\"wp-caption-text\">Tervehtij\u00e4 vastassa<\/figcaption><\/figure>\n<p>&nbsp;<\/p>\n<p>Talon em\u00e4nt\u00e4kissa siell\u00e4 tuleekin ensimm\u00e4isen\u00e4 vastaan ja ryhtyy hyristellen kiehn\u00e4\u00e4m\u00e4\u00e4n Eevertin jaloissa. Kissa n\u00e4ytt\u00e4\u00e4 oikein hyv\u00e4kuntoiselta, joten se on varmaan y\u00f6n aikana saanut kelpo hiirip\u00e4iv\u00e4llisen. Taitaapa j\u00e4lkiruuaksi kaivata pikkuista kermatilkkaa Eevertin kahvihetken lomassa. Senh\u00e4n kissa varmasti saa, niin hyvin se hommansa vanhassa talossa tekee.<\/p>\n<figure id=\"attachment_3054\" aria-describedby=\"caption-attachment-3054\" style=\"width: 500px\" class=\"wp-caption aligncenter\"><a href=\"http:\/\/kinanen.fi\/wordpress\/wp-content\/uploads\/2011\/05\/Posti.jpg\"><img decoding=\"async\" class=\"size-full wp-image-3054\" title=\"Posti\" src=\"http:\/\/kinanen.fi\/wordpress\/wp-content\/uploads\/2011\/05\/Posti.jpg\" alt=\"Postia laatikossa\" width=\"500\" height=\"423\" \/><\/a><figcaption id=\"caption-attachment-3054\" class=\"wp-caption-text\">Postia laatikossa<\/figcaption><\/figure>\n<p>Kas, n\u00e4ytt\u00e4\u00e4kin Eevertin postilaatikossa olevan jo p\u00e4iv\u00e4n posti. Sanomalehtien lis\u00e4ksi ihan uusi Newsweek-lehtikin. N\u00e4ytt\u00e4\u00e4 olevan ihan kuninkaallisia kannessakin. Taidanpa hetkeksi syventy\u00e4kin kaukaisemman naapurimaan juhlahetkiin.<\/p>\n<p>Pari kirjett\u00e4kin on kolahtanut. Mit\u00e4h\u00e4n ne kaukaa ne ovat tulleet?<\/p>\n<p>Jaa, toinen taitaakin olla kuntoutus kirje. Syksyll\u00e4 Eevert oli toisten merikavereidensa kanssa kuntoutumassa, ihan urheiluopistolla. Sinne sit\u00e4 on n\u00e4\u00e4mm\u00e4 nytkin suunnattava viikoksi. T\u00e4ytyykin muistaa pakata ajoissa! Onkin taas mukava tavata vanhoja merkarhuja ja kuulostella kuulumisia mukavan tekemisen lomassa. Kyll\u00e4 siit\u00e4 varmaan tulee taas ikimuistoinen viikko.<\/p>\n<p>Mutta lehdet ensin.<\/p>\n<figure id=\"attachment_3055\" aria-describedby=\"caption-attachment-3055\" style=\"width: 500px\" class=\"wp-caption aligncenter\"><a href=\"http:\/\/kinanen.fi\/wordpress\/wp-content\/uploads\/2011\/05\/Posti3.jpg\"><img decoding=\"async\" class=\"size-full wp-image-3055\" title=\"Posti3\" src=\"http:\/\/kinanen.fi\/wordpress\/wp-content\/uploads\/2011\/05\/Posti3.jpg\" alt=\"Takapihan penkki\" width=\"500\" height=\"450\" \/><\/a><figcaption id=\"caption-attachment-3055\" class=\"wp-caption-text\">Takapihan penkki<\/figcaption><\/figure>\n<p>&nbsp;<\/p>\n<p>Takapihan aamuaurinkoisella penkill\u00e4 on mukava lueskella. Sinnep\u00e4 Eevert vie aamukahvinsa ja pari voileip\u00e4\u00e4. Pikku Tenhokoirakin on liittynyt miehen seuraan ja toivoo my\u00f6s saavan osansa Eevertin aamupalasta. H\u00e4nt\u00e4 heiluen sekin kieppuu miehen ymp\u00e4rill\u00e4 ja hyppelehtii sinne t\u00e4nne. P\u00f6yt\u00e4kin on v\u00e4lill\u00e4 vaarassa kaatua nuoren innon keskell\u00e4.<\/p>\n<p>&nbsp;<\/p>\n<figure id=\"attachment_3056\" aria-describedby=\"caption-attachment-3056\" style=\"width: 500px\" class=\"wp-caption aligncenter\"><a href=\"http:\/\/kinanen.fi\/wordpress\/wp-content\/uploads\/2011\/05\/Posti4.jpg\"><img loading=\"lazy\" decoding=\"async\" class=\"size-full wp-image-3056\" title=\"Posti4\" src=\"http:\/\/kinanen.fi\/wordpress\/wp-content\/uploads\/2011\/05\/Posti4.jpg\" alt=\"Penkki seinustalla\" width=\"500\" height=\"370\" \/><\/a><figcaption id=\"caption-attachment-3056\" class=\"wp-caption-text\">Penkki seinustalla<\/figcaption><\/figure>\n<p>V\u00e4hitellen on rauha maassa ja kahvikin kupissa. Kissa saanut kermansa ja Tenho makkarapalasensa. Ja viimein mies saa rauhassa istahtaa lukemaan lehti\u00e4 ja kirjeit\u00e4.<\/p>\n<p>Linnut laulavat ja el\u00e4m\u00e4 hetkellisesti tuntuu juuri sellaiselta joka hyv\u00e4ilee miest\u00e4 kaikilla aisteilla.<\/p>\n<p>Vaan mik\u00e4 ihmeen meteli ja kirkuna keskeytt\u00e4\u00e4 auvoisen aamuhetken!? Suhinaa ja m\u00e4iskett\u00e4, l\u00e4tin\u00e4\u00e4 ja s\u00e4ks\u00e4tyst\u00e4. Pienten tassujen juoksua ja k\u00e4sitt\u00e4m\u00e4t\u00f6nt\u00e4 rapinaa. Mist\u00e4 se \u00e4\u00e4ni oikein tulee? Talon takaako?<\/p>\n<p>Ei auta Eevertin muu kuin tallustella toisellepuolelle tutkimaan mik\u00e4 merkillinen \u00e4l\u00e4m\u00f6l\u00f6 on t\u00e4ytt\u00e4nyt seesteisen aamun.<\/p>\n<p>Takapihalta Eevert l\u00f6yt\u00e4\u00e4 pikkukissan, joka taannoin asettui taloksi. Villisti se hyp\u00e4htelee suihkul\u00e4hteen ymp\u00e4rill\u00e4.<\/p>\n<figure id=\"attachment_3058\" aria-describedby=\"caption-attachment-3058\" style=\"width: 500px\" class=\"wp-caption aligncenter\"><a href=\"http:\/\/kinanen.fi\/wordpress\/wp-content\/uploads\/2011\/05\/Manneken-Piss.jpg\"><img loading=\"lazy\" decoding=\"async\" class=\"size-full wp-image-3058\" title=\"Manneken Piss\" src=\"http:\/\/kinanen.fi\/wordpress\/wp-content\/uploads\/2011\/05\/Manneken-Piss.jpg\" alt=\"Kissaa kiinnostaa\" width=\"500\" height=\"486\" \/><\/a><figcaption id=\"caption-attachment-3058\" class=\"wp-caption-text\">Kissaa kiinnostaa<\/figcaption><\/figure>\n<p>Kissa juoksee ympyr\u00e4\u00e4 ja aivan selv\u00e4sti jahtaa jotakin. Lintu se ei ainakaan ole. Ne p\u00e4\u00e4sev\u00e4t t\u00e4lt\u00e4 hurjap\u00e4\u00e4lt\u00e4 viel\u00e4 hyvinkin karkuun. Lintujen juomisallaskin on jalan p\u00e4\u00e4ss\u00e4, joten isoa huolta ei ole my\u00f6hemmink\u00e4\u00e4n lintujen puolesta.<\/p>\n<p>No viimein kissanh\u00e4rn\u00e4\u00e4k\u00e4kin paljastaa itsens\u00e4 my\u00f6s Eevertille. Oravahan se siell\u00e4 pit\u00e4\u00e4 pikkukissaa juoksussa. Eip\u00e4 taida oravakaan muuta kuin lystiksens\u00e4 h\u00e4rn\u00e4ill\u00e4.<\/p>\n<p>Eevert leikkisesti on toruvinaan el\u00e4inyst\u00e4vi\u00e4\u00e4n ja palaa huolettomana takaisin kuninkaallisten h\u00e4iden kertomusta lukemaan.<\/p>\n<figure id=\"attachment_3057\" aria-describedby=\"caption-attachment-3057\" style=\"width: 410px\" class=\"wp-caption aligncenter\"><a href=\"http:\/\/kinanen.fi\/wordpress\/wp-content\/uploads\/2011\/05\/Manneken-Piss2.jpg\"><img loading=\"lazy\" decoding=\"async\" class=\"size-full wp-image-3057\" title=\"Manneken Piss2\" src=\"http:\/\/kinanen.fi\/wordpress\/wp-content\/uploads\/2011\/05\/Manneken-Piss2.jpg\" alt=\"Orava suihkul\u00e4hteess\u00e4\" width=\"410\" height=\"640\" \/><\/a><figcaption id=\"caption-attachment-3057\" class=\"wp-caption-text\">Orava suihkul\u00e4hteess\u00e4<\/figcaption><\/figure>\n<p>Aamu jatkuu rattoisasti ja on niin ihmeen hyv\u00e4 vain olla.<\/p>\n<p>_________________________________________________________________<\/p>\n<p>Talon etupihaa ei ole juuri laitettu viel\u00e4 mitenk\u00e4\u00e4n. Pient\u00e4 alkua, joka l\u00e4hti liikkeelle t\u00e4st\u00e4:<\/p>\n<figure id=\"attachment_3059\" aria-describedby=\"caption-attachment-3059\" style=\"width: 151px\" class=\"wp-caption alignleft\"><a href=\"http:\/\/kinanen.fi\/wordpress\/wp-content\/uploads\/2011\/05\/Avaimenper\u00e4.jpg\"><img loading=\"lazy\" decoding=\"async\" class=\"size-full wp-image-3059\" title=\"Avaimenper\u00e4\" src=\"http:\/\/kinanen.fi\/wordpress\/wp-content\/uploads\/2011\/05\/Avaimenper\u00e4.jpg\" alt=\"Avaimenper\u00e4\" width=\"151\" height=\"142\" \/><\/a><figcaption id=\"caption-attachment-3059\" class=\"wp-caption-text\">Avaimenper\u00e4<\/figcaption><\/figure>\n<p>Ty\u00f6paikan harjoittelijaneitoselta &#8221;kerj\u00e4tty&#8221; avaimenper\u00e4. Kooltaan juuri sopiva Eeverttil\u00e4n ulkovaloksi. Siisp\u00e4 irroittelemaan osia ja tutkailemaan kiven v\u00e4rin l\u00e4hdett\u00e4. V\u00e4ri ei tullut v\u00e4rillisest\u00e4 taustasta, joten sit\u00e4 en saanut muutettua. Eevert onneksi ilahtui saadessaan ovivalon, vaikka se hieman punertaakin.<\/p>\n<p>Ovivalon per\u00e4ss\u00e4 tuli tietenkin paljon muuta pient\u00e4 kasveista ja kalusteista aina postilaatikkoon ja posteihin saakka. Ovesta on astuttu suoraan hyllyn pinnalle, miss\u00e4 talo sijaitsee. Eik\u00e4 etupuolen seinill\u00e4 ole ollut yht\u00e4\u00e4n mit\u00e4\u00e4n viel\u00e4 toistaiseksi.<\/p>\n<p>Kiitos Kiira innoituksen l\u00e4hteest\u00e4.<\/p>\n<p>&nbsp;<\/p>\n<p>Puutarhan suihkul\u00e4hde osui kohdalleni Huuto.netist\u00e4 ja sen kylki\u00e4isen\u00e4 puutarhapenkki. Vai oliko se toisinp\u00e4in? Pissaava poika-patsaaseen lis\u00e4ilin avuttomilla taidoillani &#8221;vett\u00e4&#8221;. Harjotusta vaatii sekin viel\u00e4. On meinaan hieman paksua vett\u00e4. Joku varmaan lis\u00e4nnyt suihkul\u00e4hteeseen liivatetta.<\/p>\n","protected":false},"excerpt":{"rendered":"<p>Taas on koittanut sellainen vuodenaika , jolloin Eevert erityisesti nauttii aamuista. Jo varhaisista hetkist\u00e4 alkaen linnun laulavat pihapuissa ja meno \u00e4ityy v\u00e4lill\u00e4 niin riehakkaaksi, ett\u00e4 herkk\u00e4uninen Eevertkin her\u00e4\u00e4 rakastamaansa linnunlauluun. Niin t\u00e4n\u00e4kin aamuna. Aamukahvit keitetty\u00e4\u00e4n Eevert l\u00e4htee pihalle kurkistelemaan aamutunnelmia. &nbsp; &nbsp; Talon em\u00e4nt\u00e4kissa siell\u00e4 tuleekin ensimm\u00e4isen\u00e4 vastaan ja ryhtyy hyristellen kiehn\u00e4\u00e4m\u00e4\u00e4n Eevertin jaloissa. Kissa [&hellip;]<\/p>\n","protected":false},"author":1,"featured_media":0,"comment_status":"open","ping_status":"open","sticky":false,"template":"","format":"standard","meta":{"footnotes":""},"categories":[],"tags":[],"class_list":["post-3052","post","type-post","status-publish","format-standard","hentry"],"_links":{"self":[{"href":"https:\/\/www.kinanen.fi\/nukkekoti\/wp-json\/wp\/v2\/posts\/3052","targetHints":{"allow":["GET"]}}],"collection":[{"href":"https:\/\/www.kinanen.fi\/nukkekoti\/wp-json\/wp\/v2\/posts"}],"about":[{"href":"https:\/\/www.kinanen.fi\/nukkekoti\/wp-json\/wp\/v2\/types\/post"}],"author":[{"embeddable":true,"href":"https:\/\/www.kinanen.fi\/nukkekoti\/wp-json\/wp\/v2\/users\/1"}],"replies":[{"embeddable":true,"href":"https:\/\/www.kinanen.fi\/nukkekoti\/wp-json\/wp\/v2\/comments?post=3052"}],"version-history":[{"count":10,"href":"https:\/\/www.kinanen.fi\/nukkekoti\/wp-json\/wp\/v2\/posts\/3052\/revisions"}],"predecessor-version":[{"id":3069,"href":"https:\/\/www.kinanen.fi\/nukkekoti\/wp-json\/wp\/v2\/posts\/3052\/revisions\/3069"}],"wp:attachment":[{"href":"https:\/\/www.kinanen.fi\/nukkekoti\/wp-json\/wp\/v2\/media?parent=3052"}],"wp:term":[{"taxonomy":"category","embeddable":true,"href":"https:\/\/www.kinanen.fi\/nukkekoti\/wp-json\/wp\/v2\/categories?post=3052"},{"taxonomy":"post_tag","embeddable":true,"href":"https:\/\/www.kinanen.fi\/nukkekoti\/wp-json\/wp\/v2\/tags?post=3052"}],"curies":[{"name":"wp","href":"https:\/\/api.w.org\/{rel}","templated":true}]}}