{"id":3093,"date":"2011-05-28T17:00:26","date_gmt":"2011-05-28T14:00:26","guid":{"rendered":"http:\/\/kinanen.fi\/wordpress\/?p=3093"},"modified":"2011-05-28T17:13:22","modified_gmt":"2011-05-28T14:13:22","slug":"eteinen-etsii-itseaan","status":"publish","type":"post","link":"https:\/\/www.kinanen.fi\/nukkekoti\/eteinen-etsii-itseaan\/","title":{"rendered":"Eteinen etsii itse\u00e4\u00e4n"},"content":{"rendered":"<p>&nbsp;<\/p>\n<p>Pient\u00e4 puuhailua lauantain ratoksi. Aikaa sitten kesken j\u00e4\u00e4nyt eteinen etsii itse\u00e4\u00e4n. Pitk\u00e4 ja kapea tila on osoittautunut hankalaksi ja mielikuvitus tuntuu olevan jumissa sen kanssa. Tilaan syttyi aikanaan Eeverttil\u00e4n ensimm\u00e4inen valo. Ja siihen se sitten j\u00e4ikin&#8230;<\/p>\n<p>&nbsp;<\/p>\n<figure id=\"attachment_3094\" aria-describedby=\"caption-attachment-3094\" style=\"width: 427px\" class=\"wp-caption aligncenter\"><a href=\"http:\/\/kinanen.fi\/wordpress\/wp-content\/uploads\/2011\/05\/Eteinen.jpg\"><img fetchpriority=\"high\" decoding=\"async\" class=\"size-full wp-image-3094\" title=\"Eteinen\" src=\"http:\/\/kinanen.fi\/wordpress\/wp-content\/uploads\/2011\/05\/Eteinen.jpg\" alt=\"Kurskistus ovesta\" width=\"427\" height=\"640\" \/><\/a><figcaption id=\"caption-attachment-3094\" class=\"wp-caption-text\">Kurskistus ovesta<\/figcaption><\/figure>\n<p>&nbsp;<\/p>\n<p>Vaan kun on ovenpielt\u00e4kin saatu hieman ilmeikk\u00e4\u00e4mm\u00e4ksi, niin onhan oven taaksekin syyt\u00e4 saada jotakin mik\u00e4 sielt\u00e4 n\u00e4kyy. Aikaisemmin eteiseen on syntynyt naulakko, <a href=\"http:\/\/peikkoneidintarinat.blogspot.com\/\" target=\"_blank\">Peikkoneidin<\/a> koukkujen avulla. Samalla kertaa <a title=\"Tein sitten hankinnan\" href=\"http:\/\/kinanen.fi\/wordpress\/?p=2398\" target=\"_blank\">sahailin<\/a> penkkej\u00e4 ja muuta pient\u00e4 tarvittavaa. Mielenkiinoisen v\u00e4risen maalinkin sekoittelin.<\/p>\n<p>&nbsp;<\/p>\n<figure id=\"attachment_3095\" aria-describedby=\"caption-attachment-3095\" style=\"width: 475px\" class=\"wp-caption aligncenter\"><a href=\"http:\/\/kinanen.fi\/wordpress\/wp-content\/uploads\/2011\/05\/Eteinen2.jpg\"><img decoding=\"async\" class=\"size-full wp-image-3095\" title=\"Eteinen2\" src=\"http:\/\/kinanen.fi\/wordpress\/wp-content\/uploads\/2011\/05\/Eteinen2.jpg\" alt=\"Sis\u00e4lle vaan\" width=\"475\" height=\"640\" \/><\/a><figcaption id=\"caption-attachment-3095\" class=\"wp-caption-text\">Sis\u00e4lle vaan<\/figcaption><\/figure>\n<p>&nbsp;<\/p>\n<p>Jokin kaapintapainen piti eteiseen saada. Minne Eevert muuten laittaisi ty\u00f6kalujaan tai petroolipullojaan. Omaan tapaani piirustuksia syntyi ehk\u00e4 ennemminkin per\u00e4st\u00e4 p\u00e4in ja luovan intuition varassa valmistui ensin kaapin yl\u00e4osan hyllyt. Siell\u00e4 ne lojuivat eteisen lattialla reilun kuukauden ennenkuin alaosan tekeminen k\u00e4vi edes mieless\u00e4. V\u00e4ri arvelutti hieman, koska Eevertill\u00e4 on melko tummas\u00e4vyist\u00e4 kaikki muu. No ehk\u00e4 n\u00e4m\u00e4 ovat iso\u00e4idin peruja ja vanhan kyl\u00e4timpurin aikaansaannoksia koristeineen p\u00e4ivineen.<\/p>\n<p>&nbsp;<\/p>\n<figure id=\"attachment_3096\" aria-describedby=\"caption-attachment-3096\" style=\"width: 500px\" class=\"wp-caption aligncenter\"><a href=\"http:\/\/kinanen.fi\/wordpress\/wp-content\/uploads\/2011\/05\/Eteinen4.jpg\"><img decoding=\"async\" class=\"size-full wp-image-3096\" title=\"Eteinen4\" src=\"http:\/\/kinanen.fi\/wordpress\/wp-content\/uploads\/2011\/05\/Eteinen4.jpg\" alt=\"Hyllyt\" width=\"500\" height=\"455\" \/><\/a><figcaption id=\"caption-attachment-3096\" class=\"wp-caption-text\">Hyllyt<\/figcaption><\/figure>\n<p>&nbsp;<\/p>\n<p>Hyllyilt\u00e4 l\u00f6ytyykin paljon tarpeellista ja sinne j\u00e4\u00e4nytt\u00e4. Vanha noitarumpukin on l\u00f6yt\u00e4nyt paikkansa takasein\u00e4n naulasta. Mist\u00e4 lie sekin kulkeutunut taloon. Vaari olikin ahkera lapink\u00e4vij\u00e4, olisiko h\u00e4nen matkoiltaan tullut tuliaisina. Melkoinen velho se oli vaarikin. On varmaan kokenut syv\u00e4\u00e4 yhteytt\u00e4 lapinmaan shamaanin kanssa. Kertovat kyll\u00e4, ett\u00e4 er\u00e4\u00e4ll\u00e4 retkell\u00e4\u00e4n sai ihan lapinkasteenkin varsinaiselta lapinmiehelt\u00e4, joka osoittautuikin ranskalaiseksi. Hyvin osasi nokipannukahvitkin keitt\u00e4\u00e4 ja kuksat asianmukaisesti vihki\u00e4. Melkoisen hvyin oli roolinsa opetellut kun vieraat eiv\u00e4t ep\u00e4illeet hetke\u00e4k\u00e4\u00e4n kastajansa syntyper\u00e4\u00e4.<\/p>\n<p>&nbsp;<\/p>\n<figure id=\"attachment_3097\" aria-describedby=\"caption-attachment-3097\" style=\"width: 427px\" class=\"wp-caption aligncenter\"><a href=\"http:\/\/kinanen.fi\/wordpress\/wp-content\/uploads\/2011\/05\/Eteinen7.jpg\"><img loading=\"lazy\" decoding=\"async\" class=\"size-full wp-image-3097\" title=\"Eteinen7\" src=\"http:\/\/kinanen.fi\/wordpress\/wp-content\/uploads\/2011\/05\/Eteinen7.jpg\" alt=\"V\u00e4kipy\u00f6r\u00e4 vai pylpyr\u00e4?\" width=\"427\" height=\"640\" \/><\/a><figcaption id=\"caption-attachment-3097\" class=\"wp-caption-text\">V\u00e4kipy\u00f6r\u00e4, ploki vai pylpyr\u00e4?<\/figcaption><\/figure>\n<p>&nbsp;<\/p>\n<p>Vanha pylpyr\u00e4kin on l\u00f6yt\u00e4nyt paikkansa hyllyss\u00e4. Mahtaakohan se olla per\u00e4isin Eevertin vanhasta laivasta? Niit\u00e4h\u00e4n laivoista l\u00f6ytyi jos jotakin kokoa eri tarpeisiin. Taitaapa siit\u00e4 olla hy\u00f6ty\u00e4 monissa maatalonkin puuhissa. Aina jotakin pit\u00e4\u00e4 nostaa tai kannatella vaikkapa ullakolta alas ja yl\u00f6s.<\/p>\n<p>&nbsp;<\/p>\n<figure id=\"attachment_3098\" aria-describedby=\"caption-attachment-3098\" style=\"width: 421px\" class=\"wp-caption aligncenter\"><a href=\"http:\/\/kinanen.fi\/wordpress\/wp-content\/uploads\/2011\/05\/Eteinen6.jpg\"><img loading=\"lazy\" decoding=\"async\" class=\"size-full wp-image-3098\" title=\"Eteinen6\" src=\"http:\/\/kinanen.fi\/wordpress\/wp-content\/uploads\/2011\/05\/Eteinen6.jpg\" alt=\"Vanha kaappi\" width=\"421\" height=\"640\" \/><\/a><figcaption id=\"caption-attachment-3098\" class=\"wp-caption-text\">Vanha kaappi<\/figcaption><\/figure>\n<p>&nbsp;<\/p>\n<p>Siin\u00e4 se nyt on. Lintallaan ja kallellaan v\u00e4h\u00e4n sinne ja t\u00e4nne. No, ompahan kuitenkin. Puuleikkaukset ovissa sensijaan ovat mallikkaat ja taattua Tiimari-laatua \ud83d\ude09<\/p>\n<p>&nbsp;<\/p>\n<figure id=\"attachment_3105\" aria-describedby=\"caption-attachment-3105\" style=\"width: 447px\" class=\"wp-caption aligncenter\"><a href=\"http:\/\/kinanen.fi\/wordpress\/wp-content\/uploads\/2011\/05\/Eteinen1.jpg\"><img loading=\"lazy\" decoding=\"async\" class=\"size-full wp-image-3105\" title=\"Eteinen1\" src=\"http:\/\/kinanen.fi\/wordpress\/wp-content\/uploads\/2011\/05\/Eteinen1.jpg\" alt=\"Eteinen\" width=\"447\" height=\"640\" \/><\/a><figcaption id=\"caption-attachment-3105\" class=\"wp-caption-text\">Eteinen t\u00e4n\u00e4\u00e4n<\/figcaption><\/figure>\n<p>Eteisen kokonaiskuvaaminen on my\u00f6s haasteellista. T\u00e4mm\u00f6ist\u00e4 tuli t\u00e4n\u00e4\u00e4n.<\/p>\n<p>Eevertin k\u00e4velykepit ovat saaneet vanhan kirnun s\u00e4ilytyspaikakseen. Kirnu on syntynyt hammastikuista ja pahvista. Hienoista pinnoitus\/maalausongelmaa syntyi siin\u00e4kin, joten projekti pinnan osalta jatkuu.<\/p>\n<p>Eteisen oikeanpuoleinen ovi johtaa Eevertin makuukamariin ja vasemman puoleinen saunaan. Ja saunahan on Eevertin lempipaikkoja, joten eik\u00f6h\u00e4n kaikki siskot ja veikot ryhdyt\u00e4 lauantaisaunan l\u00e4mmitt\u00e4miseen.<\/p>\n<p>&nbsp;<\/p>\n<figure id=\"attachment_3100\" aria-describedby=\"caption-attachment-3100\" style=\"width: 500px\" class=\"wp-caption aligncenter\"><a href=\"http:\/\/kinanen.fi\/wordpress\/wp-content\/uploads\/2011\/05\/Sauna_eteinen.jpg\"><img loading=\"lazy\" decoding=\"async\" class=\"size-full wp-image-3100\" title=\"Sauna_eteinen\" src=\"http:\/\/kinanen.fi\/wordpress\/wp-content\/uploads\/2011\/05\/Sauna_eteinen.jpg\" alt=\"Saunaan mielii mies\" width=\"500\" height=\"565\" \/><\/a><figcaption id=\"caption-attachment-3100\" class=\"wp-caption-text\">Saunaan mielii mies<\/figcaption><\/figure>\n<p>Siell\u00e4 tuli iloisesti ritisee pes\u00e4ss\u00e4 ja l\u00e4mmitt\u00e4\u00e4 kiukaan leppeisiin l\u00f6ylyihin j\u00e4lleen kerran.<\/p>\n<p>&nbsp;<\/p>\n","protected":false},"excerpt":{"rendered":"<p>&nbsp; Pient\u00e4 puuhailua lauantain ratoksi. Aikaa sitten kesken j\u00e4\u00e4nyt eteinen etsii itse\u00e4\u00e4n. Pitk\u00e4 ja kapea tila on osoittautunut hankalaksi ja mielikuvitus tuntuu olevan jumissa sen kanssa. Tilaan syttyi aikanaan Eeverttil\u00e4n ensimm\u00e4inen valo. Ja siihen se sitten j\u00e4ikin&#8230; &nbsp; &nbsp; Vaan kun on ovenpielt\u00e4kin saatu hieman ilmeikk\u00e4\u00e4mm\u00e4ksi, niin onhan oven taaksekin syyt\u00e4 saada jotakin mik\u00e4 sielt\u00e4 [&hellip;]<\/p>\n","protected":false},"author":1,"featured_media":0,"comment_status":"open","ping_status":"open","sticky":false,"template":"","format":"standard","meta":{"footnotes":""},"categories":[],"tags":[],"class_list":["post-3093","post","type-post","status-publish","format-standard","hentry"],"_links":{"self":[{"href":"https:\/\/www.kinanen.fi\/nukkekoti\/wp-json\/wp\/v2\/posts\/3093","targetHints":{"allow":["GET"]}}],"collection":[{"href":"https:\/\/www.kinanen.fi\/nukkekoti\/wp-json\/wp\/v2\/posts"}],"about":[{"href":"https:\/\/www.kinanen.fi\/nukkekoti\/wp-json\/wp\/v2\/types\/post"}],"author":[{"embeddable":true,"href":"https:\/\/www.kinanen.fi\/nukkekoti\/wp-json\/wp\/v2\/users\/1"}],"replies":[{"embeddable":true,"href":"https:\/\/www.kinanen.fi\/nukkekoti\/wp-json\/wp\/v2\/comments?post=3093"}],"version-history":[{"count":5,"href":"https:\/\/www.kinanen.fi\/nukkekoti\/wp-json\/wp\/v2\/posts\/3093\/revisions"}],"predecessor-version":[{"id":3102,"href":"https:\/\/www.kinanen.fi\/nukkekoti\/wp-json\/wp\/v2\/posts\/3093\/revisions\/3102"}],"wp:attachment":[{"href":"https:\/\/www.kinanen.fi\/nukkekoti\/wp-json\/wp\/v2\/media?parent=3093"}],"wp:term":[{"taxonomy":"category","embeddable":true,"href":"https:\/\/www.kinanen.fi\/nukkekoti\/wp-json\/wp\/v2\/categories?post=3093"},{"taxonomy":"post_tag","embeddable":true,"href":"https:\/\/www.kinanen.fi\/nukkekoti\/wp-json\/wp\/v2\/tags?post=3093"}],"curies":[{"name":"wp","href":"https:\/\/api.w.org\/{rel}","templated":true}]}}