{"id":3142,"date":"2011-06-12T11:09:29","date_gmt":"2011-06-12T08:09:29","guid":{"rendered":"http:\/\/kinanen.fi\/wordpress\/?p=3142"},"modified":"2011-06-12T11:38:56","modified_gmt":"2011-06-12T08:38:56","slug":"retkipaiva","status":"publish","type":"post","link":"https:\/\/www.kinanen.fi\/nukkekoti\/retkipaiva\/","title":{"rendered":"Retkip\u00e4iv\u00e4"},"content":{"rendered":"<p>Helteinen kes\u00e4p\u00e4iv\u00e4 houkutteli Eevertin ulos.<\/p>\n<p>Pienimuotoinen kotimaanmatkailu on aina miehelle mieleen. Monet paikat onkin tullut kolutuksi. Lapsuus ja nuoruusvuosina perheen kanssa pakattiin el\u00e4m\u00e4 kasseihin ja muistoihin sy\u00f6pyneen Sopu-kupoliteltan kanssa tehtiin yksi jos toinenkin kes\u00e4reissu. Autoa perheell\u00e4 ei ollut joten linja-autot, l\u00e4tt\u00e4hatut ja sis\u00e4vesilaivat palvelivat retkel\u00e4isi\u00e4 erinomaisesti. Oli ne aikoja ne!<\/p>\n<p>Nyt Eevert otti auton k\u00e4ytt\u00f6\u00f6ns\u00e4 ja ajeli kes\u00e4teit\u00e4 hieman sinne ja t\u00e4nne. Pys\u00e4htyi kun kohtasi mielenkiintoisen paikan ja ihasteli j\u00e4lleen kerran eteen avautuvaa historian ja kulttuurin tulvaa.<\/p>\n<figure id=\"attachment_3145\" aria-describedby=\"caption-attachment-3145\" style=\"width: 499px\" class=\"wp-caption aligncenter\"><a href=\"http:\/\/kinanen.fi\/wordpress\/wp-content\/uploads\/2011\/06\/Inkoo2.jpg\"><img fetchpriority=\"high\" decoding=\"async\" class=\"size-full wp-image-3145\" title=\"Inkoo2\" src=\"http:\/\/kinanen.fi\/wordpress\/wp-content\/uploads\/2011\/06\/Inkoo2.jpg\" alt=\"Inkoon kirkolla\" width=\"499\" height=\"392\" \/><\/a><figcaption id=\"caption-attachment-3145\" class=\"wp-caption-text\">Inkoon kirkonm\u00e4ell\u00e4<\/figcaption><\/figure>\n<p>Ensimm\u00e4inen pys\u00e4hdys oli Inkoossa. Inkoo on miehelle nuorukaisajoilta hyvinkin tuttu, sill\u00e4 Eevertin kes\u00e4ty\u00f6t osuivat Inkoon saaristoon. Merenkulun alkeita h\u00e4n sai silloin opetella aivan aakkosista, kun nuori mies laitettiin ison moottoriveneen ohjaimiin hoitamaan saarelaisten tarpeita. Liek\u00f6 merikipin\u00e4 silloin j\u00e4tt\u00e4nyt jo kauaskantoiset vaikuttimet?<\/p>\n<p>Inkosssa Eevert suuntasi tiens\u00e4 vanhaan komeaan kirkkoon. Kirkko on hyvin vanha, ensimm\u00e4iset osat siit\u00e4 ulottuvat 1200-luvulle saakka. Jo kirkkoa katsellessa hiljenee. Mit\u00e4 kaikkea nuo muurit ovatkaan saaneet kokea ja el\u00e4\u00e4 vuosisatojen saatossa. Pieni on ihmisen taival sen rinnalla. Kellotapulin paanukatto oli korjauksen alla, mutta muuten niin kirkko kuin ymp\u00e4rist\u00f6kin arvonsamukaisessa kunnossa.<\/p>\n<figure id=\"attachment_3146\" aria-describedby=\"caption-attachment-3146\" style=\"width: 500px\" class=\"wp-caption aligncenter\"><a href=\" http:\/\/www.kolumbus.fi\/jamikko\/Purjelaivat_Grace%20Harwar.htm\" target=\"_blank\"><img decoding=\"async\" class=\"size-full wp-image-3146\" title=\"inkoonkirkko002\" src=\"http:\/\/kinanen.fi\/wordpress\/wp-content\/uploads\/2011\/06\/inkoonkirkko002.jpg\" alt=\"Kirkkolaiva\" width=\"500\" height=\"333\" \/><\/a><figcaption id=\"caption-attachment-3146\" class=\"wp-caption-text\">Kirkkolaiva<\/figcaption><\/figure>\n<p>&nbsp;<\/p>\n<p>Inkoon keskiaikainen harmaakivikirkko on omistettu merenkulkijoiden  suojeluspyhimykselle, Pyh\u00e4lle Nikolaukselle. Kirkon kattoon onkin kiinnitetty yksi Suomen 200 kirkkolaivasta tai votiivilaivasta. Sen keula osoittaa alttarille ja on merkkin\u00e4 siit\u00e4 ett\u00e4 seurakunta kulkee kohti valoa. Laiva on kuva seurakunnasta, joka on  matkalla. Nyky\u00e4\u00e4n laiva  symboloi my\u00f6s kirkkojen  yhteysliikett\u00e4 eli ekumeniaa.<\/p>\n<div id=\"ingressi\">Laivojen pienoismallit on lahjoitettu kirkkoon usein kiitokseksi onnistuneesta merimatkasta tai merih\u00e4d\u00e4ss\u00e4  saadusta avusta. Niiden \u00e4\u00e4rell\u00e4 muistetaan hukkuneita ja rukoillaan  matkoilla olevien puolesta.<\/div>\n<div>.<\/div>\n<div><span style=\"color: #ffcc99;\">Kuvaa klikkaamalla p\u00e4\u00e4set tutustumaan juuri t\u00e4m\u00e4n laivan esikuvan tarinaan.<\/span><\/div>\n<div><span style=\"color: #ffcc99;\">.<br \/>\n<\/span><\/div>\n<div>\n<figure id=\"attachment_3166\" aria-describedby=\"caption-attachment-3166\" style=\"width: 501px\" class=\"wp-caption aligncenter\"><a href=\"http:\/\/kinanen.fi\/wordpress\/wp-content\/uploads\/2011\/06\/inkoonkirkko0041.jpg\"><img decoding=\"async\" class=\"size-full wp-image-3166\" title=\"inkoonkirkko004\" src=\"http:\/\/kinanen.fi\/wordpress\/wp-content\/uploads\/2011\/06\/inkoonkirkko0041.jpg\" alt=\"Kuolemantanssin jatkoa\" width=\"501\" height=\"328\" \/><\/a><figcaption id=\"caption-attachment-3166\" class=\"wp-caption-text\">Kuolemantanssi<\/figcaption><\/figure>\n<\/div>\n<p>Kirkon kalleuksiin kuuluu mm 1400-luvun lopun sein\u00e4maalaukset. Harvinanen  sein\u00e4maalaus, Kuolemantanssi, kuvaa  mustan surman tuhoja. Maalaus onkin Suomen ainoa s\u00e4ilynyt aiheeseen liittyv\u00e4 kuvaelma.<\/p>\n<div class=\"mceTemp mceIEcenter\">\n<p>&nbsp;<\/p>\n<dl id=\"attachment_3147\" class=\"wp-caption aligncenter\" style=\"width: 511px;\">\n<dt class=\"wp-caption-dt\"><a href=\"http:\/\/kinanen.fi\/wordpress\/wp-content\/uploads\/2011\/06\/inkoonkirkko005.jpg\"><img loading=\"lazy\" decoding=\"async\" class=\"size-full wp-image-3147\" title=\"inkoonkirkko005\" src=\"http:\/\/kinanen.fi\/wordpress\/wp-content\/uploads\/2011\/06\/inkoonkirkko005.jpg\" alt=\"Kuolemantanssi\" width=\"501\" height=\"332\" \/><\/a><\/dt>\n<dd class=\"wp-caption-dd\">Kuolemantanssin jatkoa <\/dd>\n<\/dl>\n<\/div>\n<p>&nbsp;<\/p>\n<p>Kuolemantanssi koostuu ruumiillistuneesta kuolemasta, joka johtaa riviss\u00e4 tanssivia hahmoja hautaan. Usein hautaan matkalla olevassa kulkueessa esiintyy kaikenlaisia ihmisi\u00e4 &#8211; kuninkaita, paaveja, munkkeja, nuoria, maaty\u00f6l\u00e4isi\u00e4 yms. Se on symbolinen kuva siit\u00e4, ett\u00e4 kuolemassa kaikki ovat samanarvoisia.<\/p>\n<p>&nbsp;<\/p>\n<figure id=\"attachment_3164\" aria-describedby=\"caption-attachment-3164\" style=\"width: 500px\" class=\"wp-caption aligncenter\"><a href=\"http:\/\/kinanen.fi\/wordpress\/wp-content\/uploads\/2011\/06\/inkoonkirkko001-1.jpg\"><img loading=\"lazy\" decoding=\"async\" class=\"size-full wp-image-3164\" title=\"inkoonkirkko001-1\" src=\"http:\/\/kinanen.fi\/wordpress\/wp-content\/uploads\/2011\/06\/inkoonkirkko001-1.jpg\" alt=\"Kirkkotarha\" width=\"500\" height=\"333\" \/><\/a><figcaption id=\"caption-attachment-3164\" class=\"wp-caption-text\">Seesteinen kirkkotarha<\/figcaption><\/figure>\n<p>Inkoosta kes\u00e4retki jatkui Mustion kartanolle. Sinne liittyy my\u00f6s muutamia nuorukaisaikaisia muistoja. Olipa nuori Eevert melontaretkell\u00e4 toisten nuorukaisten kanssa pitkin Mustionjokea. Kuuma kes\u00e4p\u00e4iv\u00e4 oli sekin. Aivan kartanon tuntumassa kanotoijat osuivat pienelle lammentyyppiselle joen osuudelle. Er\u00e4s asukas huomautti ensimm\u00e4isille melojille harvinaisista vaaleanpunaisista lumpeista, jotka ovat rauhoitettuja. Retkikunta lupasi menn\u00e4 niiden kolmen kukan ohi varovasti ja kunnioittaen. Viimeinen meloja ei t\u00e4t\u00e4 kuullut. P\u00e4\u00e4sty\u00e4mme seuraavalle pys\u00e4htymispaikalle nuorukainen esittelikin k\u00e4dess\u00e4\u00e4n olevaa lummetta, joka oli ollut erilainen ja jonka poimi muille n\u00e4ht\u00e4v\u00e4ksi.\u00a0 Rauhoitettuja lumpeita oli siis yksi v\u00e4hemm\u00e4n. Nolotti.<\/p>\n<figure id=\"attachment_3148\" aria-describedby=\"caption-attachment-3148\" style=\"width: 500px\" class=\"wp-caption aligncenter\"><a href=\"http:\/\/kinanen.fi\/wordpress\/wp-content\/uploads\/2011\/06\/Mustio.jpg\"><img loading=\"lazy\" decoding=\"async\" class=\"size-full wp-image-3148\" title=\"Mustio\" src=\"http:\/\/kinanen.fi\/wordpress\/wp-content\/uploads\/2011\/06\/Mustio.jpg\" alt=\"Mustion linna\" width=\"500\" height=\"402\" \/><\/a><figcaption id=\"caption-attachment-3148\" class=\"wp-caption-text\">Mustion linna<\/figcaption><\/figure>\n<p>Mustion kartanon historia ulottuu 1600-luvulle. Nykyinen p\u00e4\u00e4rakennus rakennettiin  1783-1792. Kertomusten mukaan kartano on Suomen ensimm\u00e4inen talo  johon on rakennettu kaksoislasi-ikkunat. Edistyksellinen paikka. Kartanon on alkujaan ollut yksitysasunto. On siell\u00e4 ollut tilaa lasten juosta ja leikki\u00e4!<\/p>\n<p>Jokaisessa kunnon kartanossa ja linnassa on oma kummitus. Niin Mustiossakin! Moni kertoo n\u00e4hneens\u00e4 linnan kolmannen kerroksen ikkunoissa liikkuvan naisen, vaikka siell\u00e4 ei olisi todistettavasti ket\u00e4\u00e4n kulkenutkaan.<\/p>\n<p>Kerrotaan, ett\u00e4 1700-luvulla oli vanhempi  romaninainen yritt\u00e4nyt saada kartanosta suojaa ja peseytymispaikan  kylm\u00e4n\u00e4 ja sateisena y\u00f6n\u00e4. Sit\u00e4 ei oltu naiselle annettu, joten  romaninainen kirosi kartanon. Siell\u00e4 h\u00e4n siis edelleen kuljeskeli ja aneli kovalta kartanonherralta y\u00f6sijaa ja suojaa.<\/p>\n<figure id=\"attachment_3149\" aria-describedby=\"caption-attachment-3149\" style=\"width: 427px\" class=\"wp-caption aligncenter\"><a href=\"http:\/\/kinanen.fi\/wordpress\/wp-content\/uploads\/2011\/06\/Mustio2.jpg\"><img loading=\"lazy\" decoding=\"async\" class=\"size-full wp-image-3149 \" title=\"Mustio2\" src=\"http:\/\/kinanen.fi\/wordpress\/wp-content\/uploads\/2011\/06\/Mustio2.jpg\" alt=\"Porejuoma\" width=\"427\" height=\"640\" \/><\/a><figcaption id=\"caption-attachment-3149\" class=\"wp-caption-text\">Porejuoma<\/figcaption><\/figure>\n<p>Helteinen p\u00e4iv\u00e4 ohjasi Eevertin jokirantaan ja porejuomalle. Kyll\u00e4 olikin virkist\u00e4v\u00e4 paikka ja palvelussakaan ei ollut huomauttamisen sanaa. Siell\u00e4 olisi viihtynyt pidemp\u00e4\u00e4nkin.<\/p>\n<p>Kaunis ymp\u00e4rist\u00f6 houkutteli kuitenkin miehen viel\u00e4 kiertelem\u00e4\u00e4n puistossa. Siell\u00e4 olikin paljon n\u00e4ht\u00e4v\u00e4\u00e4 ja koettavaa. Oli patsaspolkua ja lummepolkua (eiv\u00e4t kukkineet, joten v\u00e4ri\u00e4 ei tied\u00e4..)<\/p>\n<figure id=\"attachment_3151\" aria-describedby=\"caption-attachment-3151\" style=\"width: 501px\" class=\"wp-caption aligncenter\"><a href=\"http:\/\/kinanen.fi\/wordpress\/wp-content\/uploads\/2011\/06\/Mustio3.jpg\"><img loading=\"lazy\" decoding=\"async\" class=\"size-full wp-image-3151\" title=\"Mustio3\" src=\"http:\/\/kinanen.fi\/wordpress\/wp-content\/uploads\/2011\/06\/Mustio3.jpg\" alt=\"Silta\" width=\"501\" height=\"344\" \/><\/a><figcaption id=\"caption-attachment-3151\" class=\"wp-caption-text\">Silta<\/figcaption><\/figure>\n<p>Kaunis puusilta johdatteli kulkijan er\u00e4\u00e4lle alueen useista huvimajoista. Hyv\u00e4 olikin v\u00e4lill\u00e4 v\u00e4h\u00e4n pys\u00e4hdell\u00e4 ja tuumailla el\u00e4m\u00e4n autuutta, joutilasta oloa ja mahdollisuutta vain olla ja katsella kaikkea kaunista.<\/p>\n<figure id=\"attachment_3152\" aria-describedby=\"caption-attachment-3152\" style=\"width: 427px\" class=\"wp-caption aligncenter\"><a href=\"http:\/\/kinanen.fi\/wordpress\/wp-content\/uploads\/2011\/06\/Mustio4.jpg\"><img loading=\"lazy\" decoding=\"async\" class=\"size-full wp-image-3152\" title=\"Mustio4\" src=\"http:\/\/kinanen.fi\/wordpress\/wp-content\/uploads\/2011\/06\/Mustio4.jpg\" alt=\"Patsastelua\" width=\"427\" height=\"640\" \/><\/a><figcaption id=\"caption-attachment-3152\" class=\"wp-caption-text\">Patsastelua<\/figcaption><\/figure>\n<p>Miehen mieleist\u00e4 kauneutta l\u00f6ytyikin jokapaikasta.<\/p>\n<p>__________________________________________________________________________<\/p>\n<p>Siipalla on jo melkoinen kokoelma kuvaajakuvia! Minun puuhasteluni jaksaa jatkuvasti huvittaa ja innoittaa. Keskityin kirkossa niin tarkasti pikkumiehen kanssa kuvailemiseen, ett\u00e4 sain t\u00e4h\u00e4n artikkeliin lainata Siipalta itse sis\u00e4kuvat maalauksesta ja laivasta sek\u00e4 seesteisen kirkkotarhan \ud83d\ude09<\/p>\n<figure id=\"attachment_3153\" aria-describedby=\"caption-attachment-3153\" style=\"width: 498px\" class=\"wp-caption aligncenter\"><a href=\"http:\/\/kinanen.fi\/wordpress\/wp-content\/uploads\/2011\/06\/inkoonkirkko003.jpg\"><img loading=\"lazy\" decoding=\"async\" class=\"size-full wp-image-3153\" title=\"inkoonkirkko003\" src=\"http:\/\/kinanen.fi\/wordpress\/wp-content\/uploads\/2011\/06\/inkoonkirkko003.jpg\" alt=\"Kuvaaja ty\u00f6ss\u00e4\u00e4n\" width=\"498\" height=\"332\" \/><\/a><figcaption id=\"caption-attachment-3153\" class=\"wp-caption-text\">Kuvaaja ty\u00f6ss\u00e4\u00e4n<\/figcaption><\/figure>\n<p style=\"text-align: center;\">Enk\u00e4 kelpuuttanut yht\u00e4k\u00e4\u00e4n sis\u00e4kuvaa yleiseen jakoon. Ett\u00e4 semmosta j\u00e4lke\u00e4 t\u00e4ll\u00e4 kertaa.<\/p>\n<p>&nbsp;<\/p>\n","protected":false},"excerpt":{"rendered":"<p>Helteinen kes\u00e4p\u00e4iv\u00e4 houkutteli Eevertin ulos. Pienimuotoinen kotimaanmatkailu on aina miehelle mieleen. Monet paikat onkin tullut kolutuksi. Lapsuus ja nuoruusvuosina perheen kanssa pakattiin el\u00e4m\u00e4 kasseihin ja muistoihin sy\u00f6pyneen Sopu-kupoliteltan kanssa tehtiin yksi jos toinenkin kes\u00e4reissu. Autoa perheell\u00e4 ei ollut joten linja-autot, l\u00e4tt\u00e4hatut ja sis\u00e4vesilaivat palvelivat retkel\u00e4isi\u00e4 erinomaisesti. Oli ne aikoja ne! Nyt Eevert otti auton k\u00e4ytt\u00f6\u00f6ns\u00e4 [&hellip;]<\/p>\n","protected":false},"author":1,"featured_media":0,"comment_status":"open","ping_status":"open","sticky":false,"template":"","format":"standard","meta":{"footnotes":""},"categories":[],"tags":[],"class_list":["post-3142","post","type-post","status-publish","format-standard","hentry"],"_links":{"self":[{"href":"https:\/\/www.kinanen.fi\/nukkekoti\/wp-json\/wp\/v2\/posts\/3142","targetHints":{"allow":["GET"]}}],"collection":[{"href":"https:\/\/www.kinanen.fi\/nukkekoti\/wp-json\/wp\/v2\/posts"}],"about":[{"href":"https:\/\/www.kinanen.fi\/nukkekoti\/wp-json\/wp\/v2\/types\/post"}],"author":[{"embeddable":true,"href":"https:\/\/www.kinanen.fi\/nukkekoti\/wp-json\/wp\/v2\/users\/1"}],"replies":[{"embeddable":true,"href":"https:\/\/www.kinanen.fi\/nukkekoti\/wp-json\/wp\/v2\/comments?post=3142"}],"version-history":[{"count":18,"href":"https:\/\/www.kinanen.fi\/nukkekoti\/wp-json\/wp\/v2\/posts\/3142\/revisions"}],"predecessor-version":[{"id":3155,"href":"https:\/\/www.kinanen.fi\/nukkekoti\/wp-json\/wp\/v2\/posts\/3142\/revisions\/3155"}],"wp:attachment":[{"href":"https:\/\/www.kinanen.fi\/nukkekoti\/wp-json\/wp\/v2\/media?parent=3142"}],"wp:term":[{"taxonomy":"category","embeddable":true,"href":"https:\/\/www.kinanen.fi\/nukkekoti\/wp-json\/wp\/v2\/categories?post=3142"},{"taxonomy":"post_tag","embeddable":true,"href":"https:\/\/www.kinanen.fi\/nukkekoti\/wp-json\/wp\/v2\/tags?post=3142"}],"curies":[{"name":"wp","href":"https:\/\/api.w.org\/{rel}","templated":true}]}}