{"id":3184,"date":"2011-06-17T19:31:40","date_gmt":"2011-06-17T16:31:40","guid":{"rendered":"http:\/\/kinanen.fi\/wordpress\/?p=3184"},"modified":"2011-06-18T05:11:46","modified_gmt":"2011-06-18T02:11:46","slug":"muuttuva-maisema","status":"publish","type":"post","link":"https:\/\/www.kinanen.fi\/nukkekoti\/muuttuva-maisema\/","title":{"rendered":"Muuttuva maisema"},"content":{"rendered":"<figure id=\"attachment_3185\" aria-describedby=\"caption-attachment-3185\" style=\"width: 499px\" class=\"wp-caption aligncenter\"><a href=\"http:\/\/kinanen.fi\/wordpress\/wp-content\/uploads\/2011\/06\/Alpen.jpg\"><img fetchpriority=\"high\" decoding=\"async\" class=\"size-full wp-image-3185\" title=\"Alpen\" src=\"http:\/\/kinanen.fi\/wordpress\/wp-content\/uploads\/2011\/06\/Alpen.jpg\" alt=\"Maisema\" width=\"499\" height=\"374\" \/><\/a><figcaption id=\"caption-attachment-3185\" class=\"wp-caption-text\">Maisema<\/figcaption><\/figure>\n<p>Eevertin mieli on jo kiirinyt kauas pois -raikkaisiin tuuliin ja avaraan maisemaan. Odotusta ja valmistautumista. Pakkaamista ja tuumaamista, ett\u00e4 viel\u00e4k\u00f6h\u00e4n tuonkin ottaisi mukaansa ja pakkaisi reppuunsa.<\/p>\n<p>Eevert palaa pian raportoimaan kokemuksiaan oman maailmansa ihmeist\u00e4.<\/p>\n<p>&nbsp;<\/p>\n<p>ps. Ai niin, onhan Eevertill\u00e4 my\u00f6s omassa pihassa kaivo. Karppialtaasta mies on joutunut luopumaan, mutta kaivo toimii edelleen.<\/p>\n<figure id=\"attachment_3189\" aria-describedby=\"caption-attachment-3189\" style=\"width: 520px\" class=\"wp-caption aligncenter\"><a href=\"http:\/\/kinanen.fi\/wordpress\/wp-content\/uploads\/2011\/06\/Kaivo.jpg\"><img decoding=\"async\" class=\"size-full wp-image-3189\" title=\"Kaivo\" src=\"http:\/\/kinanen.fi\/wordpress\/wp-content\/uploads\/2011\/06\/Kaivo.jpg\" alt=\"Pihakaivo\" width=\"520\" height=\"640\" \/><\/a><figcaption id=\"caption-attachment-3189\" class=\"wp-caption-text\">Esikuvan mukainen pihakaivo<\/figcaption><\/figure>\n","protected":false},"excerpt":{"rendered":"<p>Eevertin mieli on jo kiirinyt kauas pois -raikkaisiin tuuliin ja avaraan maisemaan. Odotusta ja valmistautumista. Pakkaamista ja tuumaamista, ett\u00e4 viel\u00e4k\u00f6h\u00e4n tuonkin ottaisi mukaansa ja pakkaisi reppuunsa. Eevert palaa pian raportoimaan kokemuksiaan oman maailmansa ihmeist\u00e4. &nbsp; ps. Ai niin, onhan Eevertill\u00e4 my\u00f6s omassa pihassa kaivo. Karppialtaasta mies on joutunut luopumaan, mutta kaivo toimii edelleen.<\/p>\n","protected":false},"author":1,"featured_media":0,"comment_status":"open","ping_status":"open","sticky":false,"template":"","format":"standard","meta":{"footnotes":""},"categories":[],"tags":[],"class_list":["post-3184","post","type-post","status-publish","format-standard","hentry"],"_links":{"self":[{"href":"https:\/\/www.kinanen.fi\/nukkekoti\/wp-json\/wp\/v2\/posts\/3184","targetHints":{"allow":["GET"]}}],"collection":[{"href":"https:\/\/www.kinanen.fi\/nukkekoti\/wp-json\/wp\/v2\/posts"}],"about":[{"href":"https:\/\/www.kinanen.fi\/nukkekoti\/wp-json\/wp\/v2\/types\/post"}],"author":[{"embeddable":true,"href":"https:\/\/www.kinanen.fi\/nukkekoti\/wp-json\/wp\/v2\/users\/1"}],"replies":[{"embeddable":true,"href":"https:\/\/www.kinanen.fi\/nukkekoti\/wp-json\/wp\/v2\/comments?post=3184"}],"version-history":[{"count":4,"href":"https:\/\/www.kinanen.fi\/nukkekoti\/wp-json\/wp\/v2\/posts\/3184\/revisions"}],"predecessor-version":[{"id":3188,"href":"https:\/\/www.kinanen.fi\/nukkekoti\/wp-json\/wp\/v2\/posts\/3184\/revisions\/3188"}],"wp:attachment":[{"href":"https:\/\/www.kinanen.fi\/nukkekoti\/wp-json\/wp\/v2\/media?parent=3184"}],"wp:term":[{"taxonomy":"category","embeddable":true,"href":"https:\/\/www.kinanen.fi\/nukkekoti\/wp-json\/wp\/v2\/categories?post=3184"},{"taxonomy":"post_tag","embeddable":true,"href":"https:\/\/www.kinanen.fi\/nukkekoti\/wp-json\/wp\/v2\/tags?post=3184"}],"curies":[{"name":"wp","href":"https:\/\/api.w.org\/{rel}","templated":true}]}}