{"id":3192,"date":"2011-06-18T23:25:39","date_gmt":"2011-06-18T20:25:39","guid":{"rendered":"http:\/\/kinanen.fi\/wordpress\/?p=3192"},"modified":"2011-06-18T23:30:21","modified_gmt":"2011-06-18T20:30:21","slug":"matka-maailmalle","status":"publish","type":"post","link":"https:\/\/www.kinanen.fi\/nukkekoti\/matka-maailmalle\/","title":{"rendered":"Reissuun"},"content":{"rendered":"<p>Eevert her\u00e4si aamulla jo paljon ennen kellon soittoa. Mik\u00e4 lie miehen her\u00e4tt\u00e4nytkin niin aikaisin, vaikka hyvin olisi voinut ja olisi tarvinnut unta viel\u00e4 tovin. Linnutkaan eiv\u00e4t olleet viel\u00e4 her\u00e4nneet kun Eevert jo keitteli kahvia keitti\u00f6ss\u00e4. Lueskeli varhaisia uutisia ja valmistautui tulevaan p\u00e4iv\u00e4\u00e4n. P\u00e4iv\u00e4st\u00e4 tulisi j\u00e4nnitt\u00e4v\u00e4. Siisp\u00e4 suunta ison kaupungin lentokent\u00e4lle ja haistelemaan kerosiinin tuoksua. Odotettu matka olisi alkamassa.<\/p>\n<p>Lentokoneella maailmalle. Ja se olikin matka se! Melkein oli ajoittain koneessa tunnelma kuin muinoin myrsky\u00e4v\u00e4ll\u00e4 merell\u00e4. Hilpe\u00e4 ja odotuksen siivitt\u00e4m\u00e4 rupattelu koneessa hiljeni kokonaan kun konetta ravisteli voimakkaat turbulenssit yl\u00f6s ja alas ja sinne t\u00e4nne. Kapteenilla oli varmasti melkoinen ty\u00f6 pit\u00e4\u00e4 kone kurssissa. Keli oli yl\u00e4ilmoissa huono eik\u00e4 se sen paremmaksi muuttunut koneen viimein laskeuduttua vuorten juurelle.<\/p>\n<figure id=\"attachment_3193\" aria-describedby=\"caption-attachment-3193\" style=\"width: 500px\" class=\"wp-caption aligncenter\"><a href=\"http:\/\/kinanen.fi\/wordpress\/wp-content\/uploads\/2011\/06\/Zillertal2.jpg\"><img fetchpriority=\"high\" decoding=\"async\" class=\"size-full wp-image-3193\" title=\"Zillertal2\" src=\"http:\/\/kinanen.fi\/wordpress\/wp-content\/uploads\/2011\/06\/Zillertal2.jpg\" alt=\"Sadekeli\" width=\"500\" height=\"474\" \/><\/a><figcaption id=\"caption-attachment-3193\" class=\"wp-caption-text\">Sadekeli<\/figcaption><\/figure>\n<p>&nbsp;<\/p>\n<p>Eevert ajeli mukavalla vuokra-autollaan kohti It\u00e4vallan Alppeja. V\u00e4lill\u00e4 satoi niin paljon, ett\u00e4 mies tuskin eteens\u00e4 n\u00e4ki. Se ei onneksi Eeverti\u00e4 kuitenkaan haitannut, sill\u00e4 h\u00e4n on varma siit\u00e4 ett\u00e4 montaa p\u00e4iv\u00e4\u00e4 sadekelit eiv\u00e4t kest\u00e4 kuitenkaan. Aamulla on jo selke\u00e4mp\u00e4\u00e4.<\/p>\n<p>Kilometrit taittuivat ja pian olikin edess\u00e4 laakso, jonka vieraanvaraisuudesta Eevert oli varautunut nauttimaan jokusen p\u00e4iv\u00e4n.<\/p>\n<p>&nbsp;<\/p>\n<figure id=\"attachment_3194\" aria-describedby=\"caption-attachment-3194\" style=\"width: 500px\" class=\"wp-caption aligncenter\"><a href=\"http:\/\/kinanen.fi\/wordpress\/wp-content\/uploads\/2011\/06\/Zillertal1.jpg\"><img decoding=\"async\" class=\"size-full wp-image-3194\" title=\"Zillertal1\" src=\"http:\/\/kinanen.fi\/wordpress\/wp-content\/uploads\/2011\/06\/Zillertal1.jpg\" alt=\"Zillertalin laakso\" width=\"500\" height=\"312\" \/><\/a><figcaption id=\"caption-attachment-3194\" class=\"wp-caption-text\">Zillertalin laakso<\/figcaption><\/figure>\n<p>&nbsp;<\/p>\n<p>Eevertin kotilaakso on Zillertal. Pitk\u00e4 ja leve\u00e4 laakso l\u00e4hell\u00e4 Salzburgia. Kaunis se oli jo heti alkuunsa, vaikka ymp\u00e4rill\u00e4 olevista vuorista ei juuri kuvaa viel\u00e4 saanutkaan sateen vuoksi. Talo l\u00f6ytyi helposti ja mies asettui vauhdilla taloksi. Villapaitaa ylle ja parvekkeelta katselemaan laakson pohjalle. Eevertin talo sijaitsee l\u00e4hes kilometrin korkeudessa &#8211; siis todellinen alppimaja! Mik\u00e4 oli ollessa kun ymp\u00e4rill\u00e4 avautui kauneutta m\u00e4\u00e4r\u00e4tt\u00f6m\u00e4sti joka puolella. Eevert huokaili pitk\u00e4\u00e4n n\u00e4kymi\u00e4 katsellen ja palasi lopulta kylmiss\u00e4\u00e4n sis\u00e4lle tekem\u00e4\u00e4n suunnitelmia seuraavaa p\u00e4iv\u00e4\u00e4 varten.<\/p>\n<p>&nbsp;<\/p>\n<figure id=\"attachment_3195\" aria-describedby=\"caption-attachment-3195\" style=\"width: 500px\" class=\"wp-caption aligncenter\"><a href=\"http:\/\/kinanen.fi\/wordpress\/wp-content\/uploads\/2011\/06\/Zillertal.jpg\"><img decoding=\"async\" class=\"size-full wp-image-3195\" title=\"Zillertal\" src=\"http:\/\/kinanen.fi\/wordpress\/wp-content\/uploads\/2011\/06\/Zillertal.jpg\" alt=\"Varustusta\" width=\"500\" height=\"513\" \/><\/a><figcaption id=\"caption-attachment-3195\" class=\"wp-caption-text\">Varustusta<\/figcaption><\/figure>\n<p>Vaellusp\u00e4ivi\u00e4 varten matkaan oli tullut edelliselt\u00e4 reissulta mukaan tarttunut hattu. Se tulisikin nyt tarpeeseen kun varsinaisesti helle ei hellinyt. Sit\u00e4 mallaillessaan p\u00e4\u00e4h\u00e4ns\u00e4 Eevert kuuli is\u00e4nt\u00e4v\u00e4en kutsun ovelta. Eevert riensi ovelle ja huomasi pian olevansa teekupposen kanssa turisemassa kuulumisia.<\/p>\n<figure id=\"attachment_3196\" aria-describedby=\"caption-attachment-3196\" style=\"width: 500px\" class=\"wp-caption aligncenter\"><a href=\"http:\/\/kinanen.fi\/wordpress\/wp-content\/uploads\/2011\/06\/Zillertal3.jpg\"><img loading=\"lazy\" decoding=\"async\" class=\"size-full wp-image-3196\" title=\"Zillertal3\" src=\"http:\/\/kinanen.fi\/wordpress\/wp-content\/uploads\/2011\/06\/Zillertal3.jpg\" alt=\"Kahvikekkerit\" width=\"500\" height=\"534\" \/><\/a><figcaption id=\"caption-attachment-3196\" class=\"wp-caption-text\">Kahvikekkerit<\/figcaption><\/figure>\n<p>Herra ja rouva Fr\u00f6hl taitavat olla Eevertin kanssa samanhenkisi\u00e4 kun ovat n\u00e4in kauniisti kattaneet pient\u00e4 iltapalaa matkalaiselle. Eevert oli taittanut matkaa l\u00e4hes 1700km joten piirakka ja l\u00e4mmin teekupillinen tulikin tosi tarpeeseen.<\/p>\n<p>Pitk\u00e4\u00e4n Eevert ei jaksanut turista, vaan raikas ja ravitseva vuoristoilma teki heti teht\u00e4v\u00e4ns\u00e4 ja vanhan miehen silm\u00e4t alkoivat hiljalleen muuttua yh\u00e4 raskaammiksi. Haukotellen Eevert kiitti vieraanvaraisuudesta ja k\u00f6mpi omaan huoneeseensa. Pian kuuluukin jo tuttu tuhina ja pieni tasainen kuorsaus matkalaisen huoneesta.<\/p>\n","protected":false},"excerpt":{"rendered":"<p>Eevert her\u00e4si aamulla jo paljon ennen kellon soittoa. Mik\u00e4 lie miehen her\u00e4tt\u00e4nytkin niin aikaisin, vaikka hyvin olisi voinut ja olisi tarvinnut unta viel\u00e4 tovin. Linnutkaan eiv\u00e4t olleet viel\u00e4 her\u00e4nneet kun Eevert jo keitteli kahvia keitti\u00f6ss\u00e4. Lueskeli varhaisia uutisia ja valmistautui tulevaan p\u00e4iv\u00e4\u00e4n. P\u00e4iv\u00e4st\u00e4 tulisi j\u00e4nnitt\u00e4v\u00e4. Siisp\u00e4 suunta ison kaupungin lentokent\u00e4lle ja haistelemaan kerosiinin tuoksua. Odotettu [&hellip;]<\/p>\n","protected":false},"author":1,"featured_media":0,"comment_status":"open","ping_status":"open","sticky":false,"template":"","format":"standard","meta":{"footnotes":""},"categories":[],"tags":[],"class_list":["post-3192","post","type-post","status-publish","format-standard","hentry"],"_links":{"self":[{"href":"https:\/\/www.kinanen.fi\/nukkekoti\/wp-json\/wp\/v2\/posts\/3192","targetHints":{"allow":["GET"]}}],"collection":[{"href":"https:\/\/www.kinanen.fi\/nukkekoti\/wp-json\/wp\/v2\/posts"}],"about":[{"href":"https:\/\/www.kinanen.fi\/nukkekoti\/wp-json\/wp\/v2\/types\/post"}],"author":[{"embeddable":true,"href":"https:\/\/www.kinanen.fi\/nukkekoti\/wp-json\/wp\/v2\/users\/1"}],"replies":[{"embeddable":true,"href":"https:\/\/www.kinanen.fi\/nukkekoti\/wp-json\/wp\/v2\/comments?post=3192"}],"version-history":[{"count":4,"href":"https:\/\/www.kinanen.fi\/nukkekoti\/wp-json\/wp\/v2\/posts\/3192\/revisions"}],"predecessor-version":[{"id":3199,"href":"https:\/\/www.kinanen.fi\/nukkekoti\/wp-json\/wp\/v2\/posts\/3192\/revisions\/3199"}],"wp:attachment":[{"href":"https:\/\/www.kinanen.fi\/nukkekoti\/wp-json\/wp\/v2\/media?parent=3192"}],"wp:term":[{"taxonomy":"category","embeddable":true,"href":"https:\/\/www.kinanen.fi\/nukkekoti\/wp-json\/wp\/v2\/categories?post=3192"},{"taxonomy":"post_tag","embeddable":true,"href":"https:\/\/www.kinanen.fi\/nukkekoti\/wp-json\/wp\/v2\/tags?post=3192"}],"curies":[{"name":"wp","href":"https:\/\/api.w.org\/{rel}","templated":true}]}}