{"id":3201,"date":"2011-06-19T20:03:05","date_gmt":"2011-06-19T17:03:05","guid":{"rendered":"http:\/\/kinanen.fi\/wordpress\/?p=3201"},"modified":"2011-06-19T21:08:33","modified_gmt":"2011-06-19T18:08:33","slug":"sumuisten-vuorten-faunaa","status":"publish","type":"post","link":"https:\/\/www.kinanen.fi\/nukkekoti\/sumuisten-vuorten-faunaa\/","title":{"rendered":"Sumuisten vuorten faunaa"},"content":{"rendered":"<p>Eevert her\u00e4si jo hyvin varhain tunnustelemaan ilmanalaa. Eilisen sateet olivat v\u00e4istyneet ja tilalle tulleet sumuiset pilvet jotka pyyhkieliv\u00e4t kotilaakson rinteit\u00e4. Muutaman minuutin v\u00e4lein maiseman l\u00e4pi leijaili usvaisia pilvi\u00e4 luoden ymp\u00e4rist\u00f6\u00f6n hyvin maagisen tunnelman.<\/p>\n<figure id=\"attachment_3202\" aria-describedby=\"caption-attachment-3202\" style=\"width: 500px\" class=\"wp-caption aligncenter\"><a href=\"http:\/\/kinanen.fi\/wordpress\/wp-content\/uploads\/2011\/06\/Zillertal9.jpg\"><img fetchpriority=\"high\" decoding=\"async\" class=\"size-full wp-image-3202\" title=\"Zillertal9\" src=\"http:\/\/kinanen.fi\/wordpress\/wp-content\/uploads\/2011\/06\/Zillertal9.jpg\" alt=\"Usvainen aamu\" width=\"500\" height=\"298\" \/><\/a><figcaption id=\"caption-attachment-3202\" class=\"wp-caption-text\">Usvainen aamu<\/figcaption><\/figure>\n<p>Eevert suuntasi ulos jo varhain. Haisteli kosteaa ilmaa ja antoi katseensa vaeltaa pitkin rinteit\u00e4. Usvaisuus tiheni ja h\u00e4lveni hetkiss\u00e4. Pieni polku nousi suoraan tiest\u00e4 yl\u00f6s vuoristovajalle. Kaunis pieni polku!<\/p>\n<figure id=\"attachment_3203\" aria-describedby=\"caption-attachment-3203\" style=\"width: 427px\" class=\"wp-caption aligncenter\"><a href=\"http:\/\/kinanen.fi\/wordpress\/wp-content\/uploads\/2011\/06\/Zillertal8.jpg\"><img decoding=\"async\" class=\"size-full wp-image-3203\" title=\"Zillertal8\" src=\"http:\/\/kinanen.fi\/wordpress\/wp-content\/uploads\/2011\/06\/Zillertal8.jpg\" alt=\"Polku\" width=\"427\" height=\"640\" \/><\/a><figcaption id=\"caption-attachment-3203\" class=\"wp-caption-text\">Polku<\/figcaption><\/figure>\n<p>El\u00e4inrakkaana kulinaristina Eevert ihastui tien poikki vaelteleviin etanoihin. Melkoisia paisteja olivatkin, mutta ei niit\u00e4 hennonnut pannulle kantaa, vaikka etanoista kovasti pit\u00e4\u00e4kin. Isoja kotilonkantajia l\u00f6ytyi tienpientareelta kymmeni\u00e4. Mies tyytyi nauttimaan niist\u00e4 vain linssin l\u00e4pi.<\/p>\n<figure id=\"attachment_3204\" aria-describedby=\"caption-attachment-3204\" style=\"width: 500px\" class=\"wp-caption aligncenter\"><a href=\"http:\/\/kinanen.fi\/wordpress\/wp-content\/uploads\/2011\/06\/Zillertal7.jpg\"><img decoding=\"async\" class=\"size-full wp-image-3204\" title=\"Zillertal7\" src=\"http:\/\/kinanen.fi\/wordpress\/wp-content\/uploads\/2011\/06\/Zillertal7.jpg\" alt=\"Etana\" width=\"500\" height=\"378\" \/><\/a><figcaption id=\"caption-attachment-3204\" class=\"wp-caption-text\">Etana<\/figcaption><\/figure>\n<p>&nbsp;<\/p>\n<p>Eevertin p\u00e4iv\u00e4retki suuntautui yl\u00f6s vuorille. Kauniiseen paratiisimaisen pikkuj\u00e4rven tuntumaan, mist\u00e4 polku l\u00e4hti yl\u00f6s rinnett\u00e4 melkoisen jyrk\u00e4sti. Keli vaihteli aurinkoisesta sateiseen. Huimat vuoriston\u00e4kym\u00e4t houkuttelivat kipuamaan rinteille. Alku sujuikin hienosta, mutta yll\u00e4tt\u00e4v\u00e4t sadepilvet pakottivat miehen taipumaan ja pysyttelem\u00e4\u00e4n laakson tuntumassa kiipeilyhaluista huolimatta.<\/p>\n<figure id=\"attachment_3211\" aria-describedby=\"caption-attachment-3211\" style=\"width: 480px\" class=\"wp-caption aligncenter\"><a href=\"http:\/\/kinanen.fi\/wordpress\/wp-content\/uploads\/2011\/06\/eevertalpeilla001.jpg\"><img loading=\"lazy\" decoding=\"async\" class=\"size-full wp-image-3211\" title=\"eevertalpeilla001\" src=\"http:\/\/kinanen.fi\/wordpress\/wp-content\/uploads\/2011\/06\/eevertalpeilla001.jpg\" alt=\"N\u00e4kym\u00e4\u00e4 riitt\u00e4\u00e4\" width=\"480\" height=\"640\" \/><\/a><figcaption id=\"caption-attachment-3211\" class=\"wp-caption-text\">N\u00e4kym\u00e4\u00e4 riitt\u00e4\u00e4<\/figcaption><\/figure>\n<p>Matkalla riitti n\u00e4k\u00f6alapaikkoja aivan tienkin tuntumassa, joten tyytyv\u00e4isen\u00e4 kokemukseensa Eevert siirsi vuoristolounaansa toiselle p\u00e4iv\u00e4lle. N\u00e4kemist\u00e4 ja kokemista riitti yllinkyllin yhdelle p\u00e4iv\u00e4lle.<\/p>\n<figure id=\"attachment_3210\" aria-describedby=\"caption-attachment-3210\" style=\"width: 480px\" class=\"wp-caption aligncenter\"><a href=\"http:\/\/kinanen.fi\/wordpress\/wp-content\/uploads\/2011\/06\/eevertalpeilla002.jpg\"><img loading=\"lazy\" decoding=\"async\" class=\"size-full wp-image-3210\" title=\"eevertalpeilla002\" src=\"http:\/\/kinanen.fi\/wordpress\/wp-content\/uploads\/2011\/06\/eevertalpeilla002.jpg\" alt=\"Niityll\u00e4 \" width=\"480\" height=\"640\" \/><\/a><figcaption id=\"caption-attachment-3210\" class=\"wp-caption-text\">Niityll\u00e4<\/figcaption><\/figure>\n<p>&nbsp;<\/p>\n<p>Lehm\u00e4t\u00a0 ihastuttavat aina. Lempe\u00e4t karvakorvaiset\u00a0 kellokkaat viihdytt\u00e4v\u00e4t kulkijoita poluilla. Lehm\u00e4t laiduntavat kes\u00e4t vuorilla ja k\u00e4yv\u00e4t kuin yhteisest\u00e4 sopimuksesta lypsyll\u00e4 vuoristo-aitauksessaan. Kotisuomessa poikasena lehm\u00e4t piti aina noutaa illan tullen navetalle. T\u00e4\u00e4ll\u00e4 ei paimenia n\u00e4y, vaan isoimman kellon kanssa kulkeva el\u00e4in johdattaa laumansa lypsylle kun silt\u00e4 tuntuu.<\/p>\n<p>T\u00e4ll\u00e4 kertaa jokunen lehm\u00e4 edusti melko rokahtavaa tyyli\u00e4.<\/p>\n<figure id=\"attachment_3205\" aria-describedby=\"caption-attachment-3205\" style=\"width: 500px\" class=\"wp-caption aligncenter\"><a href=\"http:\/\/kinanen.fi\/wordpress\/wp-content\/uploads\/2011\/06\/Zillertal4.jpg\"><img loading=\"lazy\" decoding=\"async\" class=\"size-full wp-image-3205\" title=\"Zillertal4\" src=\"http:\/\/kinanen.fi\/wordpress\/wp-content\/uploads\/2011\/06\/Zillertal4.jpg\" alt=\"Rock\" width=\"500\" height=\"333\" \/><\/a><figcaption id=\"caption-attachment-3205\" class=\"wp-caption-text\">Rock<\/figcaption><\/figure>\n<p>Kanatkin n\u00e4ytt\u00e4v\u00e4t olevan t\u00e4\u00e4ll\u00e4 melko Rock! Liek\u00f6 Sesam Streetin lintu saanut innoituksensa t\u00e4m\u00e4n rodun kautta. Aivan vieh\u00e4tt\u00e4v\u00e4 kananeito olikin.<\/p>\n<figure id=\"attachment_3206\" aria-describedby=\"caption-attachment-3206\" style=\"width: 500px\" class=\"wp-caption aligncenter\"><a href=\"http:\/\/kinanen.fi\/wordpress\/wp-content\/uploads\/2011\/06\/Zillertal5.jpg\"><img loading=\"lazy\" decoding=\"async\" class=\"size-full wp-image-3206\" title=\"Zillertal5\" src=\"http:\/\/kinanen.fi\/wordpress\/wp-content\/uploads\/2011\/06\/Zillertal5.jpg\" alt=\"Toinen Rock\" width=\"500\" height=\"466\" \/><\/a><figcaption id=\"caption-attachment-3206\" class=\"wp-caption-text\">Toinen Rock<\/figcaption><\/figure>\n","protected":false},"excerpt":{"rendered":"<p>Eevert her\u00e4si jo hyvin varhain tunnustelemaan ilmanalaa. Eilisen sateet olivat v\u00e4istyneet ja tilalle tulleet sumuiset pilvet jotka pyyhkieliv\u00e4t kotilaakson rinteit\u00e4. Muutaman minuutin v\u00e4lein maiseman l\u00e4pi leijaili usvaisia pilvi\u00e4 luoden ymp\u00e4rist\u00f6\u00f6n hyvin maagisen tunnelman. Eevert suuntasi ulos jo varhain. Haisteli kosteaa ilmaa ja antoi katseensa vaeltaa pitkin rinteit\u00e4. Usvaisuus tiheni ja h\u00e4lveni hetkiss\u00e4. Pieni polku nousi [&hellip;]<\/p>\n","protected":false},"author":1,"featured_media":0,"comment_status":"open","ping_status":"open","sticky":false,"template":"","format":"standard","meta":{"footnotes":""},"categories":[],"tags":[],"class_list":["post-3201","post","type-post","status-publish","format-standard","hentry"],"_links":{"self":[{"href":"https:\/\/www.kinanen.fi\/nukkekoti\/wp-json\/wp\/v2\/posts\/3201","targetHints":{"allow":["GET"]}}],"collection":[{"href":"https:\/\/www.kinanen.fi\/nukkekoti\/wp-json\/wp\/v2\/posts"}],"about":[{"href":"https:\/\/www.kinanen.fi\/nukkekoti\/wp-json\/wp\/v2\/types\/post"}],"author":[{"embeddable":true,"href":"https:\/\/www.kinanen.fi\/nukkekoti\/wp-json\/wp\/v2\/users\/1"}],"replies":[{"embeddable":true,"href":"https:\/\/www.kinanen.fi\/nukkekoti\/wp-json\/wp\/v2\/comments?post=3201"}],"version-history":[{"count":3,"href":"https:\/\/www.kinanen.fi\/nukkekoti\/wp-json\/wp\/v2\/posts\/3201\/revisions"}],"predecessor-version":[{"id":3209,"href":"https:\/\/www.kinanen.fi\/nukkekoti\/wp-json\/wp\/v2\/posts\/3201\/revisions\/3209"}],"wp:attachment":[{"href":"https:\/\/www.kinanen.fi\/nukkekoti\/wp-json\/wp\/v2\/media?parent=3201"}],"wp:term":[{"taxonomy":"category","embeddable":true,"href":"https:\/\/www.kinanen.fi\/nukkekoti\/wp-json\/wp\/v2\/categories?post=3201"},{"taxonomy":"post_tag","embeddable":true,"href":"https:\/\/www.kinanen.fi\/nukkekoti\/wp-json\/wp\/v2\/tags?post=3201"}],"curies":[{"name":"wp","href":"https:\/\/api.w.org\/{rel}","templated":true}]}}