{"id":3213,"date":"2011-06-20T22:20:29","date_gmt":"2011-06-20T19:20:29","guid":{"rendered":"http:\/\/kinanen.fi\/wordpress\/?p=3213"},"modified":"2011-06-20T22:38:29","modified_gmt":"2011-06-20T19:38:29","slug":"jyrkka-retki","status":"publish","type":"post","link":"https:\/\/www.kinanen.fi\/nukkekoti\/jyrkka-retki\/","title":{"rendered":"Jyrkk\u00e4 retki"},"content":{"rendered":"<p>Eevert\u00a0 her\u00e4si varhain, niin kuin vanhoilla ihmisill\u00e4 on tapana. Hiljaa, muita her\u00e4tt\u00e4m\u00e4tt\u00e4 h\u00e4n keitti kahvit ja asettui talon parvekkeelle istuskelemaan ja seuraamaan her\u00e4\u00e4v\u00e4\u00e4 kyl\u00e4\u00e4. Mutkittelevaa kyl\u00e4tiet\u00e4 pitkin kulki kaikkea tarpeellista. Hein\u00e4paaleja ison traktorin per\u00e4ss\u00e4 talon lukuisille lehmille jotka jo kutsuvasti m\u00f6r\u00e4hteliv\u00e4t laitumellaan.<\/p>\n<p>Miten kahvi maistuikaan niin hyv\u00e4lt\u00e4 t\u00e4ll\u00e4 korkealla alppirinteell\u00e4.<\/p>\n<figure id=\"attachment_3214\" aria-describedby=\"caption-attachment-3214\" style=\"width: 500px\" class=\"wp-caption aligncenter\"><a href=\"http:\/\/kinanen.fi\/wordpress\/wp-content\/uploads\/2011\/06\/Zillertal16.jpg\"><img fetchpriority=\"high\" decoding=\"async\" class=\"size-full wp-image-3214\" title=\"Zillertal16\" src=\"http:\/\/kinanen.fi\/wordpress\/wp-content\/uploads\/2011\/06\/Zillertal16.jpg\" alt=\"Kabiini\" width=\"500\" height=\"433\" \/><\/a><figcaption id=\"caption-attachment-3214\" class=\"wp-caption-text\">Kabiini<\/figcaption><\/figure>\n<p>P\u00e4iv\u00e4n reissu suuntautui yl\u00f6s vuorelle isolla kabiinihissill\u00e4 , Miehen aikomuksena on k\u00e4vell\u00e4 vuorelta alas pient\u00e4 polkua pitkin. Ennen laskeutumista ihailtiin kuitenkin maisemia. Siin\u00e4 hommassa olisi hyvinkin saanut p\u00e4iv\u00e4n kulumaan. N\u00e4kyvyytt\u00e4 oli silm\u00e4n kantamattomiin. Oli j\u00e4lleen olo kuin olisi ollut maailman katolla katselemassa. Ylh\u00e4\u00e4ll\u00e4 vuorilla ihminen asettuu omaan mittasuhteeseensa.<\/p>\n<figure id=\"attachment_3215\" aria-describedby=\"caption-attachment-3215\" style=\"width: 501px\" class=\"wp-caption aligncenter\"><a href=\"http:\/\/kinanen.fi\/wordpress\/wp-content\/uploads\/2011\/06\/Zillertal12.jpg\"><img decoding=\"async\" class=\"size-full wp-image-3215\" title=\"Zillertal12\" src=\"http:\/\/kinanen.fi\/wordpress\/wp-content\/uploads\/2011\/06\/Zillertal12.jpg\" alt=\"Laakso\" width=\"501\" height=\"308\" \/><\/a><figcaption id=\"caption-attachment-3215\" class=\"wp-caption-text\">Siint\u00e4vi\u00e4 vuoria ja vehre\u00e4\u00e4 laaksoa<\/figcaption><\/figure>\n<p>&nbsp;<\/p>\n<p>Vuoret ovat hiljaisia. Se jos mik\u00e4 hellii korvia.<\/p>\n<figure id=\"attachment_3220\" aria-describedby=\"caption-attachment-3220\" style=\"width: 500px\" class=\"wp-caption aligncenter\"><a href=\"http:\/\/kinanen.fi\/wordpress\/wp-content\/uploads\/2011\/06\/Zillertal11.jpg\"><img decoding=\"async\" class=\"size-full wp-image-3220\" title=\"Zillertal11\" src=\"http:\/\/kinanen.fi\/wordpress\/wp-content\/uploads\/2011\/06\/Zillertal11.jpg\" alt=\"Opaste\" width=\"500\" height=\"333\" \/><\/a><figcaption id=\"caption-attachment-3220\" class=\"wp-caption-text\">Opaste<\/figcaption><\/figure>\n<p>Polku alas vuorelta osoittautui miehelle haasteelliseksi. Jyrkk\u00e4\u00e4 laskeutumista ja kapeaa kivist\u00e4 polkua tuntui riitt\u00e4v\u00e4n loputtomiin. T\u00e4\u00e4ll\u00e4 ei matkaa mitata tutusti kilometrein\u00e4 vaan aikana, joka siihen kuluu tavalliselta k\u00e4velij\u00e4lt\u00e4. Kokop\u00e4iv\u00e4 retki oli suunnitelmissa, joten hissuksiin mies laskeutui alemmas kohti reitin puoliv\u00e4li\u00e4 jossa oli lounaan paikka.<\/p>\n<figure id=\"attachment_3216\" aria-describedby=\"caption-attachment-3216\" style=\"width: 500px\" class=\"wp-caption aligncenter\"><a href=\"http:\/\/kinanen.fi\/wordpress\/wp-content\/uploads\/2011\/06\/Zillertal17.jpg\"><img loading=\"lazy\" decoding=\"async\" class=\"size-full wp-image-3216\" title=\"Zillertal17\" src=\"http:\/\/kinanen.fi\/wordpress\/wp-content\/uploads\/2011\/06\/Zillertal17.jpg\" alt=\"Polku\" width=\"500\" height=\"333\" \/><\/a><figcaption id=\"caption-attachment-3216\" class=\"wp-caption-text\">Pieni polku vuoren poikki vie...<\/figcaption><\/figure>\n<p>Lounashytti olikin varsinainen kokemus. Ison maitotilan lehm\u00e4t olivat vastassa ja j\u00e4rk\u00e4ht\u00e4m\u00e4tt\u00f6m\u00e4sti seisoivat tiell\u00e4. Moni kiersi suosiolla lehm\u00e4lauman yl\u00e4rinteen kautta. Ei sit\u00e4 vieras arvaa villilehmi\u00e4 h\u00e4tistell\u00e4. Lehmi\u00e4 oli reitill\u00e4 satakunta, eli kovin pienest\u00e4 laumasta ei ollut kysymys. L\u00f6ytyip\u00e4 t\u00e4ll\u00e4 kertaa ihan paimenkin rinteilt\u00e4 ohjaamassa lehmi\u00e4 pois vaelluspoluilta.<\/p>\n<figure id=\"attachment_3217\" aria-describedby=\"caption-attachment-3217\" style=\"width: 500px\" class=\"wp-caption aligncenter\"><a href=\"http:\/\/kinanen.fi\/wordpress\/wp-content\/uploads\/2011\/06\/Zillertal14.jpg\"><img loading=\"lazy\" decoding=\"async\" class=\"size-full wp-image-3217\" title=\"Zillertal14\" src=\"http:\/\/kinanen.fi\/wordpress\/wp-content\/uploads\/2011\/06\/Zillertal14.jpg\" alt=\"Lehm\u00e4t vahdissa\" width=\"500\" height=\"335\" \/><\/a><figcaption id=\"caption-attachment-3217\" class=\"wp-caption-text\">Lehm\u00e4lauma vahdissa<\/figcaption><\/figure>\n<p>Itse lounaspaikka oli vieh\u00e4tt\u00e4v\u00e4 kaikkine pienine yksityiskohtineen. T\u00e4\u00e4ll\u00e4 osataan laittaa esteettisesti kaunista vaikka vanhasta lahonneesta puunkantotelineest\u00e4. Paikan ruokakin osoittautui erinomaiseksi. Perinteinen snitzel tuli tilatiksi jonka seurana paikallista perunaherkkua. J\u00e4lkiruuaksi aikamoinen pannukakku omenahillolla. Voi sit\u00e4 onnea ja tyytyv\u00e4isyytt\u00e4 mik\u00e4 miehen valtasi. Lounastauko venyi hyvin pitk\u00e4ksi, niin kauniista maisemista ei tullut heti mieleen laskeutua mets\u00e4n siimekseen. Puuraja kun oli jo saavutettu.<\/p>\n<p>Raittiusmiehen\u00e4 tunnettu Eevert nautti lounaspaikassa my\u00f6s ansaitun oluensa. Sen verran hiki ja rasitus oli koetellut, ett\u00e4 kylm\u00e4 paikallinen olut tuntui maistuvan erinomaiselta.<\/p>\n<figure id=\"attachment_3218\" aria-describedby=\"caption-attachment-3218\" style=\"width: 480px\" class=\"wp-caption aligncenter\"><a href=\"http:\/\/kinanen.fi\/wordpress\/wp-content\/uploads\/2011\/06\/eevert_olusella003.jpg\"><img loading=\"lazy\" decoding=\"async\" class=\"size-full wp-image-3218\" title=\"eevert_olusella003\" src=\"http:\/\/kinanen.fi\/wordpress\/wp-content\/uploads\/2011\/06\/eevert_olusella003.jpg\" alt=\"Olusilla\" width=\"480\" height=\"640\" \/><\/a><figcaption id=\"caption-attachment-3218\" class=\"wp-caption-text\">Olusilla<\/figcaption><\/figure>\n<p>Matka jatkui alas kyl\u00e4\u00e4n jyrkk\u00e4\u00e4 rinnett\u00e4. Pient\u00e4 siksakkia menev\u00e4 havupeitteinen ja kuusenk\u00e4pyinen polku oli liukas ja arvaamaton. Ei j\u00e4lke\u00e4k\u00e4\u00e4n ensimm\u00e4isen osuuden selke\u00e4st\u00e4 ja kohtalaisen hyvin kuljettavasta polusta. Pari pyll\u00e4hdyst\u00e4 Eevertkin teki huolimattomien askeltensa vuoksi. Yl\u00e4aseman varoituskyltit palautuivat mieleen. Tarkkana sai astella. Eiv\u00e4t olleet tunhaan varoitelleet.<\/p>\n<figure id=\"attachment_3219\" aria-describedby=\"caption-attachment-3219\" style=\"width: 500px\" class=\"wp-caption aligncenter\"><a href=\"http:\/\/kinanen.fi\/wordpress\/wp-content\/uploads\/2011\/06\/Zillertal18.jpg\"><img loading=\"lazy\" decoding=\"async\" class=\"size-full wp-image-3219\" title=\"Zillertal18\" src=\"http:\/\/kinanen.fi\/wordpress\/wp-content\/uploads\/2011\/06\/Zillertal18.jpg\" alt=\"Varoitus\" width=\"500\" height=\"499\" \/><\/a><figcaption id=\"caption-attachment-3219\" class=\"wp-caption-text\">Varoitus<\/figcaption><\/figure>\n<p>Kunnialla Eevert p\u00e4\u00e4si alas, vaikka ajoittain tuntuikin silt\u00e4 ett\u00e4 rinne ei lopu ikin\u00e4.<\/p>\n<p>Koettelemuksen j\u00e4lkeen oli ruumis rasitettu.<\/p>\n<p>&nbsp;<\/p>\n<figure id=\"attachment_3221\" aria-describedby=\"caption-attachment-3221\" style=\"width: 500px\" class=\"wp-caption aligncenter\"><a href=\"http:\/\/kinanen.fi\/wordpress\/wp-content\/uploads\/2011\/06\/Zillertal13.jpg\"><img loading=\"lazy\" decoding=\"async\" class=\"size-full wp-image-3221\" title=\"Zillertal13\" src=\"http:\/\/kinanen.fi\/wordpress\/wp-content\/uploads\/2011\/06\/Zillertal13.jpg\" alt=\"Jyrkk\u00e4 maa\" width=\"500\" height=\"333\" \/><\/a><figcaption id=\"caption-attachment-3221\" class=\"wp-caption-text\">Jyrkk\u00e4 maa<\/figcaption><\/figure>\n<p>Kotim\u00f6kiss\u00e4, kuuman kylvyn j\u00e4lkeen rentoutunut mies oli pian valmis levolle. Unissaan h\u00e4n uneksi jo seuraavan p\u00e4iv\u00e4n seikkailuista.<\/p>\n","protected":false},"excerpt":{"rendered":"<p>Eevert\u00a0 her\u00e4si varhain, niin kuin vanhoilla ihmisill\u00e4 on tapana. Hiljaa, muita her\u00e4tt\u00e4m\u00e4tt\u00e4 h\u00e4n keitti kahvit ja asettui talon parvekkeelle istuskelemaan ja seuraamaan her\u00e4\u00e4v\u00e4\u00e4 kyl\u00e4\u00e4. Mutkittelevaa kyl\u00e4tiet\u00e4 pitkin kulki kaikkea tarpeellista. Hein\u00e4paaleja ison traktorin per\u00e4ss\u00e4 talon lukuisille lehmille jotka jo kutsuvasti m\u00f6r\u00e4hteliv\u00e4t laitumellaan. Miten kahvi maistuikaan niin hyv\u00e4lt\u00e4 t\u00e4ll\u00e4 korkealla alppirinteell\u00e4. P\u00e4iv\u00e4n reissu suuntautui yl\u00f6s vuorelle [&hellip;]<\/p>\n","protected":false},"author":1,"featured_media":0,"comment_status":"open","ping_status":"open","sticky":false,"template":"","format":"standard","meta":{"footnotes":""},"categories":[],"tags":[],"class_list":["post-3213","post","type-post","status-publish","format-standard","hentry"],"_links":{"self":[{"href":"https:\/\/www.kinanen.fi\/nukkekoti\/wp-json\/wp\/v2\/posts\/3213","targetHints":{"allow":["GET"]}}],"collection":[{"href":"https:\/\/www.kinanen.fi\/nukkekoti\/wp-json\/wp\/v2\/posts"}],"about":[{"href":"https:\/\/www.kinanen.fi\/nukkekoti\/wp-json\/wp\/v2\/types\/post"}],"author":[{"embeddable":true,"href":"https:\/\/www.kinanen.fi\/nukkekoti\/wp-json\/wp\/v2\/users\/1"}],"replies":[{"embeddable":true,"href":"https:\/\/www.kinanen.fi\/nukkekoti\/wp-json\/wp\/v2\/comments?post=3213"}],"version-history":[{"count":3,"href":"https:\/\/www.kinanen.fi\/nukkekoti\/wp-json\/wp\/v2\/posts\/3213\/revisions"}],"predecessor-version":[{"id":3224,"href":"https:\/\/www.kinanen.fi\/nukkekoti\/wp-json\/wp\/v2\/posts\/3213\/revisions\/3224"}],"wp:attachment":[{"href":"https:\/\/www.kinanen.fi\/nukkekoti\/wp-json\/wp\/v2\/media?parent=3213"}],"wp:term":[{"taxonomy":"category","embeddable":true,"href":"https:\/\/www.kinanen.fi\/nukkekoti\/wp-json\/wp\/v2\/categories?post=3213"},{"taxonomy":"post_tag","embeddable":true,"href":"https:\/\/www.kinanen.fi\/nukkekoti\/wp-json\/wp\/v2\/tags?post=3213"}],"curies":[{"name":"wp","href":"https:\/\/api.w.org\/{rel}","templated":true}]}}