{"id":3241,"date":"2011-06-25T19:36:17","date_gmt":"2011-06-25T16:36:17","guid":{"rendered":"http:\/\/kinanen.fi\/wordpress\/?p=3241"},"modified":"2011-06-25T19:36:17","modified_gmt":"2011-06-25T16:36:17","slug":"maalaisromantiikkaa-penkenilla","status":"publish","type":"post","link":"https:\/\/www.kinanen.fi\/nukkekoti\/maalaisromantiikkaa-penkenilla\/","title":{"rendered":"Maalaisromantiikkaa Penkenill\u00e4"},"content":{"rendered":"<p>Juhannusp\u00e4iv\u00e4n retki vei yll\u00e4tt\u00e4en yl\u00f6s vuorille. P\u00e4iv\u00e4n kohde oli Penken ja tavoitteena kierrell\u00e4 ylh\u00e4\u00e4ll\u00e4 ja siirty\u00e4 laksosta hissill\u00e4 yl\u00f6s. P\u00e4iv\u00e4 ei ollut aurinkoisin ja l\u00e4mp\u00f6\u00e4kin h\u00e4din tuskin 15 astetta. Nuttua p\u00e4\u00e4lle ja huipulle.<\/p>\n<p>Huipulla seikkaillessa eteen tuli pieni j\u00e4rvi. Rauhallinen ja hiljainen vuoristoj\u00e4rvi. Tyynest\u00e4 pinnasta kuvastui naapurivuori kaunisti. Taisi olla sama vuori, mist\u00e4 Eevert alkumatkasta laskeutui jyrkk\u00e4\u00e4 rinnett\u00e4 alas. T\u00e4\u00e4lt\u00e4 katsoen rinne n\u00e4yttikin l\u00e4hes pystysuoralta.<\/p>\n<figure id=\"attachment_3242\" aria-describedby=\"caption-attachment-3242\" style=\"width: 500px\" class=\"wp-caption aligncenter\"><a href=\"http:\/\/kinanen.fi\/wordpress\/wp-content\/uploads\/2011\/06\/Zillertal31.jpg\"><img fetchpriority=\"high\" decoding=\"async\" class=\"size-full wp-image-3242\" title=\"Zillertal31\" src=\"http:\/\/kinanen.fi\/wordpress\/wp-content\/uploads\/2011\/06\/Zillertal31.jpg\" alt=\"Tyyni j\u00e4rvi\" width=\"500\" height=\"333\" \/><\/a><figcaption id=\"caption-attachment-3242\" class=\"wp-caption-text\">Tyyni j\u00e4rvi<\/figcaption><\/figure>\n<p>N\u00e4kym\u00e4t eiv\u00e4t pett\u00e4neet t\u00e4ll\u00e4k\u00e4\u00e4n kertaa. Pivet pysytteliv\u00e4t vuorten yl\u00e4puolella ja kulkijan oli hyv\u00e4 edet\u00e4 leveit\u00e4 polkuja pitkin huipulta toiselle. Reilun parin tuhannen korkeudessa oli karjaa yll\u00e4tt\u00e4v\u00e4n paljon. Ja niist\u00e4h\u00e4n Eevert pit\u00e4\u00e4. Karvakorvaisia kellokkaita nautti el\u00e4m\u00e4st\u00e4\u00e4n l\u00e4hes joka mutkan takana. Muutamia villej\u00e4 mullikoitakin tuli kohdatuksi. Ihme on, ett\u00e4 el\u00e4imet eiv\u00e4t itse\u00e4\u00e4n pahasti satuta viett\u00e4vill\u00e4 rinteill\u00e4.<\/p>\n<figure id=\"attachment_3243\" aria-describedby=\"caption-attachment-3243\" style=\"width: 500px\" class=\"wp-caption aligncenter\"><a href=\"http:\/\/kinanen.fi\/wordpress\/wp-content\/uploads\/2011\/06\/Zillertal33.jpg\"><img decoding=\"async\" class=\"size-full wp-image-3243\" title=\"Zillertal33\" src=\"http:\/\/kinanen.fi\/wordpress\/wp-content\/uploads\/2011\/06\/Zillertal33.jpg\" alt=\"Vuoriel\u00e4in\" width=\"500\" height=\"334\" \/><\/a><figcaption id=\"caption-attachment-3243\" class=\"wp-caption-text\">Vuoriel\u00e4in<\/figcaption><\/figure>\n<p>Tapana on, ett\u00e4 kes\u00e4ksi karja vied\u00e4\u00e4n yl\u00f6s vuorille laiduntamaan ja syksyn tullen palataan alas laaksoon. Iso osa karjaa pit\u00e4\u00e4 kuitenkin lyps\u00e4\u00e4 vuorilla. Nykyisin moneen paikkaan p\u00e4\u00e4see autolla ja maito reippaalla kyydill\u00e4 paikalliseen meijeriin k\u00e4sitelt\u00e4v\u00e4ksi. Ennenmuinoin maito tuotiin alas kantamalla. Siisp\u00e4 tonkka kantolaitteeseen ja polulle. On siin\u00e4 ollut kantamista &#8211; tuumi Eevert katsellessaan huipulla olevan ravintolan sein\u00e4ll\u00e4 olevaa kantotelinett\u00e4. Ennest\u00e4\u00e4n korkealla ollut it\u00e4valtalaisen kunnioitus nousi edelleen ajatellessaan vuosisataista laiduntamisperinnett\u00e4.<\/p>\n<figure id=\"attachment_3244\" aria-describedby=\"caption-attachment-3244\" style=\"width: 500px\" class=\"wp-caption aligncenter\"><a href=\"http:\/\/kinanen.fi\/wordpress\/wp-content\/uploads\/2011\/06\/Zillertal32.jpg\"><img decoding=\"async\" class=\"size-full wp-image-3244\" title=\"Zillertal32\" src=\"http:\/\/kinanen.fi\/wordpress\/wp-content\/uploads\/2011\/06\/Zillertal32.jpg\" alt=\"Kantolaite\" width=\"500\" height=\"554\" \/><\/a><figcaption id=\"caption-attachment-3244\" class=\"wp-caption-text\">Kantolaite<\/figcaption><\/figure>\n<p>Ravitsevan gulassi-keiton ja semmelin j\u00e4lkeen olikin hyv\u00e4 l\u00e4hte\u00e4 laskeutumaan vuorelta alimmalle hissiasemalle. Eevertin mieli viipyili vuorilla ja mill\u00e4\u00e4n ei olisi malttanut matkaa jatkaa. Onneksi oli runsain m\u00e4\u00e4rin kulkijalle asetettuja penkkej\u00e4 henke\u00e4salpaavien n\u00e4kymien kohdalla. Ja niit\u00e4 penkkej\u00e4 tosiaan oli! Aika moneen piti miehen istahtaa hetkeksi tuumailemaan maailman kauneutta.<\/p>\n<figure id=\"attachment_3245\" aria-describedby=\"caption-attachment-3245\" style=\"width: 500px\" class=\"wp-caption aligncenter\"><a href=\"http:\/\/kinanen.fi\/wordpress\/wp-content\/uploads\/2011\/06\/Zillertal30.jpg\"><img loading=\"lazy\" decoding=\"async\" class=\"size-full wp-image-3245\" title=\"Zillertal30\" src=\"http:\/\/kinanen.fi\/wordpress\/wp-content\/uploads\/2011\/06\/Zillertal30.jpg\" alt=\"Eevertin huilipenkki\" width=\"500\" height=\"333\" \/><\/a><figcaption id=\"caption-attachment-3245\" class=\"wp-caption-text\">Eevertin huilipenkki Penkenill\u00e4<\/figcaption><\/figure>\n<p>&nbsp;<\/p>\n","protected":false},"excerpt":{"rendered":"<p>Juhannusp\u00e4iv\u00e4n retki vei yll\u00e4tt\u00e4en yl\u00f6s vuorille. P\u00e4iv\u00e4n kohde oli Penken ja tavoitteena kierrell\u00e4 ylh\u00e4\u00e4ll\u00e4 ja siirty\u00e4 laksosta hissill\u00e4 yl\u00f6s. P\u00e4iv\u00e4 ei ollut aurinkoisin ja l\u00e4mp\u00f6\u00e4kin h\u00e4din tuskin 15 astetta. Nuttua p\u00e4\u00e4lle ja huipulle. Huipulla seikkaillessa eteen tuli pieni j\u00e4rvi. Rauhallinen ja hiljainen vuoristoj\u00e4rvi. Tyynest\u00e4 pinnasta kuvastui naapurivuori kaunisti. Taisi olla sama vuori, mist\u00e4 Eevert alkumatkasta [&hellip;]<\/p>\n","protected":false},"author":1,"featured_media":0,"comment_status":"open","ping_status":"open","sticky":false,"template":"","format":"standard","meta":{"footnotes":""},"categories":[],"tags":[],"class_list":["post-3241","post","type-post","status-publish","format-standard","hentry"],"_links":{"self":[{"href":"https:\/\/www.kinanen.fi\/nukkekoti\/wp-json\/wp\/v2\/posts\/3241","targetHints":{"allow":["GET"]}}],"collection":[{"href":"https:\/\/www.kinanen.fi\/nukkekoti\/wp-json\/wp\/v2\/posts"}],"about":[{"href":"https:\/\/www.kinanen.fi\/nukkekoti\/wp-json\/wp\/v2\/types\/post"}],"author":[{"embeddable":true,"href":"https:\/\/www.kinanen.fi\/nukkekoti\/wp-json\/wp\/v2\/users\/1"}],"replies":[{"embeddable":true,"href":"https:\/\/www.kinanen.fi\/nukkekoti\/wp-json\/wp\/v2\/comments?post=3241"}],"version-history":[{"count":1,"href":"https:\/\/www.kinanen.fi\/nukkekoti\/wp-json\/wp\/v2\/posts\/3241\/revisions"}],"predecessor-version":[{"id":3246,"href":"https:\/\/www.kinanen.fi\/nukkekoti\/wp-json\/wp\/v2\/posts\/3241\/revisions\/3246"}],"wp:attachment":[{"href":"https:\/\/www.kinanen.fi\/nukkekoti\/wp-json\/wp\/v2\/media?parent=3241"}],"wp:term":[{"taxonomy":"category","embeddable":true,"href":"https:\/\/www.kinanen.fi\/nukkekoti\/wp-json\/wp\/v2\/categories?post=3241"},{"taxonomy":"post_tag","embeddable":true,"href":"https:\/\/www.kinanen.fi\/nukkekoti\/wp-json\/wp\/v2\/tags?post=3241"}],"curies":[{"name":"wp","href":"https:\/\/api.w.org\/{rel}","templated":true}]}}