{"id":3247,"date":"2011-06-27T09:07:27","date_gmt":"2011-06-27T06:07:27","guid":{"rendered":"http:\/\/kinanen.fi\/wordpress\/?p=3247"},"modified":"2011-06-27T09:07:27","modified_gmt":"2011-06-27T06:07:27","slug":"sateenkaaren-takaa","status":"publish","type":"post","link":"https:\/\/www.kinanen.fi\/nukkekoti\/sateenkaaren-takaa\/","title":{"rendered":"Sateenkaaren takaa"},"content":{"rendered":"<p>Varhainen aamuhetki ilahdutti kauniilla kaarella laakson per\u00e4ll\u00e4.<\/p>\n<figure id=\"attachment_3248\" aria-describedby=\"caption-attachment-3248\" style=\"width: 500px\" class=\"wp-caption aligncenter\"><a href=\"http:\/\/kinanen.fi\/wordpress\/wp-content\/uploads\/2011\/06\/Zillertal34.jpg\"><img fetchpriority=\"high\" decoding=\"async\" class=\"size-full wp-image-3248\" title=\"Zillertal34\" src=\"http:\/\/kinanen.fi\/wordpress\/wp-content\/uploads\/2011\/06\/Zillertal34.jpg\" alt=\"Sateenkaari\" width=\"500\" height=\"333\" \/><\/a><figcaption id=\"caption-attachment-3248\" class=\"wp-caption-text\">Sateenkaari<\/figcaption><\/figure>\n<p>Sateenkaren p\u00e4\u00e4ss\u00e4 kerrotaan olevan aarre. Millainen, siit\u00e4 Eevert tietenkin p\u00e4\u00e4tti l\u00e4hte\u00e4 selkoa ottamaan. Aamukahvin juotuaan h\u00e4n suuntasi kohti laakson per\u00e4\u00e4 ja ihmetteli uusia eteen aukeavia maisemia.<\/p>\n<p>Alppitiet kuljettelevat kapeita, mutkaisia ja henke\u00e4salpaavia mutkia pitkin yli Alppien. Pys\u00e4htymispaikkoja riit\u00e4\u00e4 ja ahkera Eevert naksuttelee kameraansa hieman joka suuntaan.<\/p>\n<figure id=\"attachment_3249\" aria-describedby=\"caption-attachment-3249\" style=\"width: 500px\" class=\"wp-caption aligncenter\"><a href=\"http:\/\/kinanen.fi\/wordpress\/wp-content\/uploads\/2011\/06\/Zillertal35.jpg\"><img decoding=\"async\" class=\"size-full wp-image-3249\" title=\"Zillertal35\" src=\"http:\/\/kinanen.fi\/wordpress\/wp-content\/uploads\/2011\/06\/Zillertal35.jpg\" alt=\"L\u00e4hes maailman katolla\" width=\"500\" height=\"333\" \/><\/a><figcaption id=\"caption-attachment-3249\" class=\"wp-caption-text\">L\u00e4hes maailman katolla<\/figcaption><\/figure>\n<p>Alpitie ei aarretta n\u00e4ytt\u00e4nyt, sill\u00e4 pian oli edess\u00e4 toinen sateenkaari. Maailman viidenneksi korkeimman vesitutouksen alajouksulla.<\/p>\n<figure id=\"attachment_3250\" aria-describedby=\"caption-attachment-3250\" style=\"width: 500px\" class=\"wp-caption aligncenter\"><a href=\"http:\/\/kinanen.fi\/wordpress\/wp-content\/uploads\/2011\/06\/Zillertal36.jpg\"><img decoding=\"async\" class=\"size-full wp-image-3250\" title=\"Zillertal36\" src=\"http:\/\/kinanen.fi\/wordpress\/wp-content\/uploads\/2011\/06\/Zillertal36.jpg\" alt=\"Auringon leikki\u00e4\" width=\"500\" height=\"333\" \/><\/a><figcaption id=\"caption-attachment-3250\" class=\"wp-caption-text\">Auringon leikki\u00e4 putouksella<\/figcaption><\/figure>\n<p>Pian putouksen j\u00e4lkeen Eevert oli taas alppitiell\u00e4 mutkittelemassa autonsa kanssa. Sateenkaaren p\u00e4\u00e4 taisikin l\u00f6yty\u00e4 sielt\u00e4!<\/p>\n<p>Kauan kaivattu ja toivottu s\u00f6p\u00f6l\u00e4inen osui kameran linssiin!<\/p>\n<p>Murmeli!<\/p>\n<figure id=\"attachment_3251\" aria-describedby=\"caption-attachment-3251\" style=\"width: 500px\" class=\"wp-caption aligncenter\"><a href=\"http:\/\/kinanen.fi\/wordpress\/wp-content\/uploads\/2011\/06\/Zillertal37.jpg\"><img loading=\"lazy\" decoding=\"async\" class=\"size-full wp-image-3251\" title=\"Zillertal37\" src=\"http:\/\/kinanen.fi\/wordpress\/wp-content\/uploads\/2011\/06\/Zillertal37.jpg\" alt=\"Murmeli\" width=\"500\" height=\"375\" \/><\/a><figcaption id=\"caption-attachment-3251\" class=\"wp-caption-text\">Murmeli<\/figcaption><\/figure>\n<p>Siin\u00e4 sit\u00e4 olikin yhdelle p\u00e4iv\u00e4lle aarretta riitt\u00e4miin. V\u00e4syneen\u00e4 majapaikassaan Eevert sammui s\u00e4nkyyns\u00e4 ja n\u00e4ki seikkailuistaan unia.<\/p>\n<p>Huomenna olisikin Hubertus-k\u00e4vely edess\u00e4. Mit\u00e4h\u00e4n sekin tuo tullessaan?<\/p>\n<p>______________<\/p>\n<p>Eevertin taloon ja pihapiiriin on l\u00f6ytynyt matkalla innoituksen aiheita ja iso joukko kivi\u00e4 rakennusttarpeiksi \ud83d\ude00<\/p>\n","protected":false},"excerpt":{"rendered":"<p>Varhainen aamuhetki ilahdutti kauniilla kaarella laakson per\u00e4ll\u00e4. Sateenkaren p\u00e4\u00e4ss\u00e4 kerrotaan olevan aarre. Millainen, siit\u00e4 Eevert tietenkin p\u00e4\u00e4tti l\u00e4hte\u00e4 selkoa ottamaan. Aamukahvin juotuaan h\u00e4n suuntasi kohti laakson per\u00e4\u00e4 ja ihmetteli uusia eteen aukeavia maisemia. Alppitiet kuljettelevat kapeita, mutkaisia ja henke\u00e4salpaavia mutkia pitkin yli Alppien. Pys\u00e4htymispaikkoja riit\u00e4\u00e4 ja ahkera Eevert naksuttelee kameraansa hieman joka suuntaan. Alpitie ei [&hellip;]<\/p>\n","protected":false},"author":1,"featured_media":0,"comment_status":"open","ping_status":"open","sticky":false,"template":"","format":"standard","meta":{"footnotes":""},"categories":[],"tags":[],"class_list":["post-3247","post","type-post","status-publish","format-standard","hentry"],"_links":{"self":[{"href":"https:\/\/www.kinanen.fi\/nukkekoti\/wp-json\/wp\/v2\/posts\/3247","targetHints":{"allow":["GET"]}}],"collection":[{"href":"https:\/\/www.kinanen.fi\/nukkekoti\/wp-json\/wp\/v2\/posts"}],"about":[{"href":"https:\/\/www.kinanen.fi\/nukkekoti\/wp-json\/wp\/v2\/types\/post"}],"author":[{"embeddable":true,"href":"https:\/\/www.kinanen.fi\/nukkekoti\/wp-json\/wp\/v2\/users\/1"}],"replies":[{"embeddable":true,"href":"https:\/\/www.kinanen.fi\/nukkekoti\/wp-json\/wp\/v2\/comments?post=3247"}],"version-history":[{"count":1,"href":"https:\/\/www.kinanen.fi\/nukkekoti\/wp-json\/wp\/v2\/posts\/3247\/revisions"}],"predecessor-version":[{"id":3252,"href":"https:\/\/www.kinanen.fi\/nukkekoti\/wp-json\/wp\/v2\/posts\/3247\/revisions\/3252"}],"wp:attachment":[{"href":"https:\/\/www.kinanen.fi\/nukkekoti\/wp-json\/wp\/v2\/media?parent=3247"}],"wp:term":[{"taxonomy":"category","embeddable":true,"href":"https:\/\/www.kinanen.fi\/nukkekoti\/wp-json\/wp\/v2\/categories?post=3247"},{"taxonomy":"post_tag","embeddable":true,"href":"https:\/\/www.kinanen.fi\/nukkekoti\/wp-json\/wp\/v2\/tags?post=3247"}],"curies":[{"name":"wp","href":"https:\/\/api.w.org\/{rel}","templated":true}]}}