{"id":3254,"date":"2011-06-28T20:36:12","date_gmt":"2011-06-28T17:36:12","guid":{"rendered":"http:\/\/kinanen.fi\/wordpress\/?p=3254"},"modified":"2011-06-28T20:38:55","modified_gmt":"2011-06-28T17:38:55","slug":"hubertus-kavely","status":"publish","type":"post","link":"https:\/\/www.kinanen.fi\/nukkekoti\/hubertus-kavely\/","title":{"rendered":"Hubertus-k\u00e4vely"},"content":{"rendered":"<p>Hubertus-k\u00e4velylle oli syyt\u00e4 l\u00e4hte\u00e4 taas hyvin varhain. Vuorilla her\u00e4t\u00e4\u00e4n aikaisin. Sana &#8221;Hubertus&#8221; taas on tullut Eevertille sukulaistytt\u00f6jen kautta tutuksi. Hubertuksesta puhuttaessa kyse oli yleens\u00e4 ratsastuksesta. Mist\u00e4 varsinaisesti oli kyse, on j\u00e4\u00e4nyt Eevertille hyvin ep\u00e4selv\u00e4ksi, mutta jostakin eritt\u00e4in vaativasta asiasta silloin kuitenkin puhuttiin.<\/p>\n<p>Hubertus-k\u00e4vely on siis my\u00f6s jotakin vaativaa.<\/p>\n<p>Aamu oli hyvin varhainen kun auto l\u00e4hti majapaikan pihasta liikkeelle. Suuntana oli yst\u00e4v\u00e4n suosittelema vuoristomaja. Majalla oli tarkoitus viett\u00e4\u00e4 my\u00f6s y\u00f6. Siisp\u00e4 reppuun oli pakattu kaikki mahdollinen vaellusta varten.<\/p>\n<figure id=\"attachment_3255\" aria-describedby=\"caption-attachment-3255\" style=\"width: 500px\" class=\"wp-caption aligncenter\"><a href=\"http:\/\/kinanen.fi\/wordpress\/wp-content\/uploads\/2011\/06\/Zillertal46.jpg\"><img fetchpriority=\"high\" decoding=\"async\" class=\"size-full wp-image-3255\" title=\"Zillertal46\" src=\"http:\/\/kinanen.fi\/wordpress\/wp-content\/uploads\/2011\/06\/Zillertal46.jpg\" alt=\"Pala kakkua\" width=\"500\" height=\"334\" \/><\/a><figcaption id=\"caption-attachment-3255\" class=\"wp-caption-text\">Polku kuin pala kakkua - tasaista ja suoraa?<\/figcaption><\/figure>\n<p>Polku (=tie) l\u00e4hti alhaalta ja nousi hiljalleen (= ajoittain 35 asteen kulmassa) kauniiden vuoristoniittyjen halki korkeuksiin. Majan sijainti oli 2046 metriss\u00e4, joten nousua tulikin sitten reilut 700m &#8211; 17 000 askelen voimin. Hubertus-k\u00e4vely on siis hyvin, hyvin, hyvin monta askelta taukoamatonta yl\u00e4m\u00e4ke\u00e4.<\/p>\n<p>Matkan varrella oli muutama majatalo, joka tarjosi virvokkeita. Niist\u00e4 he mit\u00e4 ilmeisimmin saivat pyyt\u00e4\u00e4 ihan mit\u00e4 tahansa. Kulkijoille niinkin rahvas asia kuin eurot, eiv\u00e4t merkinneet mit\u00e4\u00e4n t\u00e4n\u00e4 helteisen\u00e4 vuoristop\u00e4iv\u00e4n\u00e4.<\/p>\n<p>Itse\u00e4\u00e4nkin ihmetellen Eevert sitke\u00e4sti ja tasaisesti vaellussauvaansa tukeutuen nousi jatkuvaa rinnett\u00e4 yl\u00f6sp\u00e4in. Tervehti matkan varrella muutamia vuoristolehmi\u00e4, rapsutellen ja jutellen mukavia. Lehm\u00e4t ilmiselv\u00e4sti ymm\u00e4rsiv\u00e4t miehen lepertely\u00e4 ja nuolaisivat karhealla kielell\u00e4\u00e4n Eevertin hikist\u00e4 (= suolaista) k\u00e4sivartta kannustaakseen miest\u00e4 jatkamaan matkaansa.<\/p>\n<figure id=\"attachment_3256\" aria-describedby=\"caption-attachment-3256\" style=\"width: 480px\" class=\"wp-caption aligncenter\"><a href=\"http:\/\/kinanen.fi\/wordpress\/wp-content\/uploads\/2011\/06\/lehma_ja_mare_juttelee001.jpg\"><img decoding=\"async\" class=\"size-full wp-image-3256\" title=\"lehma_ja_mare_juttelee001\" src=\"http:\/\/kinanen.fi\/wordpress\/wp-content\/uploads\/2011\/06\/lehma_ja_mare_juttelee001.jpg\" alt=\"Keskusteluhetki\" width=\"480\" height=\"640\" \/><\/a><figcaption id=\"caption-attachment-3256\" class=\"wp-caption-text\">Keskusteluhetki<\/figcaption><\/figure>\n<p>Alkumatka kulki tiet\u00e4 pitkin. Loppumatka siirtyikin kotkareitille. Aika pian selvisi sekin millainen kotka on kyseess\u00e4. Lent\u00e4en matka olisikin taittunut varmasti sujuvammin. Viimeiset 200 metrin nousu (siis suoraan yl\u00f6sp\u00e4in korkeutta, eik\u00e4 ollenkaan esim. parin sadan metrin pituinen polunp\u00e4tk\u00e4) olikin hyvin pient\u00e4, kivist\u00e4 polkua. Kivill\u00e4 oli kohtalaisen helppo kulkea kuivalla kelill\u00e4. Polku ei tuntunut loppuvan ollenkaan ja miest\u00e4 jo jossakin v\u00e4liss\u00e4 huimasi kovastikin katsellessaan jyrkk\u00e4\u00e4 rinnett\u00e4 alasp\u00e4in.<\/p>\n<figure id=\"attachment_3259\" aria-describedby=\"caption-attachment-3259\" style=\"width: 520px\" class=\"wp-caption aligncenter\"><a href=\"http:\/\/kinanen.fi\/wordpress\/wp-content\/uploads\/2011\/06\/panoranskaja0011.jpg\"><img decoding=\"async\" class=\"size-full wp-image-3259\" title=\"panoranskaja001\" src=\"http:\/\/kinanen.fi\/wordpress\/wp-content\/uploads\/2011\/06\/panoranskaja0011.jpg\" alt=\"Berliner hutte\" width=\"520\" height=\"93\" \/><\/a><figcaption id=\"caption-attachment-3259\" class=\"wp-caption-text\">Berliner hutte<\/figcaption><\/figure>\n<p>Berliner h\u00fctte \u2013 tuo tavoiteltu m\u00e4\u00e4r\u00e4np\u00e4\u00e4 viimein n\u00e4kyi horisontissa. Tai sen katto. Rakennus oli valtava! Nelikerroksinen majatalo jonka historia ylettyy 1800 luvulle saakka. Ikiaikasta kulkureitti\u00e4 pitkin oli Eevertkin saapunut vuorille. N\u00e4kymi\u00e4 riitti ja niit\u00e4 h\u00e4n j\u00e4ikin ihastelemaan majatalon terassille. Monenlaista kulkijaa siin\u00e4 viiv\u00e4htikin. Kiipeilij\u00f6it\u00e4, vaeltajia, p\u00e4iv\u00e4retkeilij\u00f6it\u00e4. Ja kaikki majatalon v\u00e4ki otti vastaan kuin kauan odotetun vieraan.<\/p>\n<p>Eevert varasi tuosta vanhasta majatalosta huoneen. Huonekin oli muisto menneisyydest\u00e4. Juurikaan nykyaika ei pilkistellyt nurkista. Pieness\u00e4 huoneessa oli s\u00e4nky, jakkara ja pieni p\u00f6yt\u00e4 sek\u00e4 toinen patja lattialla. Siihen oli hyv\u00e4 matkalaisen oikaista.<\/p>\n<figure id=\"attachment_3263\" aria-describedby=\"caption-attachment-3263\" style=\"width: 500px\" class=\"wp-caption aligncenter\"><a href=\"http:\/\/kinanen.fi\/wordpress\/wp-content\/uploads\/2011\/06\/Zillertal44.jpg\"><img loading=\"lazy\" decoding=\"async\" class=\"size-full wp-image-3263\" title=\"Zillertal44\" src=\"http:\/\/kinanen.fi\/wordpress\/wp-content\/uploads\/2011\/06\/Zillertal44.jpg\" alt=\"Taidokas naulakko\" width=\"500\" height=\"407\" \/><\/a><figcaption id=\"caption-attachment-3263\" class=\"wp-caption-text\">Taidokasta taontaa <\/figcaption><\/figure>\n<p>Lukuisat pienet yksityskohdat kertoivat omaa tarinaansa niiden lukemattomien kulkijoiden vaiheista joita yli sadan vuoden aikana olivat t\u00e4\u00e4lt\u00e4 suojan saaneet ylitt\u00e4ess\u00e4\u00e4n vuoria, ilmeisen merkitt\u00e4v\u00e4\u00e4 polkua pitkin.<\/p>\n<figure id=\"attachment_3264\" aria-describedby=\"caption-attachment-3264\" style=\"width: 498px\" class=\"wp-caption aligncenter\"><a href=\"http:\/\/kinanen.fi\/wordpress\/wp-content\/uploads\/2011\/06\/Zillertal40.jpg\"><img loading=\"lazy\" decoding=\"async\" class=\"size-full wp-image-3264\" title=\"Zillertal40\" src=\"http:\/\/kinanen.fi\/wordpress\/wp-content\/uploads\/2011\/06\/Zillertal40.jpg\" alt=\"Pesuvati\" width=\"498\" height=\"332\" \/><\/a><figcaption id=\"caption-attachment-3264\" class=\"wp-caption-text\">Vati pesukomuutin p\u00e4\u00e4ll\u00e4<\/figcaption><\/figure>\n<p>Vanhoja pesup\u00f6yti\u00e4 oli siell\u00e4 t\u00e4\u00e4ll\u00e4. Yksi sellainen Eevertin huoneessakin. Peseytymisk\u00e4yt\u00f6ss\u00e4 ne eiv\u00e4t en\u00e4\u00e4 olleet, enempikin ihastuttamassa vanhaa arvostavaa kulkijakuntaa. Vanhojen tavaroiden \u00e4\u00e4rell\u00e4 vier\u00e4htikin tovi jos toinenkin.<\/p>\n<p>Eevertin pieness\u00e4 2x4m huoneessa oli sein\u00e4ll\u00e4 vaatepuu ja vanha peili. Pelist\u00e4 tuskin kuvajaistansa en\u00e4\u00e4 n\u00e4ki, mutta vaatepuu ajoi asiansa edelleenkin. Tuommoisen mielisin kotiinkin housujen ripustimeksi makuukamariini, mietiskeli mies viikatessaan vaellushousujaan paikoilleen.<\/p>\n<figure id=\"attachment_3265\" aria-describedby=\"caption-attachment-3265\" style=\"width: 500px\" class=\"wp-caption aligncenter\"><a href=\"http:\/\/kinanen.fi\/wordpress\/wp-content\/uploads\/2011\/06\/Zillertal45.jpg\"><img loading=\"lazy\" decoding=\"async\" class=\"size-full wp-image-3265\" title=\"Zillertal45\" src=\"http:\/\/kinanen.fi\/wordpress\/wp-content\/uploads\/2011\/06\/Zillertal45.jpg\" alt=\"Vanha vaatepuu\" width=\"500\" height=\"494\" \/><\/a><figcaption id=\"caption-attachment-3265\" class=\"wp-caption-text\">Huoneen vaatepuu<\/figcaption><\/figure>\n<p>Kauniita k\u00e4ytt\u00f6esineit\u00e4 esineit\u00e4 oli taltioitu niin seinille kuin ikkunalaudoillekin. Talo oli kaikkinensa melkoinen aarreaitta antiikista kiinnostuneille k\u00e4vij\u00f6ille.<\/p>\n<figure id=\"attachment_3260\" aria-describedby=\"caption-attachment-3260\" style=\"width: 427px\" class=\"wp-caption aligncenter\"><a href=\"http:\/\/kinanen.fi\/wordpress\/wp-content\/uploads\/2011\/06\/Zillertal38.jpg\"><img loading=\"lazy\" decoding=\"async\" class=\"size-full wp-image-3260\" title=\"Zillertal38\" src=\"http:\/\/kinanen.fi\/wordpress\/wp-content\/uploads\/2011\/06\/Zillertal38.jpg\" alt=\"Keskiosan portaikko\" width=\"427\" height=\"640\" \/><\/a><figcaption id=\"caption-attachment-3260\" class=\"wp-caption-text\">Keskiosan portaikko 1900- alusta<\/figcaption><\/figure>\n<p>Majatalossa oli 175 petipaikkaa, ei siis kovinkaan pieni paikka. Ja majatalo oli t\u00e4ynn\u00e4. Matkalaisten seassa oli my\u00f6s melkoinen joukko lapsia ja nuoria leirikoulujen merkeiss\u00e4. Eip\u00e4 arvannut p\u00e4iv\u00e4ll\u00e4 kuinka paljon v\u00e4ke\u00e4 olikaan tullut vuorelle!<\/p>\n<p>Vanha talo oli puuta sis\u00e4lt\u00e4. Illan tullen mekkala oli huima. Talo t\u00e4r\u00e4hteli kun isommat ja pienemm\u00e4t jalat kulkivat vanhoilla lankkulattioilla. Jymin\u00e4 oli p\u00e4\u00e4t\u00e4huimaavaa. Kuiskauskin muodostui hetkess\u00e4 karjaisuksi, niin hyv\u00e4 akustiikka ja kaikukoppa rakennus oli. Vanha Stradivariuskin olisi kadehtinut moista mallikasta melukoppaa. Talossa oli yleinen hiljaisuus klo 22, mik\u00e4 koski etup\u00e4\u00e4ss\u00e4 leirikoululaisia. Aikuisten el\u00e4m\u00e4 jatkui my\u00f6hemp\u00e4\u00e4n ja y\u00f6n hiljaisina tunteina jo pelk\u00e4st\u00e4\u00e4n vessassa k\u00e4yminen her\u00e4tti 50 muuta matkalaista narinoillaan ja t\u00e4rin\u00f6ill\u00e4\u00e4n. Melkoinen kokemus y\u00f6 oli vanhalle miehelle &#8211; korvatulpista huolimatta.<\/p>\n<figure id=\"attachment_3261\" aria-describedby=\"caption-attachment-3261\" style=\"width: 502px\" class=\"wp-caption aligncenter\"><a href=\"http:\/\/kinanen.fi\/wordpress\/wp-content\/uploads\/2011\/06\/Zillertal41.jpg\"><img loading=\"lazy\" decoding=\"async\" class=\"size-full wp-image-3261\" title=\"Zillertal41\" src=\"http:\/\/kinanen.fi\/wordpress\/wp-content\/uploads\/2011\/06\/Zillertal41.jpg\" alt=\"Aurinkoinen yl\u00e4nk\u00f6\" width=\"502\" height=\"320\" \/><\/a><figcaption id=\"caption-attachment-3261\" class=\"wp-caption-text\">Aurinkoinen yl\u00e4nk\u00f6<\/figcaption><\/figure>\n<p>Berliner h\u00fctte oli vuorilla. Tiet\u00e4 ei talolle tullut. Niinp\u00e4 sit\u00e4 ihmettelem\u00e4\u00e4n kuinka moinen kerrostalo oli vuorelle rakennettu. Paljon oli tarvittu rakennusaineita. Puuta ja muuta. Puhumattakaan kaikesta siit\u00e4 mit\u00e4 keitti\u00f6 ja ravintola matkalaisille tarjosi.<\/p>\n<p>Aamulla matkaa jatkettaessa polulla vastaan tuli viisi paikallista miest\u00e4. Kullakin isoja parruja sel\u00e4ss\u00e4. Remonttihommia. Ja totta tosiaan, kantamalla jokainen parrukin paikalle tulee. It\u00e4valtalaisten kunnioitus sen kun vaan kasvaa!<\/p>\n<figure id=\"attachment_3262\" aria-describedby=\"caption-attachment-3262\" style=\"width: 500px\" class=\"wp-caption aligncenter\"><a href=\"http:\/\/kinanen.fi\/wordpress\/wp-content\/uploads\/2011\/06\/Zillertal42.jpg\"><img loading=\"lazy\" decoding=\"async\" class=\"size-full wp-image-3262\" title=\"Zillertal42\" src=\"http:\/\/kinanen.fi\/wordpress\/wp-content\/uploads\/2011\/06\/Zillertal42.jpg\" alt=\"Remonttihommia\" width=\"500\" height=\"628\" \/><\/a><figcaption id=\"caption-attachment-3262\" class=\"wp-caption-text\">Remonttihommia<\/figcaption><\/figure>\n<p>Sit\u00e4 pohtiessa Eevert laskeutui vuorelta viist\u00e4v\u00e4\u00e4 polkua ja tiet\u00e4 alas. Ihmetteli laskeutuessaan, ett\u00e4 min\u00e4k\u00f6 todella t\u00e4nne olen itse kiivennyt. Eip\u00e4 ole mennyt kuntoutus hukkaan!<\/p>\n<p>&nbsp;<\/p>\n","protected":false},"excerpt":{"rendered":"<p>Hubertus-k\u00e4velylle oli syyt\u00e4 l\u00e4hte\u00e4 taas hyvin varhain. Vuorilla her\u00e4t\u00e4\u00e4n aikaisin. Sana &#8221;Hubertus&#8221; taas on tullut Eevertille sukulaistytt\u00f6jen kautta tutuksi. Hubertuksesta puhuttaessa kyse oli yleens\u00e4 ratsastuksesta. Mist\u00e4 varsinaisesti oli kyse, on j\u00e4\u00e4nyt Eevertille hyvin ep\u00e4selv\u00e4ksi, mutta jostakin eritt\u00e4in vaativasta asiasta silloin kuitenkin puhuttiin. Hubertus-k\u00e4vely on siis my\u00f6s jotakin vaativaa. Aamu oli hyvin varhainen kun auto l\u00e4hti [&hellip;]<\/p>\n","protected":false},"author":1,"featured_media":0,"comment_status":"open","ping_status":"open","sticky":false,"template":"","format":"standard","meta":{"footnotes":""},"categories":[],"tags":[],"class_list":["post-3254","post","type-post","status-publish","format-standard","hentry"],"_links":{"self":[{"href":"https:\/\/www.kinanen.fi\/nukkekoti\/wp-json\/wp\/v2\/posts\/3254","targetHints":{"allow":["GET"]}}],"collection":[{"href":"https:\/\/www.kinanen.fi\/nukkekoti\/wp-json\/wp\/v2\/posts"}],"about":[{"href":"https:\/\/www.kinanen.fi\/nukkekoti\/wp-json\/wp\/v2\/types\/post"}],"author":[{"embeddable":true,"href":"https:\/\/www.kinanen.fi\/nukkekoti\/wp-json\/wp\/v2\/users\/1"}],"replies":[{"embeddable":true,"href":"https:\/\/www.kinanen.fi\/nukkekoti\/wp-json\/wp\/v2\/comments?post=3254"}],"version-history":[{"count":3,"href":"https:\/\/www.kinanen.fi\/nukkekoti\/wp-json\/wp\/v2\/posts\/3254\/revisions"}],"predecessor-version":[{"id":3267,"href":"https:\/\/www.kinanen.fi\/nukkekoti\/wp-json\/wp\/v2\/posts\/3254\/revisions\/3267"}],"wp:attachment":[{"href":"https:\/\/www.kinanen.fi\/nukkekoti\/wp-json\/wp\/v2\/media?parent=3254"}],"wp:term":[{"taxonomy":"category","embeddable":true,"href":"https:\/\/www.kinanen.fi\/nukkekoti\/wp-json\/wp\/v2\/categories?post=3254"},{"taxonomy":"post_tag","embeddable":true,"href":"https:\/\/www.kinanen.fi\/nukkekoti\/wp-json\/wp\/v2\/tags?post=3254"}],"curies":[{"name":"wp","href":"https:\/\/api.w.org\/{rel}","templated":true}]}}