{"id":3286,"date":"2011-07-01T20:32:04","date_gmt":"2011-07-01T17:32:04","guid":{"rendered":"http:\/\/kinanen.fi\/wordpress\/?p=3286"},"modified":"2011-07-01T20:35:11","modified_gmt":"2011-07-01T17:35:11","slug":"arvoitusten-aika","status":"publish","type":"post","link":"https:\/\/www.kinanen.fi\/nukkekoti\/arvoitusten-aika\/","title":{"rendered":"Arvoitusten aika"},"content":{"rendered":"<p>Eevert suuntasi aamuvarhaisella itsens\u00e4 liikkeelle. Matkallaan h\u00e4n perehtyi tarkasti alueen maatalouteen. Moni lukija onkin huomannut, ett\u00e4 miehen tiet ovat vieneet h\u00e4net syv\u00e4lle It\u00e4vallan maatalouden syd\u00e4meen. Laitumet alkavat jo koti-ikkunan takaa ja retketkin ovat suuntautuneet laidunmeille (=usein talvisille laskettelurinteille, joita karja pit\u00e4\u00e4 kunnossa kes\u00e4aikana)<\/p>\n<p>On aika perehty\u00e4 paikalliseen el\u00e4m\u00e4\u00e4n. Siisp\u00e4 pieni visailu on paikallaan.<\/p>\n<p>Onko t\u00e4ss\u00e4 kuvassa paikallinen asukas pilkkomassa talveksi polttopuita, vai mist\u00e4 mahtaa olla kysymys?<\/p>\n<p>&nbsp;<\/p>\n<figure id=\"attachment_3287\" aria-describedby=\"caption-attachment-3287\" style=\"width: 501px\" class=\"wp-caption aligncenter\"><a href=\"http:\/\/kinanen.fi\/wordpress\/wp-content\/uploads\/2011\/07\/Zillertal64.jpg\"><img fetchpriority=\"high\" decoding=\"async\" class=\"size-full wp-image-3287\" title=\"Zillertal64\" src=\"http:\/\/kinanen.fi\/wordpress\/wp-content\/uploads\/2011\/07\/Zillertal64.jpg\" alt=\"Polttopuita\" width=\"501\" height=\"397\" \/><\/a><figcaption id=\"caption-attachment-3287\" class=\"wp-caption-text\">Polttopuiden halkomista<\/figcaption><\/figure>\n<p>&nbsp;<\/p>\n<p>Ent\u00e4 mit\u00e4 arvelet t\u00e4ss\u00e4 kuvassa tapahtuvan? Ty\u00f6n touhussa, mutta millaisessa?<\/p>\n<p>&nbsp;<\/p>\n<figure id=\"attachment_3288\" aria-describedby=\"caption-attachment-3288\" style=\"width: 501px\" class=\"wp-caption aligncenter\"><a href=\"http:\/\/kinanen.fi\/wordpress\/wp-content\/uploads\/2011\/07\/Zillertal75.jpg\"><img decoding=\"async\" class=\"size-full wp-image-3288\" title=\"Zillertal75\" src=\"http:\/\/kinanen.fi\/wordpress\/wp-content\/uploads\/2011\/07\/Zillertal75.jpg\" alt=\"Ty\u00f6n touhussa\" width=\"501\" height=\"422\" \/><\/a><figcaption id=\"caption-attachment-3288\" class=\"wp-caption-text\">Ty\u00f6n touhussa<\/figcaption><\/figure>\n<p>Ja viel\u00e4 viimeiseksi. Eevert l\u00f6ysi passelin talon itselleen. Ehk\u00e4 hieman iso, mutta voisi sitten kutsua suvun jos toisenkin vierailulle yhdell\u00e4 kertaa. Mik\u00e4 talo voisi olla kyseess\u00e4?<\/p>\n<p>&nbsp;<\/p>\n<figure id=\"attachment_3289\" aria-describedby=\"caption-attachment-3289\" style=\"width: 500px\" class=\"wp-caption aligncenter\"><a href=\"http:\/\/kinanen.fi\/wordpress\/wp-content\/uploads\/2011\/07\/Zillertal73.jpg\"><img decoding=\"async\" class=\"size-full wp-image-3289\" title=\"Zillertal73\" src=\"http:\/\/kinanen.fi\/wordpress\/wp-content\/uploads\/2011\/07\/Zillertal73.jpg\" alt=\"Talopaketti\" width=\"500\" height=\"380\" \/><\/a><figcaption id=\"caption-attachment-3289\" class=\"wp-caption-text\">Talopaketti<\/figcaption><\/figure>\n<p>&nbsp;<\/p>\n<p>N\u00e4it\u00e4 Eevert mietiskeli kulkiessan hieman sumuisena p\u00e4iv\u00e4n\u00e4 Stillupptalin laakson l\u00e4pi. Ja mik\u00e4 oli mietiskelless\u00e4. Pienet sumut ja sateenropinat eiv\u00e4t n\u00e4iss\u00e4 maisemissa ihmeemmin edes haittaa. Sama maisema saa kaikilla keleill\u00e4 uusia ja ennen kokemattomia ulottuvuuksia.<\/p>\n<p>&nbsp;<\/p>\n<figure id=\"attachment_3290\" aria-describedby=\"caption-attachment-3290\" style=\"width: 504px\" class=\"wp-caption aligncenter\"><a href=\"http:\/\/kinanen.fi\/wordpress\/wp-content\/uploads\/2011\/07\/Zillertal76.jpg\"><img loading=\"lazy\" decoding=\"async\" class=\"size-full wp-image-3290\" title=\"Zillertal76\" src=\"http:\/\/kinanen.fi\/wordpress\/wp-content\/uploads\/2011\/07\/Zillertal76.jpg\" alt=\"Levollinen hetki\" width=\"504\" height=\"346\" \/><\/a><figcaption id=\"caption-attachment-3290\" class=\"wp-caption-text\">Levollinen hetki<\/figcaption><\/figure>\n<p>Mit\u00e4 arvelet Eevertin saaneen selville? Moisia arvoituksia miesh\u00e4n ei tietenk\u00e4\u00e4n j\u00e4t\u00e4 tutkimatta \ud83d\ude09<\/p>\n<p>&nbsp;<\/p>\n","protected":false},"excerpt":{"rendered":"<p>Eevert suuntasi aamuvarhaisella itsens\u00e4 liikkeelle. Matkallaan h\u00e4n perehtyi tarkasti alueen maatalouteen. Moni lukija onkin huomannut, ett\u00e4 miehen tiet ovat vieneet h\u00e4net syv\u00e4lle It\u00e4vallan maatalouden syd\u00e4meen. Laitumet alkavat jo koti-ikkunan takaa ja retketkin ovat suuntautuneet laidunmeille (=usein talvisille laskettelurinteille, joita karja pit\u00e4\u00e4 kunnossa kes\u00e4aikana) On aika perehty\u00e4 paikalliseen el\u00e4m\u00e4\u00e4n. Siisp\u00e4 pieni visailu on paikallaan. Onko t\u00e4ss\u00e4 [&hellip;]<\/p>\n","protected":false},"author":1,"featured_media":0,"comment_status":"open","ping_status":"open","sticky":false,"template":"","format":"standard","meta":{"footnotes":""},"categories":[],"tags":[],"class_list":["post-3286","post","type-post","status-publish","format-standard","hentry"],"_links":{"self":[{"href":"https:\/\/www.kinanen.fi\/nukkekoti\/wp-json\/wp\/v2\/posts\/3286","targetHints":{"allow":["GET"]}}],"collection":[{"href":"https:\/\/www.kinanen.fi\/nukkekoti\/wp-json\/wp\/v2\/posts"}],"about":[{"href":"https:\/\/www.kinanen.fi\/nukkekoti\/wp-json\/wp\/v2\/types\/post"}],"author":[{"embeddable":true,"href":"https:\/\/www.kinanen.fi\/nukkekoti\/wp-json\/wp\/v2\/users\/1"}],"replies":[{"embeddable":true,"href":"https:\/\/www.kinanen.fi\/nukkekoti\/wp-json\/wp\/v2\/comments?post=3286"}],"version-history":[{"count":3,"href":"https:\/\/www.kinanen.fi\/nukkekoti\/wp-json\/wp\/v2\/posts\/3286\/revisions"}],"predecessor-version":[{"id":3292,"href":"https:\/\/www.kinanen.fi\/nukkekoti\/wp-json\/wp\/v2\/posts\/3286\/revisions\/3292"}],"wp:attachment":[{"href":"https:\/\/www.kinanen.fi\/nukkekoti\/wp-json\/wp\/v2\/media?parent=3286"}],"wp:term":[{"taxonomy":"category","embeddable":true,"href":"https:\/\/www.kinanen.fi\/nukkekoti\/wp-json\/wp\/v2\/categories?post=3286"},{"taxonomy":"post_tag","embeddable":true,"href":"https:\/\/www.kinanen.fi\/nukkekoti\/wp-json\/wp\/v2\/tags?post=3286"}],"curies":[{"name":"wp","href":"https:\/\/api.w.org\/{rel}","templated":true}]}}