{"id":3304,"date":"2011-07-04T18:05:12","date_gmt":"2011-07-04T15:05:12","guid":{"rendered":"http:\/\/kinanen.fi\/wordpress\/?p=3304"},"modified":"2011-07-04T22:55:07","modified_gmt":"2011-07-04T19:55:07","slug":"viimeisella-huipulla","status":"publish","type":"post","link":"https:\/\/www.kinanen.fi\/nukkekoti\/viimeisella-huipulla\/","title":{"rendered":"Viimeisell\u00e4 huipulla"},"content":{"rendered":"<p>Kaikki loppuu aikanaan. Niin Eevertin vaelluksetkin. Viimeisell\u00e4 huipulla Eevert seisoskeli pitk\u00e4\u00e4n tutkaillen alati vaihtuvaa s\u00e4\u00e4t\u00e4. Aurinkoista ja hetkess\u00e4 lumista ja viilt\u00e4v\u00e4n koleaa kes\u00e4tuulta.<\/p>\n<p>Seisoskellessaan ihailemassa lumisia huippuja mies p\u00e4\u00e4tyi muutamien muidenkin turistien perhealbumeihin talteen ja kotijoukoille ihmetelt\u00e4v\u00e4ksi perhekunnasta joka asetteli pikkumiest\u00e4 tuulessa kiven p\u00e4\u00e4lle.<\/p>\n<figure id=\"attachment_3305\" aria-describedby=\"caption-attachment-3305\" style=\"width: 500px\" class=\"wp-caption aligncenter\"><a href=\"http:\/\/kinanen.fi\/wordpress\/wp-content\/uploads\/2011\/07\/Zillertal87.jpg\"><img fetchpriority=\"high\" decoding=\"async\" class=\"size-full wp-image-3305\" title=\"Zillertal87\" src=\"http:\/\/kinanen.fi\/wordpress\/wp-content\/uploads\/2011\/07\/Zillertal87.jpg\" alt=\"Viimeisell\u00e4 huipulla\" width=\"500\" height=\"333\" \/><\/a><figcaption id=\"caption-attachment-3305\" class=\"wp-caption-text\">Viimeisell\u00e4 huipulla<\/figcaption><\/figure>\n<p>&nbsp;<\/p>\n<p>Melkoisen aavemaisilta huiput n\u00e4yttiv\u00e4tkin pilviverhojen takaa.<\/p>\n<p>&nbsp;<\/p>\n<figure id=\"attachment_3306\" aria-describedby=\"caption-attachment-3306\" style=\"width: 502px\" class=\"wp-caption aligncenter\"><a href=\"http:\/\/kinanen.fi\/wordpress\/wp-content\/uploads\/2011\/07\/Zillertal89.jpg\"><img decoding=\"async\" class=\"size-full wp-image-3306\" title=\"Zillertal89\" src=\"http:\/\/kinanen.fi\/wordpress\/wp-content\/uploads\/2011\/07\/Zillertal89.jpg\" alt=\"Aavevuori\" width=\"502\" height=\"355\" \/><\/a><figcaption id=\"caption-attachment-3306\" class=\"wp-caption-text\">Aavemainen vuori<\/figcaption><\/figure>\n<p>&nbsp;<\/p>\n<p>Takana n\u00e4kym\u00e4t olivat huomattavasti selke\u00e4mpi\u00e4.<\/p>\n<figure id=\"attachment_3307\" aria-describedby=\"caption-attachment-3307\" style=\"width: 500px\" class=\"wp-caption aligncenter\"><a href=\"http:\/\/kinanen.fi\/wordpress\/wp-content\/uploads\/2011\/07\/Zillertal88.jpg\"><img decoding=\"async\" class=\"size-full wp-image-3307\" title=\"Zillertal88\" src=\"http:\/\/kinanen.fi\/wordpress\/wp-content\/uploads\/2011\/07\/Zillertal88.jpg\" alt=\"Vaihtuva maisema\" width=\"500\" height=\"334\" \/><\/a><figcaption id=\"caption-attachment-3307\" class=\"wp-caption-text\">Vaihtuva maisema<\/figcaption><\/figure>\n<p>&nbsp;<\/p>\n<p>Viimeisiin asioihin kuuluvat tietenkin my\u00f6s hyv\u00e4t juhlat. Juhliin on mit\u00e4 parhainta p\u00e4\u00e4tt\u00e4\u00e4 retki jos toinenkin. Humppapumppaa soimaan ja iloisia yst\u00e4vi\u00e4 ymp\u00e4rille. Eevertin kotikyl\u00e4ss\u00e4 vietettiin 1000 oluen juhlia ja sinneh\u00e4n mieskin mieli mukaan. Siisp\u00e4 vuorelta alas ja illaksi seuroihin.<\/p>\n<p>&nbsp;<\/p>\n<figure id=\"attachment_3308\" aria-describedby=\"caption-attachment-3308\" style=\"width: 500px\" class=\"wp-caption aligncenter\"><a href=\"http:\/\/www.youtube.com\/watch?v=YIiFpkCDAho\" target=\"_blank\"><img loading=\"lazy\" decoding=\"async\" class=\"size-full wp-image-3308\" title=\"Zillertal90\" src=\"http:\/\/kinanen.fi\/wordpress\/wp-content\/uploads\/2011\/07\/Zillertal90.jpg\" alt=\"Humpahtava kaksikko\" width=\"500\" height=\"364\" \/><\/a><figcaption id=\"caption-attachment-3308\" class=\"wp-caption-text\">Humpahtava kaksikko<\/figcaption><\/figure>\n<p>Paikallisella volk\/tanz-musiikilla ja juomalauluilla iltaa siivittiv\u00e4t <a href=\"http:\/\/www.zillertaler-nachtschwaermer.net\/\" target=\"_blank\">Zillertaler Nachtschw\u00e4rmer<\/a>. <span style=\"color: #ffcc99;\">Tunnelmaan p\u00e4\u00e4set mukaan klikkaamalla kuvaa!<\/span><\/p>\n<p>Paikallisia herkkujakin oli tarjolla. Ja niit\u00e4h\u00e4n piti tietenkin rohkeasti maistella. Zillertalin munkit &#8211; Eevertin omatkin bravuurit &#8211; maistuivat omassa ymp\u00e4rist\u00f6ss\u00e4\u00e4n oikein maukkailta.<\/p>\n<p>&nbsp;<\/p>\n<figure id=\"attachment_3309\" aria-describedby=\"caption-attachment-3309\" style=\"width: 500px\" class=\"wp-caption aligncenter\"><a href=\"http:\/\/kinanen.fi\/wordpress\/wp-content\/uploads\/2011\/07\/Zillertal92.jpg\"><img loading=\"lazy\" decoding=\"async\" class=\"size-full wp-image-3309\" title=\"Zillertal92\" src=\"http:\/\/kinanen.fi\/wordpress\/wp-content\/uploads\/2011\/07\/Zillertal92.jpg\" alt=\"Munkit ja juomat\" width=\"500\" height=\"429\" \/><\/a><figcaption id=\"caption-attachment-3309\" class=\"wp-caption-text\">Munkit ja juomat<\/figcaption><\/figure>\n<p>&nbsp;<\/p>\n<p>Uppopaistetut leivonnaiset sis\u00e4lt\u00e4v\u00e4t juustoa ja sipulia. Niit\u00e4 sy\u00f6d\u00e4\u00e4n erityisesti kyl\u00e4juhlilla oluen kanssa. Makoisaa suolaista v\u00e4lipalaa. Munkkeja paistetaan tapahtumapaikalla, joten ne tulevat suoraan paistokattilasta herkuteltavaksi.<\/p>\n<p>&nbsp;<\/p>\n<p>N\u00e4ihin tunnelmiin on hyv\u00e4 p\u00e4\u00e4tt\u00e4\u00e4 ja suunnata ajatukset jo uusiin puuhiin ja seikkailuihin.<\/p>\n<p>Kiitos matkaseurasta!<\/p>\n<figure id=\"attachment_3310\" aria-describedby=\"caption-attachment-3310\" style=\"width: 500px\" class=\"wp-caption aligncenter\"><a href=\"http:\/\/kinanen.fi\/wordpress\/wp-content\/uploads\/2011\/07\/Zillertal95.jpg\"><img loading=\"lazy\" decoding=\"async\" class=\"size-full wp-image-3310\" title=\"Zillertal95\" src=\"http:\/\/kinanen.fi\/wordpress\/wp-content\/uploads\/2011\/07\/Zillertal95.jpg\" alt=\"Kotimatkalle\" width=\"500\" height=\"333\" \/><\/a><figcaption id=\"caption-attachment-3310\" class=\"wp-caption-text\">Kotimatkalle<\/figcaption><\/figure>\n<p>&nbsp;<\/p>\n<p>Eevertin matkakuva albumia on t\u00e4ytetty ja parhaiten n\u00e4ytt\u00e4\u00e4 avautuvan klikkaamalla <a href=\"http:\/\/www.flickr.com\/photos\/marekina\/sets\/72157623873788128\/detail\/\" target=\"_blank\"><span style=\"color: #ffcc99;\">T\u00e4st\u00e4<\/span><\/a><\/p>\n<p>&nbsp;<\/p>\n","protected":false},"excerpt":{"rendered":"<p>Kaikki loppuu aikanaan. Niin Eevertin vaelluksetkin. Viimeisell\u00e4 huipulla Eevert seisoskeli pitk\u00e4\u00e4n tutkaillen alati vaihtuvaa s\u00e4\u00e4t\u00e4. Aurinkoista ja hetkess\u00e4 lumista ja viilt\u00e4v\u00e4n koleaa kes\u00e4tuulta. Seisoskellessaan ihailemassa lumisia huippuja mies p\u00e4\u00e4tyi muutamien muidenkin turistien perhealbumeihin talteen ja kotijoukoille ihmetelt\u00e4v\u00e4ksi perhekunnasta joka asetteli pikkumiest\u00e4 tuulessa kiven p\u00e4\u00e4lle. &nbsp; Melkoisen aavemaisilta huiput n\u00e4yttiv\u00e4tkin pilviverhojen takaa. &nbsp; &nbsp; Takana n\u00e4kym\u00e4t [&hellip;]<\/p>\n","protected":false},"author":1,"featured_media":0,"comment_status":"open","ping_status":"open","sticky":false,"template":"","format":"standard","meta":{"footnotes":""},"categories":[],"tags":[],"class_list":["post-3304","post","type-post","status-publish","format-standard","hentry"],"_links":{"self":[{"href":"https:\/\/www.kinanen.fi\/nukkekoti\/wp-json\/wp\/v2\/posts\/3304","targetHints":{"allow":["GET"]}}],"collection":[{"href":"https:\/\/www.kinanen.fi\/nukkekoti\/wp-json\/wp\/v2\/posts"}],"about":[{"href":"https:\/\/www.kinanen.fi\/nukkekoti\/wp-json\/wp\/v2\/types\/post"}],"author":[{"embeddable":true,"href":"https:\/\/www.kinanen.fi\/nukkekoti\/wp-json\/wp\/v2\/users\/1"}],"replies":[{"embeddable":true,"href":"https:\/\/www.kinanen.fi\/nukkekoti\/wp-json\/wp\/v2\/comments?post=3304"}],"version-history":[{"count":5,"href":"https:\/\/www.kinanen.fi\/nukkekoti\/wp-json\/wp\/v2\/posts\/3304\/revisions"}],"predecessor-version":[{"id":3314,"href":"https:\/\/www.kinanen.fi\/nukkekoti\/wp-json\/wp\/v2\/posts\/3304\/revisions\/3314"}],"wp:attachment":[{"href":"https:\/\/www.kinanen.fi\/nukkekoti\/wp-json\/wp\/v2\/media?parent=3304"}],"wp:term":[{"taxonomy":"category","embeddable":true,"href":"https:\/\/www.kinanen.fi\/nukkekoti\/wp-json\/wp\/v2\/categories?post=3304"},{"taxonomy":"post_tag","embeddable":true,"href":"https:\/\/www.kinanen.fi\/nukkekoti\/wp-json\/wp\/v2\/tags?post=3304"}],"curies":[{"name":"wp","href":"https:\/\/api.w.org\/{rel}","templated":true}]}}