{"id":3316,"date":"2011-07-05T23:19:57","date_gmt":"2011-07-05T20:19:57","guid":{"rendered":"http:\/\/kinanen.fi\/wordpress\/?p=3316"},"modified":"2011-07-05T23:23:16","modified_gmt":"2011-07-05T20:23:16","slug":"arvoitusten-avausta","status":"publish","type":"post","link":"https:\/\/www.kinanen.fi\/nukkekoti\/arvoitusten-avausta\/","title":{"rendered":"Arvoitusten avausta"},"content":{"rendered":"<p>Eip\u00e4 ole Evert viel\u00e4 kunnolla ehtinyt kotihommiin reissultaan kun jo sukulaislapset kovasti kyselev\u00e4t arvoitusten per\u00e4\u00e4n. Siisp\u00e4 Eevert laittaa vasarat naulaan ja hommahaalarin hetkeksi pois ja ryhtyy selvityshommiin.<\/p>\n<p>Ensimm\u00e4isess\u00e4 kuvassa oli puunpilkkomispuuhia.<\/p>\n<figure id=\"attachment_3317\" aria-describedby=\"caption-attachment-3317\" style=\"width: 499px\" class=\"wp-caption aligncenter\"><a href=\"http:\/\/kinanen.fi\/wordpress\/wp-content\/uploads\/2011\/07\/Zillertal641.jpg\"><img fetchpriority=\"high\" decoding=\"async\" class=\"size-full wp-image-3317\" title=\"Zillertal64\" src=\"http:\/\/kinanen.fi\/wordpress\/wp-content\/uploads\/2011\/07\/Zillertal641.jpg\" alt=\"Puiden pillkomistako?\" width=\"499\" height=\"396\" \/><\/a><figcaption id=\"caption-attachment-3317\" class=\"wp-caption-text\">Puiden pilkkomistako?<\/figcaption><\/figure>\n<p>&nbsp;<\/p>\n<p>Vai oliko sittenk\u00e4\u00e4n? Kun asteli ty\u00f6maan toiselle puolelle niin n\u00e4kym\u00e4 olikin t\u00e4mm\u00f6inen:<\/p>\n<p>&nbsp;<\/p>\n<figure id=\"attachment_3318\" aria-describedby=\"caption-attachment-3318\" style=\"width: 500px\" class=\"wp-caption aligncenter\"><a href=\"http:\/\/kinanen.fi\/wordpress\/wp-content\/uploads\/2011\/07\/Zillertal63.jpg\"><img decoding=\"async\" class=\"size-full wp-image-3318\" title=\"Zillertal63\" src=\"http:\/\/kinanen.fi\/wordpress\/wp-content\/uploads\/2011\/07\/Zillertal63.jpg\" alt=\"Taltalla ja lekalla\" width=\"500\" height=\"373\" \/><\/a><figcaption id=\"caption-attachment-3318\" class=\"wp-caption-text\">Taltalla ja lekalla<\/figcaption><\/figure>\n<p>&nbsp;<\/p>\n<p>Is\u00e4nt\u00e4 taltalla ja lekalla oli irroittelemassa palasia valtaisasta puunrungosta. Kova on varmasti homma. Sivutuotteena tulee mainiota polttopuuta k\u00e4ytt\u00f6\u00f6n. Polttopuita it\u00e4v\u00e4ltalaiset varastoivatkin suuria m\u00e4\u00e4ri\u00e4 talojen ymp\u00e4rille. Talvisin voi tulla pitki\u00e4kin aikoja jolloin ollaan lumen saartamina ja vailla yhteyksi\u00e4 tai s\u00e4hk\u00f6\u00e4. Silloin tarvitaan paljon polttopuuta. T\u00e4m\u00e4n tekij\u00e4ll\u00e4 on kyll\u00e4 muutap\u00e4\u00e4llimm\u00e4isen\u00e4 tarkoituksena, sill\u00e4 aikaa my\u00f6ten t\u00e4st\u00e4 syntyy maisemassa niin idyllinen kulkijoiden ja el\u00e4inten juomakaukalo.<\/p>\n<p>&nbsp;<\/p>\n<figure id=\"attachment_3320\" aria-describedby=\"caption-attachment-3320\" style=\"width: 427px\" class=\"wp-caption aligncenter\"><a href=\"http:\/\/kinanen.fi\/wordpress\/wp-content\/uploads\/2011\/07\/Zillertal96.jpg\"><img decoding=\"async\" class=\"size-full wp-image-3320\" title=\"Zillertal96\" src=\"http:\/\/kinanen.fi\/wordpress\/wp-content\/uploads\/2011\/07\/Zillertal96.jpg\" alt=\"Kulkijan virkistys\" width=\"427\" height=\"640\" \/><\/a><figcaption id=\"caption-attachment-3320\" class=\"wp-caption-text\">Kulkijankin virkistys<\/figcaption><\/figure>\n<p>Toisessa kuvassa oli pellolla tapahtumaa:<\/p>\n<figure id=\"attachment_3321\" aria-describedby=\"caption-attachment-3321\" style=\"width: 499px\" class=\"wp-caption aligncenter\"><a href=\"http:\/\/kinanen.fi\/wordpress\/wp-content\/uploads\/2011\/07\/Zillertal751.jpg\"><img loading=\"lazy\" decoding=\"async\" class=\"size-full wp-image-3321\" title=\"Zillertal75\" src=\"http:\/\/kinanen.fi\/wordpress\/wp-content\/uploads\/2011\/07\/Zillertal751.jpg\" alt=\"Hommaa riitt\u00e4\u00e4\" width=\"499\" height=\"421\" \/><\/a><figcaption id=\"caption-attachment-3321\" class=\"wp-caption-text\">Hommaa riitt\u00e4\u00e4<\/figcaption><\/figure>\n<p>&nbsp;<\/p>\n<p>Em\u00e4nt\u00e4 ja is\u00e4nt\u00e4 korjailivat laitumelta kuivat lehm\u00e4n kakkarat talteen. Jokapaikasta ker\u00e4t\u00e4\u00e4n kaikki talteen ja hy\u00f6dynnet\u00e4\u00e4n aikanaan. Lantaa k\u00e4ytet\u00e4\u00e4n paljon pelloilla kuten meill\u00e4kin, mutta mit\u00e4 ilmeisimmin sill\u00e4 on paljon muutakin k\u00e4ytt\u00f6\u00e4. Ehk\u00e4p\u00e4 juuri l\u00e4mmitt\u00e4miseen liittyen, sill\u00e4 lantaloita l\u00f6ytyy navetoiten lis\u00e4ksi s\u00e4\u00e4nn\u00f6llisin v\u00e4liajoin teiden vierilt\u00e4 tai pellonkulmilta.<\/p>\n<figure id=\"attachment_3322\" aria-describedby=\"caption-attachment-3322\" style=\"width: 500px\" class=\"wp-caption aligncenter\"><a href=\"http:\/\/kinanen.fi\/wordpress\/wp-content\/uploads\/2011\/07\/Zillertal97.jpg\"><img loading=\"lazy\" decoding=\"async\" class=\"size-full wp-image-3322\" title=\"Zillertal97\" src=\"http:\/\/kinanen.fi\/wordpress\/wp-content\/uploads\/2011\/07\/Zillertal97.jpg\" alt=\"Vuoret\" width=\"500\" height=\"333\" \/><\/a><figcaption id=\"caption-attachment-3322\" class=\"wp-caption-text\">Vuoret<\/figcaption><\/figure>\n<p>Ylimm\u00e4ss\u00e4 juoma-altaan vihjekuvassakin ty\u00f6skenneltiin tiest\u00e4 betoniaidalla erotetun lantalan vierell\u00e4. Paikalla ei ollut navettaa, vaan laitumilta ker\u00e4tyt kakkarat saatiin k\u00e4tev\u00e4sti suoraan tielt\u00e4 talletuspaikkaansa.<\/p>\n<p>Maisemointia sai ihailla kaikilla aisteilla useampaankin otteeseen. Kaunista viuhkamaista kuviota osasivatkin tehd\u00e4.<\/p>\n<figure id=\"attachment_3323\" aria-describedby=\"caption-attachment-3323\" style=\"width: 500px\" class=\"wp-caption aligncenter\"><a href=\"http:\/\/kinanen.fi\/wordpress\/wp-content\/uploads\/2011\/07\/Zillertal98.jpg\"><img loading=\"lazy\" decoding=\"async\" class=\"size-full wp-image-3323\" title=\"Zillertal98\" src=\"http:\/\/kinanen.fi\/wordpress\/wp-content\/uploads\/2011\/07\/Zillertal98.jpg\" alt=\"Taidetta pelloilla\" width=\"500\" height=\"325\" \/><\/a><figcaption id=\"caption-attachment-3323\" class=\"wp-caption-text\">Taidetta pelloilla<\/figcaption><\/figure>\n<p>Kolmannessa kuvassa oli talo:<\/p>\n<figure id=\"attachment_3325\" aria-describedby=\"caption-attachment-3325\" style=\"width: 500px\" class=\"wp-caption aligncenter\"><a href=\"http:\/\/kinanen.fi\/wordpress\/wp-content\/uploads\/2011\/07\/Zillertal71.jpg\"><img loading=\"lazy\" decoding=\"async\" class=\"size-full wp-image-3325\" title=\"Zillertal71\" src=\"http:\/\/kinanen.fi\/wordpress\/wp-content\/uploads\/2011\/07\/Zillertal71.jpg\" alt=\"Tavarahissi\" width=\"500\" height=\"472\" \/><\/a><figcaption id=\"caption-attachment-3325\" class=\"wp-caption-text\">Tavarahissi<\/figcaption><\/figure>\n<p>Monet talot ovat yh\u00e4 edelleen tiett\u00f6m\u00e4n tien p\u00e4\u00e4ss\u00e4. Pienet polut ja kivikkoiset taipaleet sujuvat patikoijalta hyvin, mutta jos se on arkea ja el\u00e4\u00e4kseen pit\u00e4\u00e4 kaikki taloonsa kantaen toimittaa, niin voi olla ett\u00e4 siit\u00e4 ei en\u00e4\u00e4 niin nauti. Taannoin huomasimme kuinka Berliner H\u00fcttelle kantamalla tuotiin lankkuja remonttihommia varten. Sinnekin oli olemassa tavarahissi, mutta lankut siin\u00e4 eiv\u00e4t kulkeneet. Elintarvikkeita ja postiakin toimitetaan erilaisia hissej\u00e4 k\u00e4ytt\u00e4en. T\u00e4m\u00e4 oli vaijerihissi ja kaikesta p\u00e4\u00e4tellen my\u00f6s s\u00e4hk\u00f6k\u00e4ytt\u00f6inen. Talo siis liikkui yl\u00f6s ja alas. Liikkuvaan taloon mahtuisi varmaan hyvinkin kolme &#8221;juomakoria&#8221;. Eli ei niin kovin isoja asioita kuitenkaan. Henkil\u00f6it\u00e4 n\u00e4ill\u00e4 hisseill\u00e4 ei saa kuljettaa.<\/p>\n<figure id=\"attachment_3326\" aria-describedby=\"caption-attachment-3326\" style=\"width: 427px\" class=\"wp-caption aligncenter\"><a href=\"http:\/\/kinanen.fi\/wordpress\/wp-content\/uploads\/2011\/07\/Zillertal72.jpg\"><img loading=\"lazy\" decoding=\"async\" class=\"size-full wp-image-3326\" title=\"Zillertal72\" src=\"http:\/\/kinanen.fi\/wordpress\/wp-content\/uploads\/2011\/07\/Zillertal72.jpg\" alt=\"Yl\u00f6sp\u00e4in\" width=\"427\" height=\"640\" \/><\/a><figcaption id=\"caption-attachment-3326\" class=\"wp-caption-text\">Yl\u00f6sp\u00e4in<\/figcaption><\/figure>\n<p>Sinne korkeuksiin talo kulki vaijeria pitkin. Olisiko kauppaan l\u00e4hetetty tilaus ja m\u00f6kki valmiina alhaalla odotteli t\u00e4ytt\u00e4j\u00e4\u00e4ns\u00e4.<\/p>\n<p>Ihmeellinen on maailma.<\/p>\n<p>Kiitos kaikille vastanneille. Moni arveli sinne p\u00e4in ja Anniina vissiin jotakin melko kohdalleenkin. Hienoja arvauksia kaikki!<\/p>\n<p>_________________________________________________________<\/p>\n<p>Ja sitten kokemuksistaan innostuneena Eevert vetaisee taas hommahaalarit p\u00e4\u00e4lle ja ryhtyy jatkamaan remonttihommia. Lattioiden uusiminen n\u00e4ytt\u00e4\u00e4 olevan Taavitsaisen talossa meneill\u00e4\u00e4n.<\/p>\n","protected":false},"excerpt":{"rendered":"<p>Eip\u00e4 ole Evert viel\u00e4 kunnolla ehtinyt kotihommiin reissultaan kun jo sukulaislapset kovasti kyselev\u00e4t arvoitusten per\u00e4\u00e4n. Siisp\u00e4 Eevert laittaa vasarat naulaan ja hommahaalarin hetkeksi pois ja ryhtyy selvityshommiin. Ensimm\u00e4isess\u00e4 kuvassa oli puunpilkkomispuuhia. &nbsp; Vai oliko sittenk\u00e4\u00e4n? Kun asteli ty\u00f6maan toiselle puolelle niin n\u00e4kym\u00e4 olikin t\u00e4mm\u00f6inen: &nbsp; &nbsp; Is\u00e4nt\u00e4 taltalla ja lekalla oli irroittelemassa palasia valtaisasta puunrungosta. [&hellip;]<\/p>\n","protected":false},"author":1,"featured_media":0,"comment_status":"open","ping_status":"open","sticky":false,"template":"","format":"standard","meta":{"footnotes":""},"categories":[],"tags":[],"class_list":["post-3316","post","type-post","status-publish","format-standard","hentry"],"_links":{"self":[{"href":"https:\/\/www.kinanen.fi\/nukkekoti\/wp-json\/wp\/v2\/posts\/3316","targetHints":{"allow":["GET"]}}],"collection":[{"href":"https:\/\/www.kinanen.fi\/nukkekoti\/wp-json\/wp\/v2\/posts"}],"about":[{"href":"https:\/\/www.kinanen.fi\/nukkekoti\/wp-json\/wp\/v2\/types\/post"}],"author":[{"embeddable":true,"href":"https:\/\/www.kinanen.fi\/nukkekoti\/wp-json\/wp\/v2\/users\/1"}],"replies":[{"embeddable":true,"href":"https:\/\/www.kinanen.fi\/nukkekoti\/wp-json\/wp\/v2\/comments?post=3316"}],"version-history":[{"count":5,"href":"https:\/\/www.kinanen.fi\/nukkekoti\/wp-json\/wp\/v2\/posts\/3316\/revisions"}],"predecessor-version":[{"id":3328,"href":"https:\/\/www.kinanen.fi\/nukkekoti\/wp-json\/wp\/v2\/posts\/3316\/revisions\/3328"}],"wp:attachment":[{"href":"https:\/\/www.kinanen.fi\/nukkekoti\/wp-json\/wp\/v2\/media?parent=3316"}],"wp:term":[{"taxonomy":"category","embeddable":true,"href":"https:\/\/www.kinanen.fi\/nukkekoti\/wp-json\/wp\/v2\/categories?post=3316"},{"taxonomy":"post_tag","embeddable":true,"href":"https:\/\/www.kinanen.fi\/nukkekoti\/wp-json\/wp\/v2\/tags?post=3316"}],"curies":[{"name":"wp","href":"https:\/\/api.w.org\/{rel}","templated":true}]}}