{"id":3629,"date":"2011-10-02T18:19:31","date_gmt":"2011-10-02T15:19:31","guid":{"rendered":"http:\/\/kinanen.fi\/wordpress\/?p=3629"},"modified":"2011-10-02T18:32:51","modified_gmt":"2011-10-02T15:32:51","slug":"silakkamarkkinat","status":"publish","type":"post","link":"https:\/\/www.kinanen.fi\/nukkekoti\/silakkamarkkinat\/","title":{"rendered":"Silakkamarkkinat"},"content":{"rendered":"<p>Perinteiseen tapaan niin Helsingiss\u00e4 kuin muuallakin valtakunnassa j\u00e4rjestet\u00e4\u00e4n\u00a0 vuosisataisten perinteiden mukaisia silakkamarkkinoita. Markkinat ovat j\u00e4\u00e4neet Eevertin mieliin jo poikavuosilta. Iso\u00e4iti, joka asui Helsingiss\u00e4 aivan torin tuntumassa kutsui kaukaisemmat sukulaiset vierailulle luokseen juuri silakkamarkkinoiden aikaan. Tori oli j\u00e4nnitt\u00e4v\u00e4 paikka. Tuohon aikaan sinne oli kokoontunut t\u00e4ydess\u00e4 lastissa olevia kalastajaveneit\u00e4 vaikka kuinka kaukaa. Usein kuuli puhuttavan ruotsin kielt\u00e4. Silloin pienelle pojalle tuli tuntuma siit\u00e4 ett\u00e4 oltiin kaukana valtamerien takana tuntemattomassa satamassa. Eip\u00e4 arvannut nuori mies silloin sit\u00e4 kuinka maailman meret tulevat viel\u00e4 kuljettamaan.<\/p>\n<p>&nbsp;<\/p>\n<figure id=\"attachment_3630\" aria-describedby=\"caption-attachment-3630\" style=\"width: 501px\" class=\"wp-caption aligncenter\"><a href=\"http:\/\/kinanen.fi\/wordpress\/wp-content\/uploads\/2011\/10\/IMG_4058.jpg\"><img fetchpriority=\"high\" decoding=\"async\" class=\"size-full wp-image-3630\" title=\"IMG_4058\" src=\"http:\/\/kinanen.fi\/wordpress\/wp-content\/uploads\/2011\/10\/IMG_4058.jpg\" alt=\"Satamaan\" width=\"501\" height=\"255\" \/><\/a><figcaption id=\"caption-attachment-3630\" class=\"wp-caption-text\">Satamaan tulossa<\/figcaption><\/figure>\n<p>&nbsp;<\/p>\n<p>Veneet tulivat odottamaan satamapaikkaansa jo hieman ennen markkinoiden alkua. Silloin saattoi rannalta n\u00e4hd\u00e4 veneiden kokoontuneen kaupungin edustalle odottamaan lupaa rantautumiseen. Tulijoita oli paljon, sill\u00e4 kalastajille markkinat ovat aina olleet syksyn yksi merkitt\u00e4vimmist\u00e4 kauppatapahtumista. Monille saaristojen asukkaille markkinat olivat se ainoa kerta vuodessa kun kaupunkiin omista t\u00f6ist\u00e4\u00e4n p\u00e4\u00e4si.<\/p>\n<p>&nbsp;<\/p>\n<figure id=\"attachment_3631\" aria-describedby=\"caption-attachment-3631\" style=\"width: 500px\" class=\"wp-caption aligncenter\"><a href=\"http:\/\/kinanen.fi\/wordpress\/wp-content\/uploads\/2011\/10\/IMG_4059.jpg\"><img decoding=\"async\" class=\"size-full wp-image-3631\" title=\"IMG_4059\" src=\"http:\/\/kinanen.fi\/wordpress\/wp-content\/uploads\/2011\/10\/IMG_4059.jpg\" alt=\"Laiturilla\" width=\"500\" height=\"375\" \/><\/a><figcaption id=\"caption-attachment-3631\" class=\"wp-caption-text\">Laiturilla<\/figcaption><\/figure>\n<p>&nbsp;<\/p>\n<p>Kun asettautuminen alkoi, oli laiturilla melkoinen vilske ja vilin\u00e4. Veneit\u00e4 kiinnitet\u00e4\u00e4n ja paikkoja laitetaan valmiiksi asiakkaille. Ollaan yst\u00e4v\u00e4llisi\u00e4 naapurivenekunnalle ja syrj\u00e4silmin katsellaan kuinka montaa sorttia herkkua ja suolakalaa on toisilla tarjolla. Alkuun markkinoille tuli p\u00e4\u00e4osin kalaa. Ajan my\u00f6t\u00e4 my\u00f6s myyt\u00e4v\u00e4t artikkelit ovat lis\u00e4\u00e4ntyneet ja tarkolle on tullut kaikkea satoa s\u00e4il\u00f6ttyn\u00e4 mit\u00e4 mainioimpiin mausteliemiin. Ja saaristolaisleip\u00e4! Voiko parempaa ollakaan kuin siivu tuota vahvanmakuista leip\u00e4\u00e4 sipaisulla voita.<\/p>\n<p>Iso\u00e4idin seurue liikkui t\u00e4rke\u00e4n n\u00e4k\u00f6isen\u00e4 venekunnalta toiselle ja maisteli kunkin antimia. Ensimm\u00e4isen p\u00e4iv\u00e4n, toisen p\u00e4iv\u00e4n ja ehk\u00e4 kolmantena p\u00e4iv\u00e4n\u00e4 matroona sitten osti armolisesti suolakalatynn\u00f6rin talven varalle. Pienen\u00e4 poikana Eevert mietti, miksi niit\u00e4 niin kovin tarvitsee maistella. Isompana miehen\u00e4 h\u00e4n jo oivalsi ett\u00e4 se oli tapa seurustella, tavata niin saaristolaisia kuin kaupunkilaisiakin ja olla esill\u00e4.<\/p>\n<p>Totuttuun tapaan Eevertkin on hankkiutunut markkinoille. Ja tehnyt osaltaan hankintoja ja tukenut saaristolaisten elinkeinoa. Eevertille riitt\u00e4\u00e4 valintaa mainiosti yksi p\u00e4iv\u00e4. Maisteltua saa silloinkin tarpeeksi.<\/p>\n<p>&nbsp;<\/p>\n<figure id=\"attachment_3632\" aria-describedby=\"caption-attachment-3632\" style=\"width: 500px\" class=\"wp-caption aligncenter\"><a href=\"http:\/\/kinanen.fi\/wordpress\/wp-content\/uploads\/2011\/10\/Silakkamarkkinat3.jpg\"><img decoding=\"async\" class=\"size-full wp-image-3632\" title=\"Silakkamarkkinat3\" src=\"http:\/\/kinanen.fi\/wordpress\/wp-content\/uploads\/2011\/10\/Silakkamarkkinat3.jpg\" alt=\"Markkinaostoksia\" width=\"500\" height=\"363\" \/><\/a><figcaption id=\"caption-attachment-3632\" class=\"wp-caption-text\">Markkinaostoksia<\/figcaption><\/figure>\n<p>&nbsp;<\/p>\n<p>Eevertin matkaan on tarttunut s\u00e4ilykkeit\u00e4 ja leip\u00e4\u00e4 kalojen ohella. Mainioita punajuuria ja saarisolaispikkelsi\u00e4. Pieni\u00e4 maustekurkkujakin on l\u00f6ytynyt mukaan. Eevert pit\u00e4\u00e4 kovasti maustekurkuista ja onkin l\u00e4himarketissa tuttu n\u00e4ky kurkkutynnyrin luona.<\/p>\n<p>Aikanaan Eevertin kotitalon pihapiiriss\u00e4 oli nuoria vetreit\u00e4 mustaviinimarjapensaita. Saapuipa kerran taloon mies joka kyseli em\u00e4nn\u00e4lt\u00e4 lupaa ker\u00e4t\u00e4 pensaan lehti\u00e4 sy\u00f6p\u00e4l\u00e4\u00e4kkeeksi. No toki Taavitsaisen em\u00e4nt\u00e4 sellaiseen tarkoitukseen antoi pensaitansa riipi\u00e4. Jouluksi sitten em\u00e4nt\u00e4 vastaanotti ker\u00e4yst\u00e4 tehneelt\u00e4 miehelt\u00e4 ainakin 20 litran tynnyrillisen &#8211; maustelurkkuja. Liemess\u00e4 oli kaikkien h\u00e4mm\u00e4stykseksi mustaviinimarjapensaan lehti\u00e4. &#8221;Ett\u00e4 semmoista sy\u00f6p\u00e4l\u00e4\u00e4kett\u00e4&#8221; oli em\u00e4nt\u00e4 virkkonut ja hymyillyt omituiselle lehtienker\u00e4\u00e4j\u00e4lle. Olisipa tuo niit\u00e4 saanut ihan s\u00e4il\u00f6nt\u00e4\u00e4nkin ilmaiseksi jos olisi pyyt\u00e4nyt.<\/p>\n<p>&nbsp;<\/p>\n<figure id=\"attachment_3633\" aria-describedby=\"caption-attachment-3633\" style=\"width: 500px\" class=\"wp-caption aligncenter\"><a href=\"http:\/\/kinanen.fi\/wordpress\/wp-content\/uploads\/2011\/10\/Silakkamarkkinat2.jpg\"><img loading=\"lazy\" decoding=\"async\" class=\"size-full wp-image-3633\" title=\"Silakkamarkkinat2\" src=\"http:\/\/kinanen.fi\/wordpress\/wp-content\/uploads\/2011\/10\/Silakkamarkkinat2.jpg\" alt=\"Markkinaev\u00e4s\" width=\"500\" height=\"356\" \/><\/a><figcaption id=\"caption-attachment-3633\" class=\"wp-caption-text\">Markkinaev\u00e4s<\/figcaption><\/figure>\n<p>&nbsp;<\/p>\n<p>Markkinoilla tuli maisteltua kaikenlaista. Kotiin p\u00e4\u00e4sty\u00e4 maukas ja tuoksuva saaristolaisleip\u00e4 ja reilut suolasilakat houkuttelivat viel\u00e4 siin\u00e4 m\u00e4\u00e4rin, ett\u00e4 mies teki itselleen voileiv\u00e4n ja otti kaveriksi lasillisen raikasta maitoa.<\/p>\n<p>V\u00e4lipalansa Eevert nautti hiljakseen ja aivan kuin tunnustellakseen esiin pulpahtavia markkinamuistoja pienest\u00e4 pojasta l\u00e4htien. Tuttua ja turvallista, taitaa olla jo monessa polvessa sill\u00e4 on tainnut syysmarkkinoita vietetyn jo useampia vuosisatoja.<\/p>\n<p>&nbsp;<\/p>\n<figure id=\"attachment_3634\" aria-describedby=\"caption-attachment-3634\" style=\"width: 498px\" class=\"wp-caption aligncenter\"><a href=\"http:\/\/kinanen.fi\/wordpress\/wp-content\/uploads\/2011\/10\/Silakkamarkkinat5.jpg\"><img loading=\"lazy\" decoding=\"async\" class=\"size-full wp-image-3634\" title=\"Silakkamarkkinat5\" src=\"http:\/\/kinanen.fi\/wordpress\/wp-content\/uploads\/2011\/10\/Silakkamarkkinat5.jpg\" alt=\"Keitti\u00f6n rauha\" width=\"498\" height=\"640\" \/><\/a><figcaption id=\"caption-attachment-3634\" class=\"wp-caption-text\">Keitti\u00f6n rauhaa<\/figcaption><\/figure>\n<p>&nbsp;<\/p>\n<p>Hyv\u00e4 on iltaa istuskella. Leiv\u00e4n p\u00e4\u00e4lle on hyv\u00e4 keitt\u00e4\u00e4 viel\u00e4 kunnon kahvit.<\/p>\n<p>_________________________________________________________________________<\/p>\n<p>Satamakuvat ovat Fiskarsista Fiskars 1649 -n\u00e4yttelyst\u00e4. Kannattaa k\u00e4v\u00e4ist\u00e4 jos matka sinne p\u00e4in vie. N\u00e4yttely esittelee ruukin historiaa ja pienoismallit havainnoillistavat raudan valmistuksen monet eri vaiheet. Taidokkaasti tehty. Lasin takaa kuvailin, joten ep\u00e4tarkkuutta ja heijastumia ei voi est\u00e4\u00e4. Harmi \ud83d\ude09<\/p>\n<p>Markkinatuliaiset yms. ovat sielt\u00e4 t\u00e4\u00e4lt\u00e4 ja osa omiakin tuotoksia. Hovihankkijaltani <a href=\"http:\/\/jatanukkekodinruokia.vuodatus.net\/\" target=\"_blank\">Jatalta<\/a> ainakin osa.<\/p>\n<p>&nbsp;<\/p>\n<p>&nbsp;<\/p>\n<p>&nbsp;<\/p>\n","protected":false},"excerpt":{"rendered":"<p>Perinteiseen tapaan niin Helsingiss\u00e4 kuin muuallakin valtakunnassa j\u00e4rjestet\u00e4\u00e4n\u00a0 vuosisataisten perinteiden mukaisia silakkamarkkinoita. Markkinat ovat j\u00e4\u00e4neet Eevertin mieliin jo poikavuosilta. Iso\u00e4iti, joka asui Helsingiss\u00e4 aivan torin tuntumassa kutsui kaukaisemmat sukulaiset vierailulle luokseen juuri silakkamarkkinoiden aikaan. Tori oli j\u00e4nnitt\u00e4v\u00e4 paikka. Tuohon aikaan sinne oli kokoontunut t\u00e4ydess\u00e4 lastissa olevia kalastajaveneit\u00e4 vaikka kuinka kaukaa. Usein kuuli puhuttavan ruotsin kielt\u00e4. [&hellip;]<\/p>\n","protected":false},"author":1,"featured_media":0,"comment_status":"open","ping_status":"open","sticky":false,"template":"","format":"standard","meta":{"footnotes":""},"categories":[],"tags":[],"class_list":["post-3629","post","type-post","status-publish","format-standard","hentry"],"_links":{"self":[{"href":"https:\/\/www.kinanen.fi\/nukkekoti\/wp-json\/wp\/v2\/posts\/3629","targetHints":{"allow":["GET"]}}],"collection":[{"href":"https:\/\/www.kinanen.fi\/nukkekoti\/wp-json\/wp\/v2\/posts"}],"about":[{"href":"https:\/\/www.kinanen.fi\/nukkekoti\/wp-json\/wp\/v2\/types\/post"}],"author":[{"embeddable":true,"href":"https:\/\/www.kinanen.fi\/nukkekoti\/wp-json\/wp\/v2\/users\/1"}],"replies":[{"embeddable":true,"href":"https:\/\/www.kinanen.fi\/nukkekoti\/wp-json\/wp\/v2\/comments?post=3629"}],"version-history":[{"count":12,"href":"https:\/\/www.kinanen.fi\/nukkekoti\/wp-json\/wp\/v2\/posts\/3629\/revisions"}],"predecessor-version":[{"id":3636,"href":"https:\/\/www.kinanen.fi\/nukkekoti\/wp-json\/wp\/v2\/posts\/3629\/revisions\/3636"}],"wp:attachment":[{"href":"https:\/\/www.kinanen.fi\/nukkekoti\/wp-json\/wp\/v2\/media?parent=3629"}],"wp:term":[{"taxonomy":"category","embeddable":true,"href":"https:\/\/www.kinanen.fi\/nukkekoti\/wp-json\/wp\/v2\/categories?post=3629"},{"taxonomy":"post_tag","embeddable":true,"href":"https:\/\/www.kinanen.fi\/nukkekoti\/wp-json\/wp\/v2\/tags?post=3629"}],"curies":[{"name":"wp","href":"https:\/\/api.w.org\/{rel}","templated":true}]}}