{"id":3651,"date":"2011-10-09T13:43:23","date_gmt":"2011-10-09T10:43:23","guid":{"rendered":"http:\/\/kinanen.fi\/wordpress\/?p=3651"},"modified":"2011-10-09T16:50:46","modified_gmt":"2011-10-09T13:50:46","slug":"lahjaksi-arvottua","status":"publish","type":"post","link":"https:\/\/www.kinanen.fi\/nukkekoti\/lahjaksi-arvottua\/","title":{"rendered":"Lahjaksi arvottua"},"content":{"rendered":"<p><a href=\"http:\/\/suurimaailma.vuodatus.net\/\" target=\"_blank\">Pieni talo, suuri maailma<\/a> yll\u00e4tti ihastuttavalla visakoivuisella yll\u00e4tyksell\u00e4.<\/p>\n<figure id=\"attachment_3652\" aria-describedby=\"caption-attachment-3652\" style=\"width: 500px\" class=\"wp-caption aligncenter\"><a href=\"http:\/\/kinanen.fi\/wordpress\/wp-content\/uploads\/2011\/10\/Pieni-talo8.jpg\"><img fetchpriority=\"high\" decoding=\"async\" class=\"size-full wp-image-3652\" title=\"Pieni talo8\" src=\"http:\/\/kinanen.fi\/wordpress\/wp-content\/uploads\/2011\/10\/Pieni-talo8.jpg\" alt=\"Yll\u00e4tt\u00e4v\u00e4 paketti\" width=\"500\" height=\"390\" \/><\/a><figcaption id=\"caption-attachment-3652\" class=\"wp-caption-text\">Yll\u00e4tt\u00e4v\u00e4 l\u00e4hetys<\/figcaption><\/figure>\n<p>&nbsp;<\/p>\n<p>Kauniin visakoivuisen pikkurasian lis\u00e4ksi arvontapaketissa oli paljon muutakin ihastuttavaa ja tarpeellista. Rasiaa olenkin py\u00f6ritellyt k\u00e4siss\u00e4ni postin tulosta saakka. Uskomattoman kaunista puu onkin ihan l\u00e4hiet\u00e4isyydelt\u00e4. Taitavasti on tehtykin kaikkine yksityiskohtineen. Kaunis ja syv\u00e4 kumarrus sinne p\u00e4in! Rasiaan Eevert tallettaa jotakin merkitt\u00e4v\u00e4\u00e4. Ensin mieleen tuli valokuvia, mutta j\u00e4\u00e4 katsottavaksi mit\u00e4 sinne tulee. Eevert otti rasian heti k\u00e4siins\u00e4 ja ryhtyi raivaamaan sille tilaa kirjoitusp\u00f6yd\u00e4lt\u00e4\u00e4n. Ja hyvinh\u00e4n se sinne mahtuukin.<\/p>\n<p>&nbsp;<\/p>\n<figure id=\"attachment_3653\" aria-describedby=\"caption-attachment-3653\" style=\"width: 500px\" class=\"wp-caption aligncenter\"><a href=\"http:\/\/kinanen.fi\/wordpress\/wp-content\/uploads\/2011\/10\/Pieni-talo.jpg\"><img decoding=\"async\" class=\"size-full wp-image-3653\" title=\"Pieni talo\" src=\"http:\/\/kinanen.fi\/wordpress\/wp-content\/uploads\/2011\/10\/Pieni-talo.jpg\" alt=\"Paikka valmiina\" width=\"500\" height=\"333\" \/><\/a><figcaption id=\"caption-attachment-3653\" class=\"wp-caption-text\">Paikka valmiina<\/figcaption><\/figure>\n<p>&nbsp;<\/p>\n<p>Pikkuliina seurasi rasiaa p\u00f6yd\u00e4lle. Siin\u00e4 on Eevertill\u00e4 hyv\u00e4 paikka tarkastella rasian aarteitaan.<\/p>\n<p>Nyt h\u00e4n enempi on keskittynyt puunsyiden kauneuteen kun sit\u00e4 on hiottu ja taidolla k\u00e4sitelty. Kaunis!<\/p>\n<p>&nbsp;<\/p>\n<figure id=\"attachment_3654\" aria-describedby=\"caption-attachment-3654\" style=\"width: 500px\" class=\"wp-caption aligncenter\"><a href=\"http:\/\/kinanen.fi\/wordpress\/wp-content\/uploads\/2011\/10\/Pieni-talo2.jpg\"><img decoding=\"async\" class=\"size-full wp-image-3654\" title=\"Pieni talo2\" src=\"http:\/\/kinanen.fi\/wordpress\/wp-content\/uploads\/2011\/10\/Pieni-talo2.jpg\" alt=\"Rasia\" width=\"500\" height=\"333\" \/><\/a><figcaption id=\"caption-attachment-3654\" class=\"wp-caption-text\">Rasia<\/figcaption><\/figure>\n<p>&nbsp;<\/p>\n<p>Keitti\u00f6\u00f6n kulkeutui oitis kahvipurkki. Sellaista ei Eevertill\u00e4 viel\u00e4 ollutkaan ja kovana kahvimiehen\u00e4 Pauligin purkki oikein l\u00e4mmitti syd\u00e4nt\u00e4. Paula-tytt\u00f6 purkin kuvituksena palautti mieliin monet poikavuosiin kuuluvat hetket. Siihen maailman aikaan <a href=\"http:\/\/www.youtube.com\/watch?v=gmhjHWwtyMw\" target=\"_blank\">Paula-tytt\u00f6\u00e4 <\/a>seurattiin v\u00e4hint\u00e4\u00e4nkin yht\u00e4 innolla kuin\u00a0 Suomen neitoakin. Pauligin kahvitehtaan symboliksi Paula-tytt\u00f6 syntyi 1950 ja siit\u00e4 pit\u00e4en Pauligin PR-ty\u00f6ss\u00e4 on ollut kaunis kahvikissa mukana. Ensimm\u00e4inen Paula-tytt\u00f6 taisi olla <a href=\"http:\/\/populaari.blogspot.com\/2008\/04\/sinikka-kekki.html\" target=\"_blank\">Sinikka Kekki<\/a>.<\/p>\n<p>&nbsp;<\/p>\n<figure id=\"attachment_3655\" aria-describedby=\"caption-attachment-3655\" style=\"width: 501px\" class=\"wp-caption aligncenter\"><a href=\"http:\/\/kinanen.fi\/wordpress\/wp-content\/uploads\/2011\/10\/Pieni-talo3.jpg\"><img loading=\"lazy\" decoding=\"async\" class=\"size-full wp-image-3655\" title=\"Pieni talo3\" src=\"http:\/\/kinanen.fi\/wordpress\/wp-content\/uploads\/2011\/10\/Pieni-talo3.jpg\" alt=\"Paula-purkki paikoillaan\" width=\"501\" height=\"360\" \/><\/a><figcaption id=\"caption-attachment-3655\" class=\"wp-caption-text\">Paula-purkki paikoillaan<\/figcaption><\/figure>\n<p>&nbsp;<\/p>\n<p>Hiusharja ja peili l\u00f6ysi paikkansa kylpyhuoneesta. Hiusharjaa Eevertill\u00e4 ei ole ollutkaan joten hyvin tarpeeseen tuli. Vanhan herran harmaat hapset ovat vanhemiten tulleet oikukkaiksi eik\u00e4 nyky\u00e4\u00e4n tahdo saada oikein kunnon <a href=\"http:\/\/www.youtube.com\/watch?v=o6F4GtyRfto&amp;feature=player_embedded#!\" target=\"_blank\">Brylcreemi\u00e4k\u00e4\u00e4n<\/a> mist\u00e4\u00e4n. Harjalla varmasti saa hankalatkin hiukset ojennukseen.<\/p>\n<p>&nbsp;<\/p>\n<figure id=\"attachment_3656\" aria-describedby=\"caption-attachment-3656\" style=\"width: 501px\" class=\"wp-caption aligncenter\"><a href=\"http:\/\/kinanen.fi\/wordpress\/wp-content\/uploads\/2011\/10\/Pieni-talo4.jpg\"><img loading=\"lazy\" decoding=\"async\" class=\"size-full wp-image-3656\" title=\"Pieni talo4\" src=\"http:\/\/kinanen.fi\/wordpress\/wp-content\/uploads\/2011\/10\/Pieni-talo4.jpg\" alt=\"Peili ja harja\" width=\"501\" height=\"334\" \/><\/a><figcaption id=\"caption-attachment-3656\" class=\"wp-caption-text\">Peili ja harja<\/figcaption><\/figure>\n<p>&nbsp;<\/p>\n<p>Takan p\u00e4\u00e4lle l\u00f6ysi tiens\u00e4 viel\u00e4 pieni kaunis jade-rasia. Siell\u00e4 Eevert s\u00e4ilytt\u00e4\u00e4 solmioneulaansa ja kalvosinnappejaan. Ne ovatkin perint\u00f6n\u00e4 kulkeneet jo useamman miespolven yli. Parhaimpiinsa pukeutuneena ne ehdottomasti kuuluvat Eevertin scharmanttiin olemukseen.<\/p>\n<figure id=\"attachment_3657\" aria-describedby=\"caption-attachment-3657\" style=\"width: 427px\" class=\"wp-caption aligncenter\"><a href=\"http:\/\/kinanen.fi\/wordpress\/wp-content\/uploads\/2011\/10\/Pieni-talo5.jpg\"><img loading=\"lazy\" decoding=\"async\" class=\"size-full wp-image-3657\" title=\"Pieni talo5\" src=\"http:\/\/kinanen.fi\/wordpress\/wp-content\/uploads\/2011\/10\/Pieni-talo5.jpg\" alt=\"Takka\" width=\"427\" height=\"640\" \/><\/a><figcaption id=\"caption-attachment-3657\" class=\"wp-caption-text\">Takka<\/figcaption><\/figure>\n<p>&nbsp;<\/p>\n<p>Pikkurasia oikein hohtaa paikallaan takan p\u00e4\u00e4ll\u00e4. Pikkukalakin sit\u00e4 k\u00e4y aika ajoin vilkaisemassa.<\/p>\n<p>&nbsp;<\/p>\n<figure id=\"attachment_3658\" aria-describedby=\"caption-attachment-3658\" style=\"width: 501px\" class=\"wp-caption aligncenter\"><a href=\"http:\/\/kinanen.fi\/wordpress\/wp-content\/uploads\/2011\/10\/Pieni-talo7.jpg\"><img loading=\"lazy\" decoding=\"async\" class=\"size-full wp-image-3658\" title=\"Pieni talo7\" src=\"http:\/\/kinanen.fi\/wordpress\/wp-content\/uploads\/2011\/10\/Pieni-talo7.jpg\" alt=\"Jaderasia\" width=\"501\" height=\"334\" \/><\/a><figcaption id=\"caption-attachment-3658\" class=\"wp-caption-text\">Jaderasia<\/figcaption><\/figure>\n<p>L\u00e4mmin kiitos n\u00e4ist\u00e4 ihanuuksista Pieneen taloon, suureen maailmaan niin \u00e4idille kuin tytt\u00e4rellekin.<\/p>\n<p>______________________________________________________<\/p>\n<p>Linkeiss\u00e4 <a href=\"http:\/\/http:\/\/populaari.blogspot.com\/2008\/04\/sinikka-kekki.html\" target=\"_blank\">Paula-juttua<\/a>, <a href=\"http:\/\/www.youtube.com\/watch?v=gmhjHWwtyMw\" target=\"_blank\">Paulatyt\u00f6n synnyst\u00e4<\/a> sek\u00e4 hauska <a href=\"http:\/\/www.youtube.com\/watch?v=o6F4GtyRfto&amp;feature=player_embedded#%21\" target=\"_blank\">Brylcreemi mainos<\/a><\/p>\n<p>Ps. On muuten aina tosi hauskaa katsoa mit\u00e4 kuvaan oikeasti tuli ja kuinka mietittyn\u00e4 kuvakulma on ollut kaiken innostuksen keskell\u00e4. Keitti\u00f6n &#8221;Paula-purkki&#8221; kuvassa viereinen kaappi on ihan kiinni sein\u00e4ll\u00e4 olevassa hyllyss\u00e4. Eih\u00e4n sit\u00e4 oikeasti n\u00e4e miten ne ovat ulkoa katsoessa. Kamera kun oli keitti\u00f6ss\u00e4 sis\u00e4ll\u00e4. Hylly on kiinnitetty ja viereinen kaappi irtotavaraa joka on milloin miss\u00e4kin kohtaa. Nyt sitten reippaasi keitti\u00f6n sis\u00e4puolella. Olen edelleenkin hieman enempi lankkumaalarin sorttinen, joten pikku yksityiskohdat on v\u00e4lill\u00e4 miten sattuu \ud83d\ude09 Ajatus on t\u00e4rkein &#8211; niinh\u00e4n se toki on.<\/p>\n<p>Ja hieman s\u00e4\u00e4detty\u00e4 keitti\u00f6t\u00e4:<\/p>\n<p>&nbsp;<\/p>\n<figure id=\"attachment_3665\" aria-describedby=\"caption-attachment-3665\" style=\"width: 499px\" class=\"wp-caption aligncenter\"><a href=\"http:\/\/kinanen.fi\/wordpress\/wp-content\/uploads\/2011\/10\/keitti%C3%B6.jpg\"><img loading=\"lazy\" decoding=\"async\" class=\"size-full wp-image-3665\" title=\"keitti\u00f6\" src=\"http:\/\/kinanen.fi\/wordpress\/wp-content\/uploads\/2011\/10\/keitti%C3%B6.jpg\" alt=\"Keitti\u00f6\" width=\"499\" height=\"322\" \/><\/a><figcaption id=\"caption-attachment-3665\" class=\"wp-caption-text\">Keitti\u00f6 enempi ojennuksessa<\/figcaption><\/figure>\n<p>&nbsp;<\/p>\n","protected":false},"excerpt":{"rendered":"<p>Pieni talo, suuri maailma yll\u00e4tti ihastuttavalla visakoivuisella yll\u00e4tyksell\u00e4. &nbsp; Kauniin visakoivuisen pikkurasian lis\u00e4ksi arvontapaketissa oli paljon muutakin ihastuttavaa ja tarpeellista. Rasiaa olenkin py\u00f6ritellyt k\u00e4siss\u00e4ni postin tulosta saakka. Uskomattoman kaunista puu onkin ihan l\u00e4hiet\u00e4isyydelt\u00e4. Taitavasti on tehtykin kaikkine yksityiskohtineen. Kaunis ja syv\u00e4 kumarrus sinne p\u00e4in! Rasiaan Eevert tallettaa jotakin merkitt\u00e4v\u00e4\u00e4. Ensin mieleen tuli valokuvia, mutta j\u00e4\u00e4 [&hellip;]<\/p>\n","protected":false},"author":1,"featured_media":0,"comment_status":"open","ping_status":"open","sticky":false,"template":"","format":"standard","meta":{"footnotes":""},"categories":[],"tags":[],"class_list":["post-3651","post","type-post","status-publish","format-standard","hentry"],"_links":{"self":[{"href":"https:\/\/www.kinanen.fi\/nukkekoti\/wp-json\/wp\/v2\/posts\/3651","targetHints":{"allow":["GET"]}}],"collection":[{"href":"https:\/\/www.kinanen.fi\/nukkekoti\/wp-json\/wp\/v2\/posts"}],"about":[{"href":"https:\/\/www.kinanen.fi\/nukkekoti\/wp-json\/wp\/v2\/types\/post"}],"author":[{"embeddable":true,"href":"https:\/\/www.kinanen.fi\/nukkekoti\/wp-json\/wp\/v2\/users\/1"}],"replies":[{"embeddable":true,"href":"https:\/\/www.kinanen.fi\/nukkekoti\/wp-json\/wp\/v2\/comments?post=3651"}],"version-history":[{"count":7,"href":"https:\/\/www.kinanen.fi\/nukkekoti\/wp-json\/wp\/v2\/posts\/3651\/revisions"}],"predecessor-version":[{"id":3666,"href":"https:\/\/www.kinanen.fi\/nukkekoti\/wp-json\/wp\/v2\/posts\/3651\/revisions\/3666"}],"wp:attachment":[{"href":"https:\/\/www.kinanen.fi\/nukkekoti\/wp-json\/wp\/v2\/media?parent=3651"}],"wp:term":[{"taxonomy":"category","embeddable":true,"href":"https:\/\/www.kinanen.fi\/nukkekoti\/wp-json\/wp\/v2\/categories?post=3651"},{"taxonomy":"post_tag","embeddable":true,"href":"https:\/\/www.kinanen.fi\/nukkekoti\/wp-json\/wp\/v2\/tags?post=3651"}],"curies":[{"name":"wp","href":"https:\/\/api.w.org\/{rel}","templated":true}]}}