{"id":3710,"date":"2011-11-28T06:00:35","date_gmt":"2011-11-28T04:00:35","guid":{"rendered":"http:\/\/kinanen.fi\/wordpress\/?p=3710"},"modified":"2011-10-30T16:46:37","modified_gmt":"2011-10-30T14:46:37","slug":"28-11-sukkia-ja-glogia","status":"publish","type":"post","link":"https:\/\/www.kinanen.fi\/nukkekoti\/28-11-sukkia-ja-glogia\/","title":{"rendered":"28.11. Sukkia ja gl\u00f6gi\u00e4"},"content":{"rendered":"<p>Huh huh, kyll\u00e4 sit\u00e4 onkin tullut jo kylm\u00e4 ilma! Tuuli tuivertaa ja pakkanenkin jo puraisee kipakasti ulkot\u00f6iss\u00e4.<\/p>\n<p>Ihan t\u00e4ytyy laittaa villasukat jalkaan, ett\u00e4 tarkenee.<\/p>\n<figure id=\"attachment_3857\" aria-describedby=\"caption-attachment-3857\" style=\"width: 500px\" class=\"wp-caption aligncenter\"><a href=\"http:\/\/kinanen.fi\/wordpress\/wp-content\/uploads\/2011\/10\/sukas.jpg\"><img fetchpriority=\"high\" decoding=\"async\" class=\"size-full wp-image-3857\" title=\"sukas\" src=\"http:\/\/kinanen.fi\/wordpress\/wp-content\/uploads\/2011\/10\/sukas.jpg\" alt=\"Sukat\" width=\"500\" height=\"333\" \/><\/a><figcaption id=\"caption-attachment-3857\" class=\"wp-caption-text\">Sukat<\/figcaption><\/figure>\n<p>Iso\u00e4idin kutomat sukat ovat palvelleet jo monet ajat. Oikeastaan ilman niit\u00e4 ei tahdo talvikaan edes tulla! Paljon muistoja sis\u00e4ltyy ihan niinkin tavalliseen asiaan kuin sukat. Eevertin k\u00e4ytt\u00e4m\u00e4t sukat on iso\u00e4iti kutonut kun mies kerran palasi joulun alla kotipuoleen retkilt\u00e4\u00e4n. Taisi miesparan pottuvarvas pilkottaa sukista ja siit\u00e4 riemastuneena iso\u00e4iti ryhtyi samoin tein kutomaan villasukkia merimiespolon jalkoihin. L\u00e4mm\u00f6ll\u00e4 ja rakkaudella tehdyt. Ja niit\u00e4 sukkia Eevert arvostikin oikein kovasti. N\u00e4ihin samoihin aikoihin ne otettiin joka vuosi esille. Joulusukat.<\/p>\n<p>&nbsp;<\/p>\n<p>Eteisen joulusukka laatikosta leijaili lattialle pieni muistilappu. Mit\u00e4h\u00e4n siin\u00e4 mahtaa olla. Eevert poimi lapun lattialta ja tutkaili sit\u00e4 tarkkaan. Niinp\u00e4 tietenkin! Nyt on l\u00e4hdett\u00e4v\u00e4 kellariin tutkimaan mehupulloja ihan hetimiten.Eevert nappaa naulakosta esiliinan eteens\u00e4 ja ryhtyy tutkimaan muistilappua.<\/p>\n<figure id=\"attachment_3861\" aria-describedby=\"caption-attachment-3861\" style=\"width: 427px\" class=\"wp-caption aligncenter\"><a href=\"http:\/\/kinanen.fi\/wordpress\/wp-content\/uploads\/2011\/11\/ohje2.jpg\"><img decoding=\"async\" class=\"size-full wp-image-3861\" title=\"ohje2\" src=\"http:\/\/kinanen.fi\/wordpress\/wp-content\/uploads\/2011\/11\/ohje2.jpg\" alt=\"Ohjelappu\" width=\"427\" height=\"640\" \/><\/a><figcaption id=\"caption-attachment-3861\" class=\"wp-caption-text\">Ohjeita menneisyydest\u00e4<\/figcaption><\/figure>\n<p>&nbsp;<\/p>\n<p>Miten sit\u00e4 onkaan unohtanut jotakin niin t\u00e4rke\u00e4\u00e4\u2026 Sen j\u00e4lkeen kuuluu keitti\u00f6ss\u00e4 tohinan \u00e4\u00e4ni\u00e4 ja mausteinen tuoksu levi\u00e4\u00e4 taloon. Ainakin kanelia ja neilikkaa&#8230; Hmmm&#8230;.. l\u00f6ytyyk\u00f6h\u00e4n kaikkia tarvittavia keitti\u00f6n kaapista?<\/p>\n<p>&nbsp;<\/p>\n<figure id=\"attachment_3862\" aria-describedby=\"caption-attachment-3862\" style=\"width: 500px\" class=\"wp-caption aligncenter\"><a href=\"http:\/\/kinanen.fi\/wordpress\/wp-content\/uploads\/2011\/11\/ohje.jpg\"><img decoding=\"async\" class=\"size-full wp-image-3862\" title=\"ohje\" src=\"http:\/\/kinanen.fi\/wordpress\/wp-content\/uploads\/2011\/11\/ohje.jpg\" alt=\"Iso\u00e4idin ohje\" width=\"500\" height=\"476\" \/><\/a><figcaption id=\"caption-attachment-3862\" class=\"wp-caption-text\">Iso\u00e4idin ohje<\/figcaption><\/figure>\n<p>&nbsp;<\/p>\n<p>Eik\u00e4 siin\u00e4 keitokset kovin kauaa ehdi maustua, kun jo ensimm\u00e4si\u00e4 kuumia juomia maistellaan. Seisoessaan joitakin p\u00e4ivi\u00e4 mehu maustuu entisest\u00e4\u00e4n, mutta hyvin tuntuu uppoavan n\u00e4in tuoreeltaankin. Kaappien k\u00e4tk\u00f6iss\u00e4 oli viel\u00e4 muutama piparikin gl\u00f6gin seuraksi. Miten sin\u00e4 nautit gl\u00f6gisi, jos se sinun joulun aikaasi kuuluu?<\/p>\n<p>&nbsp;<\/p>\n<figure id=\"attachment_3858\" aria-describedby=\"caption-attachment-3858\" style=\"width: 500px\" class=\"wp-caption aligncenter\"><a href=\"http:\/\/kinanen.fi\/wordpress\/wp-content\/uploads\/2011\/10\/Gl%C3%B6gi.jpg\"><img loading=\"lazy\" decoding=\"async\" class=\"size-full wp-image-3858\" title=\"Gl\u00f6gi\" src=\"http:\/\/kinanen.fi\/wordpress\/wp-content\/uploads\/2011\/10\/Gl%C3%B6gi.jpg\" alt=\"Gl\u00f6gi-hetki\" width=\"500\" height=\"559\" \/><\/a><figcaption id=\"caption-attachment-3858\" class=\"wp-caption-text\">Gl\u00f6gi-hetki<\/figcaption><\/figure>\n<p>&nbsp;<\/p>\n<p>L\u00e4mmitt\u00e4v\u00e4, aromikas mehujuoma. Ei paljon palellut Eeverti\u00e4 pikkupoikana kun sit\u00e4 sai. Ja taisi olla niinkin, ett\u00e4 monesti ihan vain tuli teeskennelty\u00e4 palelevansa siin\u00e4 toivossa, ett\u00e4 iso\u00e4iti ojentaisi h\u00f6yry\u00e4v\u00e4n mukin vieraalle. Gl\u00f6gikauden avajaiset olivat aina perheess\u00e4 merkitt\u00e4v\u00e4 hetki. Usein se ajottui adventin aikaan, mutta onpa kausi alkanut joskus jo lokakuussa. Silloin on joku perheest\u00e4 valitellut kurkkukipua ja vilunv\u00e4reit\u00e4. Silloin mainio maustejuoma on valmistettu ja nautittu l\u00e4\u00e4kkeeksi. ja joka kerta se on ollut suureksi avuksi \ud83d\ude09<\/p>\n<p>&nbsp;<\/p>\n<p>Paperilappusessa oli tallennettuna iso\u00e4idin salainen gl\u00f6gi-ohje:<\/p>\n<p>6\u00a0dl mustaherukkamehua (itse tehty\u00e4, tietenkin, omin k\u00e4sin poimituista marjoista)<\/p>\n<p>2\u00a0dl vett\u00e4<\/p>\n<p>7 kokonaista neilikkaa<\/p>\n<p>1\u00a0tl kokonaista kardemummaa<\/p>\n<p>kunnon pala inkiv\u00e4\u00e4ri\u00e4<\/p>\n<p>1-2 kanelitankoa<\/p>\n<p>200\u00a0g fariinisokeria, jos mehu sokeritonta<\/p>\n<p>&nbsp;<\/p>\n<p>Juoman sekaan viel\u00e4 pari mantelia ja rusinaa ja vot!<\/p>\n","protected":false},"excerpt":{"rendered":"<p>Huh huh, kyll\u00e4 sit\u00e4 onkin tullut jo kylm\u00e4 ilma! Tuuli tuivertaa ja pakkanenkin jo puraisee kipakasti ulkot\u00f6iss\u00e4. Ihan t\u00e4ytyy laittaa villasukat jalkaan, ett\u00e4 tarkenee. Iso\u00e4idin kutomat sukat ovat palvelleet jo monet ajat. Oikeastaan ilman niit\u00e4 ei tahdo talvikaan edes tulla! Paljon muistoja sis\u00e4ltyy ihan niinkin tavalliseen asiaan kuin sukat. Eevertin k\u00e4ytt\u00e4m\u00e4t sukat on iso\u00e4iti kutonut [&hellip;]<\/p>\n","protected":false},"author":1,"featured_media":0,"comment_status":"open","ping_status":"open","sticky":false,"template":"","format":"standard","meta":{"footnotes":""},"categories":[],"tags":[],"class_list":["post-3710","post","type-post","status-publish","format-standard","hentry"],"_links":{"self":[{"href":"https:\/\/www.kinanen.fi\/nukkekoti\/wp-json\/wp\/v2\/posts\/3710","targetHints":{"allow":["GET"]}}],"collection":[{"href":"https:\/\/www.kinanen.fi\/nukkekoti\/wp-json\/wp\/v2\/posts"}],"about":[{"href":"https:\/\/www.kinanen.fi\/nukkekoti\/wp-json\/wp\/v2\/types\/post"}],"author":[{"embeddable":true,"href":"https:\/\/www.kinanen.fi\/nukkekoti\/wp-json\/wp\/v2\/users\/1"}],"replies":[{"embeddable":true,"href":"https:\/\/www.kinanen.fi\/nukkekoti\/wp-json\/wp\/v2\/comments?post=3710"}],"version-history":[{"count":5,"href":"https:\/\/www.kinanen.fi\/nukkekoti\/wp-json\/wp\/v2\/posts\/3710\/revisions"}],"predecessor-version":[{"id":3863,"href":"https:\/\/www.kinanen.fi\/nukkekoti\/wp-json\/wp\/v2\/posts\/3710\/revisions\/3863"}],"wp:attachment":[{"href":"https:\/\/www.kinanen.fi\/nukkekoti\/wp-json\/wp\/v2\/media?parent=3710"}],"wp:term":[{"taxonomy":"category","embeddable":true,"href":"https:\/\/www.kinanen.fi\/nukkekoti\/wp-json\/wp\/v2\/categories?post=3710"},{"taxonomy":"post_tag","embeddable":true,"href":"https:\/\/www.kinanen.fi\/nukkekoti\/wp-json\/wp\/v2\/tags?post=3710"}],"curies":[{"name":"wp","href":"https:\/\/api.w.org\/{rel}","templated":true}]}}