{"id":3744,"date":"2011-12-15T06:00:39","date_gmt":"2011-12-15T04:00:39","guid":{"rendered":"http:\/\/kinanen.fi\/wordpress\/?p=3744"},"modified":"2011-12-15T13:28:14","modified_gmt":"2011-12-15T11:28:14","slug":"15-12-kirjeita-joulupukille","status":"publish","type":"post","link":"https:\/\/www.kinanen.fi\/nukkekoti\/15-12-kirjeita-joulupukille\/","title":{"rendered":"15.12. Kirjeit\u00e4 joulupukille"},"content":{"rendered":"<p>Joulun alla tulee aina siivota. Niin oli \u00e4iti jo aikanaan antanut esikuvaa pojalleen. Kaapit ja hyllyt tuli laittaa j\u00e4rjestykseen ja salin kattokruunukin pest\u00e4 jokaista pikkuosaa my\u00f6ten. Jotakin on \u00e4idin opeista Eevertille periytynyt, vaikka mies ei ollut poikasenakaan ymm\u00e4rt\u00e4nyt, ett\u00e4 miksi ne kaapit piti niin tarkaan asetella. K\u00e4vik\u00f6 se joulupukki niit\u00e4 tarkastelemassa?<\/p>\n<p>Kaappeihin Eevert ei juuri puutu, mutta kirjahyllyn h\u00e4n usein puhdistaa syksyisin. Nyt ty\u00f6 on j\u00e4\u00e4nyt n\u00e4ihin p\u00e4iviin saakka. Kirjat ovat rakkaita ja hell\u00e4sti h\u00e4n ne ottaakin hyllyst\u00e4 ja puhdistaa p\u00f6lyst\u00e4. Joskus on ihan pakko kurkistaa v\u00e4h\u00e4n sis\u00e4llekin, ik\u00e4\u00e4n kuin tarkistaakseen ett\u00e4 tarina on viel\u00e4 tallella. Hassu mies.<\/p>\n<p>&nbsp;<\/p>\n<figure id=\"attachment_4026\" aria-describedby=\"caption-attachment-4026\" style=\"width: 500px\" class=\"wp-caption aligncenter\"><a href=\"http:\/\/kinanen.fi\/wordpress\/wp-content\/uploads\/2011\/11\/Kirjat2.jpg\"><img fetchpriority=\"high\" decoding=\"async\" class=\"size-full wp-image-4026\" title=\"Kirjat2\" src=\"http:\/\/kinanen.fi\/wordpress\/wp-content\/uploads\/2011\/11\/Kirjat2.jpg\" alt=\"P\u00f6lyjen putsaus\" width=\"500\" height=\"566\" \/><\/a><figcaption id=\"caption-attachment-4026\" class=\"wp-caption-text\">P\u00f6lyjen putsaus<\/figcaption><\/figure>\n<p>&nbsp;<\/p>\n<p>Punainen pikkukirja on vuorossa. Hyv\u00e4nen aika! T\u00e4m\u00e4h\u00e4n on se valloittava joulukirja jonka Eevert muisti saaneensa er\u00e4\u00e4lt\u00e4 sukulaist\u00e4dilt\u00e4\u00e4n reissuun l\u00e4htiess\u00e4\u00e4n er\u00e4\u00e4n\u00e4 syksyn\u00e4. Mainio kirja olikin ja \u00e4kki\u00e4 mies onkin jo t\u00e4ysin uppoutunut tarinan maailmaan.<\/p>\n<p>Kirjeit\u00e4 joulupukilta \u2013 tunnetko kirjan?<\/p>\n<p>&nbsp;<\/p>\n<figure id=\"attachment_4027\" aria-describedby=\"caption-attachment-4027\" style=\"width: 500px\" class=\"wp-caption aligncenter\"><a href=\"http:\/\/kinanen.fi\/wordpress\/wp-content\/uploads\/2011\/11\/Kirjat.jpg\"><img decoding=\"async\" class=\"size-full wp-image-4027\" title=\"Kirjat\" src=\"http:\/\/kinanen.fi\/wordpress\/wp-content\/uploads\/2011\/11\/Kirjat.jpg\" alt=\"Kirjeit\u00e4 Joulupukilta\" width=\"500\" height=\"333\" \/><\/a><figcaption id=\"caption-attachment-4027\" class=\"wp-caption-text\">Kirjeit\u00e4 Joulupukilta<\/figcaption><\/figure>\n<p>&nbsp;<\/p>\n<p>Kirjassa on hurmaavia ja humoristisia kirjeit\u00e4, joita J. R. R. Tolkien kirjoitti ja kuvitti omille lapsilleen Joulupukkina.<br \/>\nEnsimm\u00e4iset kirjeet ovat vuodelta 1920, kun perheen esikoinen oli kolmevuotias. Pukin kirjeet saapuivat jouluisin yli 20 vuoden ajan. Ne l\u00f6ytyiv\u00e4t aina aamuisin talosta tai sen l\u00e4hist\u00f6lt\u00e4 lumisina ja Pohjoisnapa-leimoin varustettuina.<br \/>\nKirjeiss\u00e4 Joulupukki kertoo el\u00e4m\u00e4st\u00e4\u00e4n Pohjoisnavalla ja yrityksist\u00e4\u00e4n pysy\u00e4 joulun aikataulussa merkitt\u00e4v\u00e4n apulaisensa, Karhun avulla. Vuosien my\u00f6t\u00e4 Joulupukin l\u00e4hipiirikin laajenee ja kirjeiss\u00e4 esiintyy muitakin satumaisia hahmoja, kuten lumitonttuja, luolakarhuja ja punamennink\u00e4isi\u00e4 sek\u00e4 Karhun veljenpojat Paksu ja Valkotukka.\u00a0 Kirjoittajana on useimmiten Joulupukki itse, mutta mukana on my\u00f6s viestej\u00e4 h\u00e4nen sihteeritontultaan ja reunahuomautuksia my\u00f6s Karhulta silloin kun Joulupukki on ollut kiireinen tai ei ole kertonut ihan kaikkea tarpeellista.<\/p>\n<p>Hetkess\u00e4 Eevert on siirt\u00e4nyt krjan takan eteen lukutuolinsa viereen pikkup\u00f6yd\u00e4lle.<\/p>\n<p>&nbsp;<\/p>\n<figure id=\"attachment_4028\" aria-describedby=\"caption-attachment-4028\" style=\"width: 500px\" class=\"wp-caption aligncenter\"><a href=\"http:\/\/kinanen.fi\/wordpress\/wp-content\/uploads\/2011\/11\/Kirjat4.jpg\"><img decoding=\"async\" class=\"size-full wp-image-4028\" title=\"Kirjat4\" src=\"http:\/\/kinanen.fi\/wordpress\/wp-content\/uploads\/2011\/11\/Kirjat4.jpg\" alt=\"Lukuhetki\" width=\"500\" height=\"457\" \/><\/a><figcaption id=\"caption-attachment-4028\" class=\"wp-caption-text\">Lukuhetki<\/figcaption><\/figure>\n<p>Kirjan kanssa vier\u00e4ht\u00e4\u00e4kin hetki jos toinenkin. Taitaa j\u00e4\u00e4d\u00e4 t\u00e4ll\u00e4 kertaa loppu hylly siivoamatta. Voi sit\u00e4 Eeverti\u00e4!<\/p>\n<p>Tunnetko sin\u00e4 Joulupukin? Eevertin sukulaistyt\u00f6ll\u00e4 on erityisen hyv\u00e4t suhteet joulupukkiin ja mielell\u00e4\u00e4n aina kertoilee Joulupukin Kammarin tapahtumia. T\u00e4ll\u00e4 hetkell\u00e4 siell\u00e4 jo kovaa kyyti\u00e4 luetaan lasten kirjeit\u00e4 joulupukille. Kurkkaa vaikka klikkaamalla kuvaa, kuinka Kammarissa niin kirjeet kuin lapsetkin vierailevat.<\/p>\n<figure id=\"attachment_4029\" aria-describedby=\"caption-attachment-4029\" style=\"width: 500px\" class=\"wp-caption aligncenter\"><a href=\"http:\/\/www.ustream.tv\/channel\/santaclauslive-inside-cam\" target=\"_blank\"><img loading=\"lazy\" decoding=\"async\" class=\"size-full wp-image-4029\" title=\"Joulupukki\" src=\"http:\/\/kinanen.fi\/wordpress\/wp-content\/uploads\/2011\/11\/Joulupukki.jpg\" alt=\"Joulupukin Kammarissa\" width=\"500\" height=\"332\" \/><\/a><figcaption id=\"caption-attachment-4029\" class=\"wp-caption-text\">Joulupukin Kammarissa<\/figcaption><\/figure>\n<p>&nbsp;<\/p>\n<p>Jaa-a, sit\u00e4 t\u00e4ytyykin varmaan ruveta kirjoittamaan joulupukille! Tuumii Eevert tuntien p\u00e4\u00e4st\u00e4. Joko sin\u00e4 olet kirjoittanut pukille?<\/p>\n<p>Ja jos et viel\u00e4 ole pukille kirjoittanut, niin k\u00e4tevimmin se k\u00e4y klikkaamalla <a title=\"Kirje pukille\" href=\"http:\/\/www.santaclauslive.com\/main.php?link=kirjoita_joulupukille&amp;kieli=fin \" target=\"_blank\">T\u00c4ST\u00c4<\/a><\/p>\n<p>Pukin pihalle p\u00e4\u00e4set klikkaamalla <a href=\"http:\/\/www.ustream.tv\/channel\/santaclauslive-outside-cam#utm_campaign=synclickback&amp;source=http:\/\/www.santaclauslive.com\/main.php?link=santa_claus_live&amp;kieli=fin&amp;pid=3\/&amp;medium=2025717\" target=\"_blank\">T\u00c4ST\u00c4<\/a><\/p>\n<p>Ja nyt p\u00e4\u00e4see kurkkaamaan my\u00f6s Joulupukin kotiin! Oletko jo tutustunut. Kurkkaa <a href=\"http:\/\/www.santasresort.fi\/\" target=\"_blank\">T\u00c4NNE.<\/a><\/p>\n<p>Aiheeseen liittyv\u00e4 lehtijuttukin l\u00f6ytyy <a href=\"http:\/\/www.mtv3.fi\/uutiset\/kotimaa.shtml\/2011\/12\/1460469\/joulupukille-nousi-hulppea-tukikohta-lappiin\" target=\"_blank\">KLIK<\/a><a href=\"http:\/\/www.santasresort.fi\/\" target=\"_blank\"><br \/>\n<\/a><\/p>\n<p>Melkoista klikkailua kuuluukin nyt Eevertin talosta. Joulu ja joulupukki taitaa saada miehen ihan villiksi \ud83d\ude00<\/p>\n<p>&nbsp;<\/p>\n","protected":false},"excerpt":{"rendered":"<p>Joulun alla tulee aina siivota. Niin oli \u00e4iti jo aikanaan antanut esikuvaa pojalleen. Kaapit ja hyllyt tuli laittaa j\u00e4rjestykseen ja salin kattokruunukin pest\u00e4 jokaista pikkuosaa my\u00f6ten. Jotakin on \u00e4idin opeista Eevertille periytynyt, vaikka mies ei ollut poikasenakaan ymm\u00e4rt\u00e4nyt, ett\u00e4 miksi ne kaapit piti niin tarkaan asetella. K\u00e4vik\u00f6 se joulupukki niit\u00e4 tarkastelemassa? Kaappeihin Eevert ei juuri [&hellip;]<\/p>\n","protected":false},"author":1,"featured_media":0,"comment_status":"open","ping_status":"open","sticky":false,"template":"","format":"standard","meta":{"footnotes":""},"categories":[],"tags":[],"class_list":["post-3744","post","type-post","status-publish","format-standard","hentry"],"_links":{"self":[{"href":"https:\/\/www.kinanen.fi\/nukkekoti\/wp-json\/wp\/v2\/posts\/3744","targetHints":{"allow":["GET"]}}],"collection":[{"href":"https:\/\/www.kinanen.fi\/nukkekoti\/wp-json\/wp\/v2\/posts"}],"about":[{"href":"https:\/\/www.kinanen.fi\/nukkekoti\/wp-json\/wp\/v2\/types\/post"}],"author":[{"embeddable":true,"href":"https:\/\/www.kinanen.fi\/nukkekoti\/wp-json\/wp\/v2\/users\/1"}],"replies":[{"embeddable":true,"href":"https:\/\/www.kinanen.fi\/nukkekoti\/wp-json\/wp\/v2\/comments?post=3744"}],"version-history":[{"count":12,"href":"https:\/\/www.kinanen.fi\/nukkekoti\/wp-json\/wp\/v2\/posts\/3744\/revisions"}],"predecessor-version":[{"id":4220,"href":"https:\/\/www.kinanen.fi\/nukkekoti\/wp-json\/wp\/v2\/posts\/3744\/revisions\/4220"}],"wp:attachment":[{"href":"https:\/\/www.kinanen.fi\/nukkekoti\/wp-json\/wp\/v2\/media?parent=3744"}],"wp:term":[{"taxonomy":"category","embeddable":true,"href":"https:\/\/www.kinanen.fi\/nukkekoti\/wp-json\/wp\/v2\/categories?post=3744"},{"taxonomy":"post_tag","embeddable":true,"href":"https:\/\/www.kinanen.fi\/nukkekoti\/wp-json\/wp\/v2\/tags?post=3744"}],"curies":[{"name":"wp","href":"https:\/\/api.w.org\/{rel}","templated":true}]}}