{"id":3748,"date":"2011-12-17T06:00:35","date_gmt":"2011-12-17T04:00:35","guid":{"rendered":"http:\/\/kinanen.fi\/wordpress\/?p=3748"},"modified":"2011-12-17T08:39:33","modified_gmt":"2011-12-17T06:39:33","slug":"17-12-jouluseimi","status":"publish","type":"post","link":"https:\/\/www.kinanen.fi\/nukkekoti\/17-12-jouluseimi\/","title":{"rendered":"17.12. Jouluseimi"},"content":{"rendered":"<p>Jouluntuojista Eevertille t\u00e4rke\u00e4 on jouluseimi. Hyviss\u00e4 ajoin seimen aihiot otetaan esille ja pikkuhiljaa joulua kohden kuljettaessa se saa sis\u00e4lt\u00f6\u00e4 eri hahmoista ja muistoista jotka hahmoihin usein liittyv\u00e4t.<\/p>\n<p>Niin on nytkin Eevert etsinyt k\u00e4tk\u00f6ist\u00e4\u00e4n vanhan puisen tallin, jota hell\u00e4sti puhdistelee vuoden p\u00f6lyist\u00e4.<\/p>\n<p>&nbsp;<\/p>\n<figure id=\"attachment_3992\" aria-describedby=\"caption-attachment-3992\" style=\"width: 500px\" class=\"wp-caption aligncenter\"><a href=\"http:\/\/kinanen.fi\/wordpress\/wp-content\/uploads\/2011\/11\/Seimi.jpg\"><img fetchpriority=\"high\" decoding=\"async\" class=\"size-full wp-image-3992\" title=\"Seimi\" src=\"http:\/\/kinanen.fi\/wordpress\/wp-content\/uploads\/2011\/11\/Seimi.jpg\" alt=\"Vanhan seimen puhdistus\" width=\"500\" height=\"606\" \/><\/a><figcaption id=\"caption-attachment-3992\" class=\"wp-caption-text\">Vanhan seimen puhdistus<\/figcaption><\/figure>\n<p>&nbsp;<\/p>\n<p>Maailmalla seilatessaan Eevert on p\u00e4\u00e4ssyt ihastelemaan monia asetelmia. Varsinkin katolisissa maissa seimet ovat olleet hyvin keskeisi\u00e4 joulun sanoman \u00e4\u00e4relle johdattelijoita. Kotiseimet ovat yleistyneet vasta paljon my\u00f6hemmin.<\/p>\n<p>Joulun alla Eevertin on ollut tapana rakennella jotakin pient\u00e4 lis\u00e4\u00e4 tai uudelleen omaan seimeens\u00e4. Hahmot ovat vaihtuneet vuosien saatossa, mutta jotakin merkitt\u00e4vi\u00e4 muistoja s\u00e4ilyy vuosi toisensa j\u00e4lkeen esiin otettavissa osasissa. Lapsuuden pikkuinen \u2013 paljon leikitty \u2013 aasi on sellainen. Resu-Aasiksi sit\u00e4 ovat sukulaislapset kutsuneet viimeaikoina. Hell\u00e4sti eevert ottaa pikku-aasin k\u00e4teens\u00e4 ja katselee sit\u00e4 ajatuksissaan.<\/p>\n<p>&nbsp;<\/p>\n<figure id=\"attachment_3993\" aria-describedby=\"caption-attachment-3993\" style=\"width: 500px\" class=\"wp-caption aligncenter\"><a href=\"http:\/\/kinanen.fi\/wordpress\/wp-content\/uploads\/2011\/11\/Aasi.jpg\"><img decoding=\"async\" class=\"size-full wp-image-3993\" title=\"Aasi\" src=\"http:\/\/kinanen.fi\/wordpress\/wp-content\/uploads\/2011\/11\/Aasi.jpg\" alt=\"Resu-aasi\" width=\"500\" height=\"484\" \/><\/a><figcaption id=\"caption-attachment-3993\" class=\"wp-caption-text\">Resu-aasi<\/figcaption><\/figure>\n<p>&nbsp;<\/p>\n<p>Aina jostakin se vilahtaa joulun aikaan. Aasilla olikin merkitt\u00e4v\u00e4 teht\u00e4v\u00e4 silloin kauan sitten kun kertomus joulun synnyst\u00e4 alkaa. Ties millaisia aarteita el\u00e4m\u00e4\u00e4mme liittyy, vaikka emme itse huomaisikaan olevamme\u00a0 rikkauksien keskell\u00e4. Sellaisia aaseja olemme varmaan kaikki, naurahtaa Eevert ja tarkastaa ett\u00e4 pikkuaasin saumat ovat hyvin kiinni eik\u00e4 puruja p\u00e4\u00e4se valumaan pois. Hyv\u00e4 olikin tarkastaa, sill\u00e4 nyt on hyv\u00e4t neuvot tarpeen! Aasin pikkujalka ei voi ollenkaan hyvin. T\u00e4ytyy varmaan olla yhteydess\u00e4 nalle-tohtoriin, jos vaikka h\u00e4n osaisi auttaa n\u00e4in vakavassa ongelmassa.<\/p>\n<p>&nbsp;<\/p>\n<figure id=\"attachment_3994\" aria-describedby=\"caption-attachment-3994\" style=\"width: 498px\" class=\"wp-caption aligncenter\"><a href=\"http:\/\/kinanen.fi\/wordpress\/wp-content\/uploads\/2011\/11\/Aasi2.jpg\"><img decoding=\"async\" class=\"size-full wp-image-3994\" title=\"Aasi2\" src=\"http:\/\/kinanen.fi\/wordpress\/wp-content\/uploads\/2011\/11\/Aasi2.jpg\" alt=\"Aasin vamma\" width=\"498\" height=\"374\" \/><\/a><figcaption id=\"caption-attachment-3994\" class=\"wp-caption-text\">Aasin vamma<\/figcaption><\/figure>\n<p>&nbsp;<\/p>\n<p>Ammottava avohaava on varastoinnissa syntynyt aasin jalkaan. Ei tuolla jalalla kyll\u00e4 taakooja en\u00e4\u00e4 kanneta! Voi, voi pient\u00e4 aasia.<\/p>\n<p>Miten mahtaa olla muiden hahmojen laita?<\/p>\n<p>Ne n\u00e4ytt\u00e4v\u00e4t olevan kunnossa, kunhan p\u00f6lyj\u00e4 hieman puhdistaa p\u00e4\u00e4lt\u00e4.<\/p>\n<p>&nbsp;<\/p>\n<figure id=\"attachment_3995\" aria-describedby=\"caption-attachment-3995\" style=\"width: 500px\" class=\"wp-caption aligncenter\"><a href=\"http:\/\/kinanen.fi\/wordpress\/wp-content\/uploads\/2011\/11\/Seimi2.jpg\"><img loading=\"lazy\" decoding=\"async\" class=\"size-full wp-image-3995\" title=\"Seimi2\" src=\"http:\/\/kinanen.fi\/wordpress\/wp-content\/uploads\/2011\/11\/Seimi2.jpg\" alt=\"Seimen hahmot\" width=\"500\" height=\"342\" \/><\/a><figcaption id=\"caption-attachment-3995\" class=\"wp-caption-text\">Seimen hahmot<\/figcaption><\/figure>\n<p>&nbsp;<\/p>\n<p>Pian on seimi puhdistettu, uudet villat lattialle levitettyn\u00e4 ja valmiina vastaanottamaan kulkijoita p\u00e4ivien edetess\u00e4, kunhan pikku-aasi saadaan viel\u00e4 kuntoon.<\/p>\n<p>Erilaisiin jouluseimiin Eevert p\u00e4\u00e4tt\u00e4\u00e4 tutustua kaupunkimatkallaan ihan pian. P\u00e4\u00e4kaupunkiin vie miehen tie. Siell\u00e4 sit\u00e4 onkin paljon n\u00e4ht\u00e4v\u00e4\u00e4. Yhten\u00e4 p\u00e4\u00e4m\u00e4\u00e4r\u00e4n\u00e4 kuitenkin k\u00e4yd\u00e4 katsomassa millaisia asetelmia eri puolilla maailmaa on tehty. Paljon taidokasta k\u00e4sity\u00f6t\u00e4 Eevert on n\u00e4hnyt aikaisempina vuosina kierrelless\u00e4\u00e4n seimipaikkoja. Ei malta j\u00e4tt\u00e4\u00e4 t\u00e4n\u00e4k\u00e4\u00e4n vuonna v\u00e4liin. Jos haluat Eevertin matkaan niin kurkkaa <a href=\"http:\/\/uskotoivorakkaus.fi\/jouluseimet\/helsingin-jouluseimet-2011\" target=\"_blank\">T\u00c4NNE.<\/a><\/p>\n<p>&nbsp;<\/p>\n","protected":false},"excerpt":{"rendered":"<p>Jouluntuojista Eevertille t\u00e4rke\u00e4 on jouluseimi. Hyviss\u00e4 ajoin seimen aihiot otetaan esille ja pikkuhiljaa joulua kohden kuljettaessa se saa sis\u00e4lt\u00f6\u00e4 eri hahmoista ja muistoista jotka hahmoihin usein liittyv\u00e4t. Niin on nytkin Eevert etsinyt k\u00e4tk\u00f6ist\u00e4\u00e4n vanhan puisen tallin, jota hell\u00e4sti puhdistelee vuoden p\u00f6lyist\u00e4. &nbsp; &nbsp; Maailmalla seilatessaan Eevert on p\u00e4\u00e4ssyt ihastelemaan monia asetelmia. Varsinkin katolisissa maissa seimet [&hellip;]<\/p>\n","protected":false},"author":1,"featured_media":0,"comment_status":"open","ping_status":"open","sticky":false,"template":"","format":"standard","meta":{"footnotes":""},"categories":[],"tags":[],"class_list":["post-3748","post","type-post","status-publish","format-standard","hentry"],"_links":{"self":[{"href":"https:\/\/www.kinanen.fi\/nukkekoti\/wp-json\/wp\/v2\/posts\/3748","targetHints":{"allow":["GET"]}}],"collection":[{"href":"https:\/\/www.kinanen.fi\/nukkekoti\/wp-json\/wp\/v2\/posts"}],"about":[{"href":"https:\/\/www.kinanen.fi\/nukkekoti\/wp-json\/wp\/v2\/types\/post"}],"author":[{"embeddable":true,"href":"https:\/\/www.kinanen.fi\/nukkekoti\/wp-json\/wp\/v2\/users\/1"}],"replies":[{"embeddable":true,"href":"https:\/\/www.kinanen.fi\/nukkekoti\/wp-json\/wp\/v2\/comments?post=3748"}],"version-history":[{"count":4,"href":"https:\/\/www.kinanen.fi\/nukkekoti\/wp-json\/wp\/v2\/posts\/3748\/revisions"}],"predecessor-version":[{"id":4226,"href":"https:\/\/www.kinanen.fi\/nukkekoti\/wp-json\/wp\/v2\/posts\/3748\/revisions\/4226"}],"wp:attachment":[{"href":"https:\/\/www.kinanen.fi\/nukkekoti\/wp-json\/wp\/v2\/media?parent=3748"}],"wp:term":[{"taxonomy":"category","embeddable":true,"href":"https:\/\/www.kinanen.fi\/nukkekoti\/wp-json\/wp\/v2\/categories?post=3748"},{"taxonomy":"post_tag","embeddable":true,"href":"https:\/\/www.kinanen.fi\/nukkekoti\/wp-json\/wp\/v2\/tags?post=3748"}],"curies":[{"name":"wp","href":"https:\/\/api.w.org\/{rel}","templated":true}]}}